{"id":38711,"date":"2023-02-15T11:53:33","date_gmt":"2023-02-15T14:53:33","guid":{"rendered":"https:\/\/temucotelevision.cl\/web\/?p=38711"},"modified":"2023-02-15T11:53:34","modified_gmt":"2023-02-15T14:53:34","slug":"taller-de-piano-del-21-al-23-de-febrero-con-o-sin-conocimiento","status":"publish","type":"post","link":"https:\/\/temucotelevision.cl\/web\/2023\/02\/15\/taller-de-piano-del-21-al-23-de-febrero-con-o-sin-conocimiento\/","title":{"rendered":"Taller de piano del 21 al 23 de Febrero,\u00a0con o sin conocimiento"},"content":{"rendered":"<div class=\"pvc_clear\"><\/div><p id=\"pvc_stats_38711\" class=\"pvc_stats total_only  \" data-element-id=\"38711\" style=\"\"><i class=\"pvc-stats-icon large\" aria-hidden=\"true\"><svg aria-hidden=\"true\" focusable=\"false\" data-prefix=\"far\" data-icon=\"chart-bar\" role=\"img\" xmlns=\"http:\/\/www.w3.org\/2000\/svg\" viewBox=\"0 0 512 512\" class=\"svg-inline--fa fa-chart-bar fa-w-16 fa-2x\"><path fill=\"currentColor\" d=\"M396.8 352h22.4c6.4 0 12.8-6.4 12.8-12.8V108.8c0-6.4-6.4-12.8-12.8-12.8h-22.4c-6.4 0-12.8 6.4-12.8 12.8v230.4c0 6.4 6.4 12.8 12.8 12.8zm-192 0h22.4c6.4 0 12.8-6.4 12.8-12.8V140.8c0-6.4-6.4-12.8-12.8-12.8h-22.4c-6.4 0-12.8 6.4-12.8 12.8v198.4c0 6.4 6.4 12.8 12.8 12.8zm96 0h22.4c6.4 0 12.8-6.4 12.8-12.8V204.8c0-6.4-6.4-12.8-12.8-12.8h-22.4c-6.4 0-12.8 6.4-12.8 12.8v134.4c0 6.4 6.4 12.8 12.8 12.8zM496 400H48V80c0-8.84-7.16-16-16-16H16C7.16 64 0 71.16 0 80v336c0 17.67 14.33 32 32 32h464c8.84 0 16-7.16 16-16v-16c0-8.84-7.16-16-16-16zm-387.2-48h22.4c6.4 0 12.8-6.4 12.8-12.8v-70.4c0-6.4-6.4-12.8-12.8-12.8h-22.4c-6.4 0-12.8 6.4-12.8 12.8v70.4c0 6.4 6.4 12.8 12.8 12.8z\" class=\"\"><\/path><\/svg><\/i> <img loading=\"lazy\" decoding=\"async\" width=\"16\" height=\"16\" alt=\"Loading\" src=\"https:\/\/temucotelevision.cl\/web\/wp-content\/plugins\/page-views-count\/ajax-loader-2x.gif\" border=0 \/><\/p><div class=\"pvc_clear\"><\/div>\n<p>Taller orientado a alumnos con o sin conocimientos, de piano, en el cual se presentar\u00e1n herramientas para resolver los principales problemas t\u00e9cnicos y metodolog\u00edas de estudio.<\/p>\n\n\n\n<p>-Imparte Richard Navarrete Puchi, interprete en piano con estudios con los pianistas Armands Abols (Letonia), Johanna Horny-Neumann (Rep. Checa) &#8211; Adrian Tanski (Austria), y m\u00e1s&nbsp;de 20 a\u00f1os realizando clases de piano en Escuela de m\u00fasica Papageno.<\/p>\n\n\n\n<p>&#8211; Valor $48.000, incluye 3 d\u00edas de taller&nbsp;+ d\u00eda de evaluaci\u00f3n inicial de nivel.<\/p>\n\n\n\n<p><strong>Horarios de Martes 21 &#8211; Jueves 22 y Viernes 23:<\/strong><\/p>\n\n\n\n<p>&#8211;&nbsp;<strong>Nivel principiante: 10:00 a 11:30 &#8211; 11:45 a 12:15<\/strong><\/p>\n\n\n\n<p><strong>Nivel intermedio: 14:00 a 14:30 &#8211; 14:45 a 16:15<\/strong><\/p>\n\n\n\n<p><strong>Nivel avanzado: 16:30 a 18:00 &#8211; 18:15 a 19:45<\/strong><\/p>\n","protected":false},"excerpt":{"rendered":"<div class=\"pvc_clear\"><\/div>\n<p id=\"pvc_stats_38711\" class=\"pvc_stats total_only  \" data-element-id=\"38711\" style=\"\"><i class=\"pvc-stats-icon large\" aria-hidden=\"true\"><svg aria-hidden=\"true\" focusable=\"false\" data-prefix=\"far\" data-icon=\"chart-bar\" role=\"img\" xmlns=\"http:\/\/www.w3.org\/2000\/svg\" viewBox=\"0 0 512 512\" class=\"svg-inline--fa fa-chart-bar fa-w-16 fa-2x\"><path fill=\"currentColor\" d=\"M396.8 352h22.4c6.4 0 12.8-6.4 12.8-12.8V108.8c0-6.4-6.4-12.8-12.8-12.8h-22.4c-6.4 0-12.8 6.4-12.8 12.8v230.4c0 6.4 6.4 12.8 12.8 12.8zm-192 0h22.4c6.4 0 12.8-6.4 12.8-12.8V140.8c0-6.4-6.4-12.8-12.8-12.8h-22.4c-6.4 0-12.8 6.4-12.8 12.8v198.4c0 6.4 6.4 12.8 12.8 12.8zm96 0h22.4c6.4 0 12.8-6.4 12.8-12.8V204.8c0-6.4-6.4-12.8-12.8-12.8h-22.4c-6.4 0-12.8 6.4-12.8 12.8v134.4c0 6.4 6.4 12.8 12.8 12.8zM496 400H48V80c0-8.84-7.16-16-16-16H16C7.16 64 0 71.16 0 80v336c0 17.67 14.33 32 32 32h464c8.84 0 16-7.16 16-16v-16c0-8.84-7.16-16-16-16zm-387.2-48h22.4c6.4 0 12.8-6.4 12.8-12.8v-70.4c0-6.4-6.4-12.8-12.8-12.8h-22.4c-6.4 0-12.8 6.4-12.8 12.8v70.4c0 6.4 6.4 12.8 12.8 12.8z\" class=\"\"><\/path><\/svg><\/i> <img loading=\"lazy\" decoding=\"async\" width=\"16\" height=\"16\" alt=\"Loading\" src=\"https:\/\/temucotelevision.cl\/web\/wp-content\/plugins\/page-views-count\/ajax-loader-2x.gif\" border=0 \/><\/p>\n<div class=\"pvc_clear\"><\/div>\n<p>Taller orientado a alumnos con o sin conocimientos, de piano, en el cual se presentar\u00e1n herramientas para resolver los principales<\/p>\n","protected":false},"author":1,"featured_media":38712,"comment_status":"open","ping_status":"open","sticky":false,"template":"","format":"standard","meta":{"colormag_page_container_layout":"default_layout","colormag_page_sidebar_layout":"default_layout","footnotes":""},"categories":[86],"tags":[151,6165,872],"class_list":["post-38711","post","type-post","status-publish","format-standard","has-post-thumbnail","hentry","category-panoramas","tag-alumnos","tag-piano","tag-taller"],"a3_pvc":{"activated":true,"total_views":107,"today_views":0},"_links":{"self":[{"href":"https:\/\/temucotelevision.cl\/web\/wp-json\/wp\/v2\/posts\/38711","targetHints":{"allow":["GET"]}}],"collection":[{"href":"https:\/\/temucotelevision.cl\/web\/wp-json\/wp\/v2\/posts"}],"about":[{"href":"https:\/\/temucotelevision.cl\/web\/wp-json\/wp\/v2\/types\/post"}],"author":[{"embeddable":true,"href":"https:\/\/temucotelevision.cl\/web\/wp-json\/wp\/v2\/users\/1"}],"replies":[{"embeddable":true,"href":"https:\/\/temucotelevision.cl\/web\/wp-json\/wp\/v2\/comments?post=38711"}],"version-history":[{"count":1,"href":"https:\/\/temucotelevision.cl\/web\/wp-json\/wp\/v2\/posts\/38711\/revisions"}],"predecessor-version":[{"id":38713,"href":"https:\/\/temucotelevision.cl\/web\/wp-json\/wp\/v2\/posts\/38711\/revisions\/38713"}],"wp:featuredmedia":[{"embeddable":true,"href":"https:\/\/temucotelevision.cl\/web\/wp-json\/wp\/v2\/media\/38712"}],"wp:attachment":[{"href":"https:\/\/temucotelevision.cl\/web\/wp-json\/wp\/v2\/media?parent=38711"}],"wp:term":[{"taxonomy":"category","embeddable":true,"href":"https:\/\/temucotelevision.cl\/web\/wp-json\/wp\/v2\/categories?post=38711"},{"taxonomy":"post_tag","embeddable":true,"href":"https:\/\/temucotelevision.cl\/web\/wp-json\/wp\/v2\/tags?post=38711"}],"curies":[{"name":"wp","href":"https:\/\/api.w.org\/{rel}","templated":true}]}}