{"id":38702,"date":"2023-02-15T11:15:00","date_gmt":"2023-02-15T14:15:00","guid":{"rendered":"https:\/\/temucotelevision.cl\/web\/?p=38702"},"modified":"2023-02-15T11:15:00","modified_gmt":"2023-02-15T14:15:00","slug":"empresas-de-la-gran-mineria-se-suman-a-la-campana-de-desafio-levantemos-chile-para-la-reconstruccion-de-las-comunas-de-puren-y-vilcun","status":"publish","type":"post","link":"https:\/\/temucotelevision.cl\/web\/2023\/02\/15\/empresas-de-la-gran-mineria-se-suman-a-la-campana-de-desafio-levantemos-chile-para-la-reconstruccion-de-las-comunas-de-puren-y-vilcun\/","title":{"rendered":"Empresas de la gran miner\u00eda se suman a la campa\u00f1a de Desaf\u00edo Levantemos Chile para la reconstrucci\u00f3n de las comunas de Pur\u00e9n y Vilc\u00fan"},"content":{"rendered":"<div class=\"pvc_clear\"><\/div><p id=\"pvc_stats_38702\" class=\"pvc_stats total_only  \" data-element-id=\"38702\" style=\"\"><i class=\"pvc-stats-icon large\" aria-hidden=\"true\"><svg aria-hidden=\"true\" focusable=\"false\" data-prefix=\"far\" data-icon=\"chart-bar\" role=\"img\" xmlns=\"http:\/\/www.w3.org\/2000\/svg\" viewBox=\"0 0 512 512\" class=\"svg-inline--fa fa-chart-bar fa-w-16 fa-2x\"><path fill=\"currentColor\" d=\"M396.8 352h22.4c6.4 0 12.8-6.4 12.8-12.8V108.8c0-6.4-6.4-12.8-12.8-12.8h-22.4c-6.4 0-12.8 6.4-12.8 12.8v230.4c0 6.4 6.4 12.8 12.8 12.8zm-192 0h22.4c6.4 0 12.8-6.4 12.8-12.8V140.8c0-6.4-6.4-12.8-12.8-12.8h-22.4c-6.4 0-12.8 6.4-12.8 12.8v198.4c0 6.4 6.4 12.8 12.8 12.8zm96 0h22.4c6.4 0 12.8-6.4 12.8-12.8V204.8c0-6.4-6.4-12.8-12.8-12.8h-22.4c-6.4 0-12.8 6.4-12.8 12.8v134.4c0 6.4 6.4 12.8 12.8 12.8zM496 400H48V80c0-8.84-7.16-16-16-16H16C7.16 64 0 71.16 0 80v336c0 17.67 14.33 32 32 32h464c8.84 0 16-7.16 16-16v-16c0-8.84-7.16-16-16-16zm-387.2-48h22.4c6.4 0 12.8-6.4 12.8-12.8v-70.4c0-6.4-6.4-12.8-12.8-12.8h-22.4c-6.4 0-12.8 6.4-12.8 12.8v70.4c0 6.4 6.4 12.8 12.8 12.8z\" class=\"\"><\/path><\/svg><\/i> <img loading=\"lazy\" decoding=\"async\" width=\"16\" height=\"16\" alt=\"Loading\" src=\"https:\/\/temucotelevision.cl\/web\/wp-content\/plugins\/page-views-count\/ajax-loader-2x.gif\" border=0 \/><\/p><div class=\"pvc_clear\"><\/div>\n<ul class=\"wp-block-list\"><li>Con una donaci\u00f3n de 1.000 millones de pesos de las empresas socias del Consejo Minero, se construir\u00e1n un total de 50 casas en la regi\u00f3n de la Araucan\u00eda.<\/li><\/ul>\n\n\n\n<p>14 de febrero, 2023. A solo d\u00edas del inicio de los incendios en la zona sur de nuestro pa\u00eds, Desaf\u00edo Levantemos Chile, el Gobierno Regional y empresas socias del Consejo Minero anunciaron su compromiso con la reconstrucci\u00f3n de las casas afectadas en las comunas de Pur\u00e9n y Vilc\u00fan, en la regi\u00f3n de la Araucan\u00eda, a trav\u00e9s de una alianza p\u00fablico privada con el gobierno regional.&nbsp;<\/p>\n\n\n\n<p>El gobernador de la regi\u00f3n de La Araucan\u00eda, Luciano Rivas, coment\u00f3 que \u201ccuando hay emergencias o crisis importantes como la que actualmente vivimos en la regi\u00f3n, debemos actuar r\u00e1pido. Buscamos romper con la burocracia estatal para lograrlo y r\u00e1pidamente nos asociamos con el mundo privado, nos vinculamos y adoptamos un acuerdo para financiar en conjunto la reconstrucci\u00f3n de estas viviendas. Este es un ejemplo de eficiencia y sentido de urgencia. La alianza p\u00fablico-privada bien gestionada, bien administrada, es virtuosa y necesaria&#8221;.<\/p>\n\n\n\n<p>La donaci\u00f3n ser\u00e1 de aproximadamente 2.000 millones de pesos, de los cuales las empresas socias del Consejo Minero aportar\u00e1n con 1.000 millones y el gobierno regional de la Araucan\u00eda con 1.000 millones de pesos adicionales. Las empresas mineras que aportaron econ\u00f3micamente para ir en ayuda de las familias damnificadas fueron: Anglo American, Antofagasta Minerals, Barrick, BHP, Collahuasi, Freeport-McMoRan, Glencore,&nbsp;minera Sierra Gorda SCM y KGHM Chile, y Teck.<\/p>\n\n\n\n<p>El aporte ir\u00e1 a la construcci\u00f3n de 44 viviendas para la comuna de Pur\u00e9n, y 6 en Vilc\u00fan. Cada una de las casas contar\u00e1 con aproximadamente 50m2 y ser\u00e1n una soluci\u00f3n definitiva para las 50 familias damnificadas. Contar\u00e1n con altos est\u00e1ndares de calidad, similar a las 49 casas entregadas en la poblaci\u00f3n Camilo Henriquez de Castro, a menos de un a\u00f1o de la tragedia ocurrida en ese sector.<\/p>\n\n\n\n<p>Sobre la donaci\u00f3n, el Presidente Ejecutivo del Consejo Minero, Joaqu\u00edn Villarino, sostuvo que \u201cdesde la gran miner\u00eda nos sumamos a la tremenda labor solidaria que se est\u00e1 desplegando en la zona centro sur de nuestro pa\u00eds producto de los devastadores incendios que afectan a miles de familias. Desde el inicio de la cat\u00e1strofe, la gran miner\u00eda ha mostrado su compromiso y preocupaci\u00f3n con el futuro de estas familias, lo cual se refleja no solo en el aporte para la reconstrucci\u00f3n de estas viviendas, sino tambi\u00e9n en otras gestiones que van en directo apoyo de las zonas afectadas\u201d.<\/p>\n\n\n\n<p>Por su parte, el director ejecutivo del Desaf\u00edo Levantemos Chile, Ignacio Serrano coment\u00f3 que, &#8220;hoy las alianzas p\u00fablico-privadas han demostrado ser el canal m\u00e1s eficiente frente a este tipo de emergencias. Tanto las empresas que componen el Consejo Minero, como el gobierno regional de la Araucan\u00eda reaccionaron a los pocos d\u00edas del inicio de los incendios y hoy nos permiten poder llegar con una soluci\u00f3n definitiva y eficiente para todos los vecinos de Pur\u00e9n y Vilc\u00fan que lo perdieron todo en esta terrible cat\u00e1strofe. Estamos muy agradecidos de la confianza y compromiso entregado, para que las familias puedan volver a levantarse lo antes posible&#8221;.<\/p>\n\n\n\n<p>Quienes quieran donar para poder ayudar a las familias afectadas o a cualquier acci\u00f3n de Desaf\u00edo Levantemos Chile, deben dirigirse a la p\u00e1gina<a href=\"http:\/\/www.desafiolevantemoschile.org\/\">&nbsp;<\/a><a href=\"http:\/\/www.desafiolevantemoschile.org\/\">www.desafiolevantemoschile.org<\/a><\/p>\n\n\n\n<p>Desaf\u00edo Levantemos Chile ha estado presente en 22 emergencias nacionales, buscando siempre soluciones innovadoras, r\u00e1pidas e inteligentes para asistir al pa\u00eds, que a lo largo de sus casi 13 a\u00f1os han ayudado a m\u00e1s de un mill\u00f3n de chilenos.<\/p>\n\n\n\n<figure class=\"wp-block-image size-large\"><img loading=\"lazy\" decoding=\"async\" width=\"1024\" height=\"683\" src=\"https:\/\/temucotelevision.cl\/web\/wp-content\/uploads\/2023\/02\/Levantemos4-1024x683.jpg\" alt=\"\" class=\"wp-image-38706\" srcset=\"https:\/\/temucotelevision.cl\/web\/wp-content\/uploads\/2023\/02\/Levantemos4-1024x683.jpg 1024w, https:\/\/temucotelevision.cl\/web\/wp-content\/uploads\/2023\/02\/Levantemos4-768x512.jpg 768w, https:\/\/temucotelevision.cl\/web\/wp-content\/uploads\/2023\/02\/Levantemos4-1536x1024.jpg 1536w, https:\/\/temucotelevision.cl\/web\/wp-content\/uploads\/2023\/02\/Levantemos4.jpg 1600w\" sizes=\"auto, (max-width: 1024px) 100vw, 1024px\" \/><\/figure>\n\n\n\n<figure class=\"wp-block-image size-large\"><img loading=\"lazy\" decoding=\"async\" width=\"1024\" height=\"768\" src=\"https:\/\/temucotelevision.cl\/web\/wp-content\/uploads\/2023\/02\/Levantemos3-1-1024x768.jpg\" alt=\"\" class=\"wp-image-38705\" srcset=\"https:\/\/temucotelevision.cl\/web\/wp-content\/uploads\/2023\/02\/Levantemos3-1-1024x768.jpg 1024w, https:\/\/temucotelevision.cl\/web\/wp-content\/uploads\/2023\/02\/Levantemos3-1-768x576.jpg 768w, https:\/\/temucotelevision.cl\/web\/wp-content\/uploads\/2023\/02\/Levantemos3-1-1536x1152.jpg 1536w, https:\/\/temucotelevision.cl\/web\/wp-content\/uploads\/2023\/02\/Levantemos3-1.jpg 1600w\" sizes=\"auto, (max-width: 1024px) 100vw, 1024px\" \/><\/figure>\n\n\n\n<figure class=\"wp-block-image size-large\"><img loading=\"lazy\" decoding=\"async\" width=\"1024\" height=\"683\" src=\"https:\/\/temucotelevision.cl\/web\/wp-content\/uploads\/2023\/02\/Levantemos1-1024x683.jpg\" alt=\"\" class=\"wp-image-38704\" srcset=\"https:\/\/temucotelevision.cl\/web\/wp-content\/uploads\/2023\/02\/Levantemos1-1024x683.jpg 1024w, https:\/\/temucotelevision.cl\/web\/wp-content\/uploads\/2023\/02\/Levantemos1-768x512.jpg 768w, https:\/\/temucotelevision.cl\/web\/wp-content\/uploads\/2023\/02\/Levantemos1-1536x1024.jpg 1536w, https:\/\/temucotelevision.cl\/web\/wp-content\/uploads\/2023\/02\/Levantemos1.jpg 1600w\" sizes=\"auto, (max-width: 1024px) 100vw, 1024px\" \/><\/figure>\n","protected":false},"excerpt":{"rendered":"<div class=\"pvc_clear\"><\/div>\n<p id=\"pvc_stats_38702\" class=\"pvc_stats total_only  \" data-element-id=\"38702\" style=\"\"><i class=\"pvc-stats-icon large\" aria-hidden=\"true\"><svg aria-hidden=\"true\" focusable=\"false\" data-prefix=\"far\" data-icon=\"chart-bar\" role=\"img\" xmlns=\"http:\/\/www.w3.org\/2000\/svg\" viewBox=\"0 0 512 512\" class=\"svg-inline--fa fa-chart-bar fa-w-16 fa-2x\"><path fill=\"currentColor\" d=\"M396.8 352h22.4c6.4 0 12.8-6.4 12.8-12.8V108.8c0-6.4-6.4-12.8-12.8-12.8h-22.4c-6.4 0-12.8 6.4-12.8 12.8v230.4c0 6.4 6.4 12.8 12.8 12.8zm-192 0h22.4c6.4 0 12.8-6.4 12.8-12.8V140.8c0-6.4-6.4-12.8-12.8-12.8h-22.4c-6.4 0-12.8 6.4-12.8 12.8v198.4c0 6.4 6.4 12.8 12.8 12.8zm96 0h22.4c6.4 0 12.8-6.4 12.8-12.8V204.8c0-6.4-6.4-12.8-12.8-12.8h-22.4c-6.4 0-12.8 6.4-12.8 12.8v134.4c0 6.4 6.4 12.8 12.8 12.8zM496 400H48V80c0-8.84-7.16-16-16-16H16C7.16 64 0 71.16 0 80v336c0 17.67 14.33 32 32 32h464c8.84 0 16-7.16 16-16v-16c0-8.84-7.16-16-16-16zm-387.2-48h22.4c6.4 0 12.8-6.4 12.8-12.8v-70.4c0-6.4-6.4-12.8-12.8-12.8h-22.4c-6.4 0-12.8 6.4-12.8 12.8v70.4c0 6.4 6.4 12.8 12.8 12.8z\" class=\"\"><\/path><\/svg><\/i> <img loading=\"lazy\" decoding=\"async\" width=\"16\" height=\"16\" alt=\"Loading\" src=\"https:\/\/temucotelevision.cl\/web\/wp-content\/plugins\/page-views-count\/ajax-loader-2x.gif\" border=0 \/><\/p>\n<div class=\"pvc_clear\"><\/div>\n<p>Con una donaci\u00f3n de 1.000 millones de pesos de las empresas socias del Consejo Minero, se construir\u00e1n un total de<\/p>\n","protected":false},"author":1,"featured_media":38703,"comment_status":"open","ping_status":"open","sticky":false,"template":"","format":"standard","meta":{"colormag_page_container_layout":"default_layout","colormag_page_sidebar_layout":"default_layout","footnotes":""},"categories":[15],"tags":[532,1652,1042,6163,6162],"class_list":["post-38702","post","type-post","status-publish","format-standard","has-post-thumbnail","hentry","category-la-araucania","tag-campana","tag-desafio","tag-empresas","tag-leventemos","tag-mineria"],"a3_pvc":{"activated":true,"total_views":95,"today_views":0},"_links":{"self":[{"href":"https:\/\/temucotelevision.cl\/web\/wp-json\/wp\/v2\/posts\/38702","targetHints":{"allow":["GET"]}}],"collection":[{"href":"https:\/\/temucotelevision.cl\/web\/wp-json\/wp\/v2\/posts"}],"about":[{"href":"https:\/\/temucotelevision.cl\/web\/wp-json\/wp\/v2\/types\/post"}],"author":[{"embeddable":true,"href":"https:\/\/temucotelevision.cl\/web\/wp-json\/wp\/v2\/users\/1"}],"replies":[{"embeddable":true,"href":"https:\/\/temucotelevision.cl\/web\/wp-json\/wp\/v2\/comments?post=38702"}],"version-history":[{"count":1,"href":"https:\/\/temucotelevision.cl\/web\/wp-json\/wp\/v2\/posts\/38702\/revisions"}],"predecessor-version":[{"id":38707,"href":"https:\/\/temucotelevision.cl\/web\/wp-json\/wp\/v2\/posts\/38702\/revisions\/38707"}],"wp:featuredmedia":[{"embeddable":true,"href":"https:\/\/temucotelevision.cl\/web\/wp-json\/wp\/v2\/media\/38703"}],"wp:attachment":[{"href":"https:\/\/temucotelevision.cl\/web\/wp-json\/wp\/v2\/media?parent=38702"}],"wp:term":[{"taxonomy":"category","embeddable":true,"href":"https:\/\/temucotelevision.cl\/web\/wp-json\/wp\/v2\/categories?post=38702"},{"taxonomy":"post_tag","embeddable":true,"href":"https:\/\/temucotelevision.cl\/web\/wp-json\/wp\/v2\/tags?post=38702"}],"curies":[{"name":"wp","href":"https:\/\/api.w.org\/{rel}","templated":true}]}}