{"id":38699,"date":"2023-02-15T11:05:12","date_gmt":"2023-02-15T14:05:12","guid":{"rendered":"https:\/\/temucotelevision.cl\/web\/?p=38699"},"modified":"2023-02-15T11:05:13","modified_gmt":"2023-02-15T14:05:13","slug":"el-rol-comunitario-para-enfrentar-la-escasez-hidrica-red-comunitaria-de-agua-nal-alto","status":"publish","type":"post","link":"https:\/\/temucotelevision.cl\/web\/2023\/02\/15\/el-rol-comunitario-para-enfrentar-la-escasez-hidrica-red-comunitaria-de-agua-nal-alto\/","title":{"rendered":"El rol comunitario para enfrentar la escasez h\u00eddrica: Red Comunitaria de Agua Nal Alto"},"content":{"rendered":"<div class=\"pvc_clear\"><\/div><p id=\"pvc_stats_38699\" class=\"pvc_stats total_only  \" data-element-id=\"38699\" style=\"\"><i class=\"pvc-stats-icon large\" aria-hidden=\"true\"><svg aria-hidden=\"true\" focusable=\"false\" data-prefix=\"far\" data-icon=\"chart-bar\" role=\"img\" xmlns=\"http:\/\/www.w3.org\/2000\/svg\" viewBox=\"0 0 512 512\" class=\"svg-inline--fa fa-chart-bar fa-w-16 fa-2x\"><path fill=\"currentColor\" d=\"M396.8 352h22.4c6.4 0 12.8-6.4 12.8-12.8V108.8c0-6.4-6.4-12.8-12.8-12.8h-22.4c-6.4 0-12.8 6.4-12.8 12.8v230.4c0 6.4 6.4 12.8 12.8 12.8zm-192 0h22.4c6.4 0 12.8-6.4 12.8-12.8V140.8c0-6.4-6.4-12.8-12.8-12.8h-22.4c-6.4 0-12.8 6.4-12.8 12.8v198.4c0 6.4 6.4 12.8 12.8 12.8zm96 0h22.4c6.4 0 12.8-6.4 12.8-12.8V204.8c0-6.4-6.4-12.8-12.8-12.8h-22.4c-6.4 0-12.8 6.4-12.8 12.8v134.4c0 6.4 6.4 12.8 12.8 12.8zM496 400H48V80c0-8.84-7.16-16-16-16H16C7.16 64 0 71.16 0 80v336c0 17.67 14.33 32 32 32h464c8.84 0 16-7.16 16-16v-16c0-8.84-7.16-16-16-16zm-387.2-48h22.4c6.4 0 12.8-6.4 12.8-12.8v-70.4c0-6.4-6.4-12.8-12.8-12.8h-22.4c-6.4 0-12.8 6.4-12.8 12.8v70.4c0 6.4 6.4 12.8 12.8 12.8z\" class=\"\"><\/path><\/svg><\/i> <img loading=\"lazy\" decoding=\"async\" width=\"16\" height=\"16\" alt=\"Loading\" src=\"https:\/\/temucotelevision.cl\/web\/wp-content\/plugins\/page-views-count\/ajax-loader-2x.gif\" border=0 \/><\/p><div class=\"pvc_clear\"><\/div>\n<p><strong>La iniciativa comunitaria abastecer\u00e1 de agua a\u00a0<em>34 familias y dos servicios p\u00fablicos: la escuela y la posta rural de Nal Alto, beneficiando a m\u00e1s de 1.500 personas.<\/em><\/strong>\u00a0Por Evelyn Dixon, Fundaci\u00f3n Lepe. Febrero 2023<\/p>\n\n\n\n<p>Cuando se piensa en alg\u00fan lugar h\u00famedo y lluvioso en Chile, Chilo\u00e9 podr\u00eda ser uno de ellos. Las lluvias en la isla grande de la regi\u00f3n de los Lagos son abundantes, superando los 2.000 mm de agua anuales, las que se caen principalmente en invierno. Sin embargo, producto al cambio cl\u00edm\u00e1tico, la p\u00e9rdida del bosque nativo que actua como un retenedor o esponja de agua natural: la major densidad poblacional, entre otros factores, existe una escasez h\u00eddrica de proporciones durante el verano.&nbsp;<\/p>\n\n\n\n<p>Las localidades rurales aisladas de la isla de Chilo\u00e9, como otros lugares del pa\u00eds, viven la paradoja: hay agua pero no existe una infraestructura que permita acumular y distribuir \u00e9sta a las familias afectadas. Para subsanar este problema, el estado proporciona camiones aljibes para abastecer de agua potable a las comunidades rurales que se ven afectadas. Sin embargo, los camiones son una soluci\u00f3n de emergencia, costosa, y no una definitiva. Se estima que el a\u00f1o 2022 el Estado de Chile gast\u00f3 casi de 10 mil millones de pesos en camiones aljibes por d\u00e9ficit h\u00eddrico.&nbsp;<\/p>\n\n\n\n<p>Frente a este escenario, y buscando una soluci\u00f3n permanente y sustentable en el tiempo, es que se crea la Red de Agua Comunitaria de Nal Alto. El proyecto apoyado por Fundaci\u00f3n Lepe y el municipio de Ancud, y ejecutado por Chilo\u00e9 Activo a trav\u00e9s de su equipo de trabajo \u201cAgua Nueva\u201d, contempl\u00f3 la construcci\u00f3n de una red comunitaria de agua utilizando una vertiente del sector con la participaci\u00f3n activa de la comunidad para el cuidado, mantenci\u00f3n y gesti\u00f3n del ecosistema.<\/p>\n\n\n\n<p><em>\u201cRed Comunitaria de Agua de Nal Alto es un modelo de gesti\u00f3n de agua diferente porque se basa en la participaci\u00f3n, empoderamiento y entendimiento de la comunidad para que ellos reciban agua. Son 36 grupos que se ven favorecidos con la red, de los cuales 34 son familias y 2 son servicios p\u00fablicos: la escuela y la posta rural de Nal Alto, beneficiando a m\u00e1s de 1.500 personas\u201d&nbsp;<\/em>explica Fernanda Villarroel, directora proyecto Red comunitaria de agua Nal Alto.&nbsp;<\/p>\n\n\n\n<p>El proyecto, para concretar su desarrollo, tuvo un requisito esencial: que una persona de la comunidad tenga agua (una vertiente) que no se seque en el verano y est\u00e9 dispuesta a compartirla con el resto. En el caso de Nal Alto, esa persona fue Carlos Vargas:&nbsp;<em>\u201cNosotros como familia pusimos a disposici\u00f3n de la comunidad la vertiente donde se coloc\u00f3 la toma de agua y el resto de la comunidad est\u00e1 participando con su esfuerzo y trabajo para hacer que el agua llegu\u00e9 a los hogares\u201d.<\/em><\/p>\n\n\n\n<p>La red parti\u00f3 luego de cuatro cabildos participativos por el agua que se realizaron en Chilo\u00e9, donde m\u00e1s de&nbsp;&nbsp;400 agricultores realizaron un diagn\u00f3stico, con mesas tem\u00e1ticas donde se habl\u00f3 del manejo integrado de cuencas, derechos de agua,&nbsp;&nbsp;entre otros temas. Por su parte, Rolando Rojas, ingeniero del equipo de Agua Nueva, enfatiza que&nbsp;<em>\u201cnosotros no llegamos con la idea de entregarles agua sino que ellos ten\u00edan que trabajar con nosotros fuertemente, mano a mano,&nbsp;&nbsp;realizando el codise\u00f1o de la red de abastecimiento y concret\u00e1ndola. Tambi\u00e9n deb\u00edan aprender sobre los ecosistemas, haciendo part\u00edcipe a toda la comunidad\u201d<\/em>.<\/p>\n\n\n\n<p>Luego de las primeras etapas del proyecto que involucra el reconocimiento de una fuente local de agua, el codise\u00f1o de la red de abastecimiento, el listado de materiales y presupuesto estimado; se consiguen los apoyos monetarios y log\u00edsticos necesarios que permiten en un corto plazo dar una soluci\u00f3n definitiva y sustentable al problema h\u00eddrico para miles de personas. El proyecto postul\u00f3 el a\u00f1o 2021 al programa Fondo Com\u00fan de Fundaci\u00f3n Lepe, adjudic\u00e1ndose 30 millones de pesos para su concreci\u00f3n.&nbsp;<\/p>\n\n\n\n<p>Ver\u00f3nica Morales, directora ejecutiva de Fundaci\u00f3n Lepe, explic\u00f3 que \u201clos proyectos como la Red Comunitaria de Agua de Nal Alto, representa al tipo de iniciativas que busca promover el programa Fondo Com\u00fan de Fundaci\u00f3n Lepe, pues constituye una herramienta colectiva de adaptaci\u00f3n al contexto global de escasez h\u00eddrica, lo cual implica poner en el centro las capacidades de gesti\u00f3n de las comunidades, bajo los lineamientos de bien com\u00fan, colaboraci\u00f3n, integraci\u00f3n, responsabilidad y fortalecimiento del tejido socio-ambiental, alcanzando as\u00ed escenarios regenerativos y sustentables. Todos estos elementos&nbsp;&nbsp;son primordiales para Fundaci\u00f3n Lepe y su nuevo prop\u00f3sito de acelerar e implementar acciones comunitarias que permitan enfrentar y adaptarse a los desaf\u00edos derivados de la crisis clim\u00e1tica\u201d.<\/p>\n\n\n\n<p>\u201cUno de los resultados m\u00e1s importantes que tienen este proyecto es que se va a conformar un comit\u00e9 de agua entre los mismos beneficiarios para que vele por el buen funcionamiento la red y, una vez que el equipo ejecutor se retire del proyecto, la comunidad va a tener todas las herramientas para poder administrarla\u201d, aclar\u00f3 Villarroel.&nbsp;<\/p>\n\n\n\n<p>Por su parte, el alcalde de Ancud, Carlos G\u00f3mez Miranda enfatiz\u00f3 que&nbsp;\u201cla Municipalidad de Ancud cumple un rol importante tanto en el cofinanciamiento del proyecto como tambi\u00e9n, en la vinculaci\u00f3n y replicabilidad de este tipo de iniciativas en sectores rurales de la comuna que presentan graves problemas en el manejo de los recursos naturales y la accesibilidad, producto de su dispersi\u00f3n geogr\u00e1fica y caminos sin pavimentar. Esto significa avanzar hacia una planificaci\u00f3n y manejo integrado en las numerosas microcuencas de la comuna, siendo esta una soluci\u00f3n que a mediano y largo plazo garantiza de mejor forma el acceso a este vital elemento, reduciendo a su vez y considerablemente la demanda de camiones aljibes. Hoy, en el corto plazo, es preciso seguir promoviendo y financiando estos proyectos tal como lo ha demostrado la Direcci\u00f3n General de Aguas de la regi\u00f3n de Los Lagos a trav\u00e9s de su Plan Estrat\u00e9gico de Gesti\u00f3n H\u00eddrica para Chilo\u00e9, incorporando estas tem\u00e1ticas en instrumentos con pertinencia municipal tal como se ha hecho con el Plan de Desarrollo Comunal, la Estrategia Ambiental Comunal y el pr\u00f3ximo Plan Comunal de Cambio Clim\u00e1tico que ya se encuentra en proceso de elaboraci\u00f3n\u201d.&nbsp;<\/p>\n\n\n\n<p>La implementaci\u00f3n de esta red y de otras, son soluciones factibles de realizar frente a la crisis h\u00eddrica que se vive en cientos de localidades rurales aisladas de Chile,&nbsp;&nbsp;a bajo costo, con un rol protag\u00f3nico en la comunidad, fortaleciendo la gobernanza del agua y donde se respeta y valora los ecosistemas presentes.&nbsp;<\/p>\n\n\n\n<p>Fotograf\u00edas https:\/\/drive.google.com\/drive\/folders\/14Ey0GfcPBsYpv_4XdOBa_t2MtC5WyYSG?usp=share_link<\/p>\n","protected":false},"excerpt":{"rendered":"<div class=\"pvc_clear\"><\/div>\n<p id=\"pvc_stats_38699\" class=\"pvc_stats total_only  \" data-element-id=\"38699\" style=\"\"><i class=\"pvc-stats-icon large\" aria-hidden=\"true\"><svg aria-hidden=\"true\" focusable=\"false\" data-prefix=\"far\" data-icon=\"chart-bar\" role=\"img\" xmlns=\"http:\/\/www.w3.org\/2000\/svg\" viewBox=\"0 0 512 512\" class=\"svg-inline--fa fa-chart-bar fa-w-16 fa-2x\"><path fill=\"currentColor\" d=\"M396.8 352h22.4c6.4 0 12.8-6.4 12.8-12.8V108.8c0-6.4-6.4-12.8-12.8-12.8h-22.4c-6.4 0-12.8 6.4-12.8 12.8v230.4c0 6.4 6.4 12.8 12.8 12.8zm-192 0h22.4c6.4 0 12.8-6.4 12.8-12.8V140.8c0-6.4-6.4-12.8-12.8-12.8h-22.4c-6.4 0-12.8 6.4-12.8 12.8v198.4c0 6.4 6.4 12.8 12.8 12.8zm96 0h22.4c6.4 0 12.8-6.4 12.8-12.8V204.8c0-6.4-6.4-12.8-12.8-12.8h-22.4c-6.4 0-12.8 6.4-12.8 12.8v134.4c0 6.4 6.4 12.8 12.8 12.8zM496 400H48V80c0-8.84-7.16-16-16-16H16C7.16 64 0 71.16 0 80v336c0 17.67 14.33 32 32 32h464c8.84 0 16-7.16 16-16v-16c0-8.84-7.16-16-16-16zm-387.2-48h22.4c6.4 0 12.8-6.4 12.8-12.8v-70.4c0-6.4-6.4-12.8-12.8-12.8h-22.4c-6.4 0-12.8 6.4-12.8 12.8v70.4c0 6.4 6.4 12.8 12.8 12.8z\" class=\"\"><\/path><\/svg><\/i> <img loading=\"lazy\" decoding=\"async\" width=\"16\" height=\"16\" alt=\"Loading\" src=\"https:\/\/temucotelevision.cl\/web\/wp-content\/plugins\/page-views-count\/ajax-loader-2x.gif\" border=0 \/><\/p>\n<div class=\"pvc_clear\"><\/div>\n<p>La iniciativa comunitaria abastecer\u00e1 de agua a\u00a034 familias y dos servicios p\u00fablicos: la escuela y la posta rural de Nal<\/p>\n","protected":false},"author":1,"featured_media":38700,"comment_status":"open","ping_status":"open","sticky":false,"template":"","format":"standard","meta":{"colormag_page_container_layout":"default_layout","colormag_page_sidebar_layout":"default_layout","footnotes":""},"categories":[101],"tags":[476,6161,147,920],"class_list":["post-38699","post","type-post","status-publish","format-standard","has-post-thumbnail","hentry","category-actualidad","tag-agua","tag-chiloe","tag-familias","tag-servicios"],"a3_pvc":{"activated":true,"total_views":85,"today_views":0},"_links":{"self":[{"href":"https:\/\/temucotelevision.cl\/web\/wp-json\/wp\/v2\/posts\/38699","targetHints":{"allow":["GET"]}}],"collection":[{"href":"https:\/\/temucotelevision.cl\/web\/wp-json\/wp\/v2\/posts"}],"about":[{"href":"https:\/\/temucotelevision.cl\/web\/wp-json\/wp\/v2\/types\/post"}],"author":[{"embeddable":true,"href":"https:\/\/temucotelevision.cl\/web\/wp-json\/wp\/v2\/users\/1"}],"replies":[{"embeddable":true,"href":"https:\/\/temucotelevision.cl\/web\/wp-json\/wp\/v2\/comments?post=38699"}],"version-history":[{"count":1,"href":"https:\/\/temucotelevision.cl\/web\/wp-json\/wp\/v2\/posts\/38699\/revisions"}],"predecessor-version":[{"id":38701,"href":"https:\/\/temucotelevision.cl\/web\/wp-json\/wp\/v2\/posts\/38699\/revisions\/38701"}],"wp:featuredmedia":[{"embeddable":true,"href":"https:\/\/temucotelevision.cl\/web\/wp-json\/wp\/v2\/media\/38700"}],"wp:attachment":[{"href":"https:\/\/temucotelevision.cl\/web\/wp-json\/wp\/v2\/media?parent=38699"}],"wp:term":[{"taxonomy":"category","embeddable":true,"href":"https:\/\/temucotelevision.cl\/web\/wp-json\/wp\/v2\/categories?post=38699"},{"taxonomy":"post_tag","embeddable":true,"href":"https:\/\/temucotelevision.cl\/web\/wp-json\/wp\/v2\/tags?post=38699"}],"curies":[{"name":"wp","href":"https:\/\/api.w.org\/{rel}","templated":true}]}}