{"id":38332,"date":"2023-01-27T13:53:45","date_gmt":"2023-01-27T16:53:45","guid":{"rendered":"https:\/\/temucotelevision.cl\/web\/?p=38332"},"modified":"2023-01-27T13:54:08","modified_gmt":"2023-01-27T16:54:08","slug":"super-puma-los-poderosos-helicopteros-que-se-suman-al-combate-de-los-incendios-forestales","status":"publish","type":"post","link":"https:\/\/temucotelevision.cl\/web\/2023\/01\/27\/super-puma-los-poderosos-helicopteros-que-se-suman-al-combate-de-los-incendios-forestales\/","title":{"rendered":"S\u00faper Puma, los poderosos helic\u00f3pteros que se suman al combate de los incendios forestales"},"content":{"rendered":"<div class=\"pvc_clear\"><\/div><p id=\"pvc_stats_38332\" class=\"pvc_stats total_only  \" data-element-id=\"38332\" style=\"\"><i class=\"pvc-stats-icon large\" aria-hidden=\"true\"><svg aria-hidden=\"true\" focusable=\"false\" data-prefix=\"far\" data-icon=\"chart-bar\" role=\"img\" xmlns=\"http:\/\/www.w3.org\/2000\/svg\" viewBox=\"0 0 512 512\" class=\"svg-inline--fa fa-chart-bar fa-w-16 fa-2x\"><path fill=\"currentColor\" d=\"M396.8 352h22.4c6.4 0 12.8-6.4 12.8-12.8V108.8c0-6.4-6.4-12.8-12.8-12.8h-22.4c-6.4 0-12.8 6.4-12.8 12.8v230.4c0 6.4 6.4 12.8 12.8 12.8zm-192 0h22.4c6.4 0 12.8-6.4 12.8-12.8V140.8c0-6.4-6.4-12.8-12.8-12.8h-22.4c-6.4 0-12.8 6.4-12.8 12.8v198.4c0 6.4 6.4 12.8 12.8 12.8zm96 0h22.4c6.4 0 12.8-6.4 12.8-12.8V204.8c0-6.4-6.4-12.8-12.8-12.8h-22.4c-6.4 0-12.8 6.4-12.8 12.8v134.4c0 6.4 6.4 12.8 12.8 12.8zM496 400H48V80c0-8.84-7.16-16-16-16H16C7.16 64 0 71.16 0 80v336c0 17.67 14.33 32 32 32h464c8.84 0 16-7.16 16-16v-16c0-8.84-7.16-16-16-16zm-387.2-48h22.4c6.4 0 12.8-6.4 12.8-12.8v-70.4c0-6.4-6.4-12.8-12.8-12.8h-22.4c-6.4 0-12.8 6.4-12.8 12.8v70.4c0 6.4 6.4 12.8 12.8 12.8z\" class=\"\"><\/path><\/svg><\/i> <img loading=\"lazy\" decoding=\"async\" width=\"16\" height=\"16\" alt=\"Loading\" src=\"https:\/\/temucotelevision.cl\/web\/wp-content\/plugins\/page-views-count\/ajax-loader-2x.gif\" border=0 \/><\/p><div class=\"pvc_clear\"><\/div>\n<p><em>Dos nuevas aeronaves para Biob\u00edo y La Araucan\u00eda<\/em><\/p>\n\n\n\n<p><em>Son dos los nuevos recursos a\u00e9reos con que CMPC aporta al combate de los incendios rurales en esta temporada.&nbsp;&nbsp;Conocidos como S\u00faper Puma, los helic\u00f3pteros tienen capacidad para transportar 3.500 litros de agua. Actualmente&nbsp;se encuentran&nbsp;operando&nbsp;en las comunas de Los \u00c1ngeles y Angol.<\/em><\/p>\n\n\n\n<p>El Helic\u00f3ptero AS 332 L2 es uno de los modelos de gran envergadura -en cuanto a la capacidad para transportar agua- existentes en Chile cuentan los pilotos de las aeronaves, conocidas como S\u00faper Puma, que se suman a los recursos de combate de CMPC para combatir los incendios forestales en la zona centro sur de Chile.&nbsp;&nbsp;&nbsp;Con cerca de 20 metros de longitud, cada una de estas aeronaves tiene un rotor de 4 palas y&nbsp;&nbsp;puede alcanzar hasta los 150 nudos, vale decir 277,8 km por hora.<\/p>\n\n\n\n<p>Estos helic\u00f3pteros tienen una tripulaci\u00f3n compuesta por un piloto comandante y un piloto a cargo de las comunicaciones y navegaci\u00f3n. Alejandro Jim\u00e9nez, comandante&nbsp;&nbsp;a cargo del S\u00faper Puma que CMPC opera en Los \u00c1ngeles, explica que el principal objetivo de estas nuevas aeronaves es contribuir a la misi\u00f3n m\u00e1s importante de todas: proteger a las personas y sus hogares.&nbsp;\u201cEs una tarea compleja que requiere de muchos actores\u201d, cuenta el piloto y agrega que \u201clos principales son los brigadistas que est\u00e1n trabajando con el apoyo de los medios a\u00e9reos, no hace nada un brigadista sin un medio a\u00e9reo, y un medio a\u00e9reo sin un brigadista tampoco\u201d.<\/p>\n\n\n\n<p>Cada S\u00faper Puma puede transportar a 15 brigadistas r\u00e1pidamente a cualquier parte de Chile. As\u00ed lo explica Ibon Morales, piloto de la aeronave de&nbsp;&nbsp;Los \u00c1ngeles: \u201cSu potencia son 1800 caballos por cada motor, tenemos 2 motores, y eso nos ayuda a poder despegar y aterrizar en cualquier sitio de la geograf\u00eda chilena, cuenta con una capacidad de 2 mil litros de combustible, podr\u00edamos volar m\u00e1s de tres horas sin parar\u201d.&nbsp;<\/p>\n\n\n\n<p>Estos helic\u00f3pteros se suman a los recursos de combate de la compa\u00f1\u00eda entre los que se encuentran aeronaves, 1.220 helipistas y helipuntos GPS, 32 pistas de aterrizaje y cargu\u00edo de agua en conjunto con Conaf y Corma, 441 fuentes de agua para cargu\u00edo de helic\u00f3pteros y 64 piscinas de cargu\u00edo de aeronaves. Tambi\u00e9n cuentan con 108 brigadas de combate terrestre, 12 brigadas cisternas y 8 brigadas mecanizadas que se especializan en la construcci\u00f3n de cortafuegos. En total son 1.200 brigadistas en tierra combatiendo estos eventos.<\/p>\n\n\n\n<p>El subgerente de Protecci\u00f3n Forestal de\u00a0\u00a0CMPC, Ra\u00fal Serrano, cuenta que con estas dos nuevas aeronaves esperan poder dar m\u00e1s apoyo a las personas que est\u00e1n enfrentando los incendios en tierra. Al mismo tiempo, Serrano\u00a0\u00a0explica lo que motiva a la compa\u00f1\u00eda para seguir sumando recursos: \u201cTenemos un v\u00ednculo estrecho con nuestros vecinos. Por eso nuestra principal misi\u00f3n, junto con prevenir nuevos focos, es proteger los lugares habitados, es decir a las personas. As\u00ed, m\u00e1s de la mitad de los incendios que combatimos son en terreno de terceros\u201d.<\/p>\n\n\n\n<figure class=\"wp-block-image size-large\"><img loading=\"lazy\" decoding=\"async\" width=\"1024\" height=\"576\" src=\"https:\/\/temucotelevision.cl\/web\/wp-content\/uploads\/2023\/01\/Super-Puma3-1024x576.jpeg\" alt=\"\" class=\"wp-image-38334\" srcset=\"https:\/\/temucotelevision.cl\/web\/wp-content\/uploads\/2023\/01\/Super-Puma3-1024x576.jpeg 1024w, https:\/\/temucotelevision.cl\/web\/wp-content\/uploads\/2023\/01\/Super-Puma3-768x432.jpeg 768w, https:\/\/temucotelevision.cl\/web\/wp-content\/uploads\/2023\/01\/Super-Puma3-1536x864.jpeg 1536w, https:\/\/temucotelevision.cl\/web\/wp-content\/uploads\/2023\/01\/Super-Puma3-2048x1152.jpeg 2048w\" sizes=\"auto, (max-width: 1024px) 100vw, 1024px\" \/><\/figure>\n\n\n\n<p><strong>Trabajo en equipo<\/strong><\/p>\n\n\n\n<p>La labor de la Brigada Forestal es el coraz\u00f3n del trabajo, explican los pilotos expertos. \u201cEs una tarea compleja que requiere de muchos actores, pero los principales son los brigadistas que est\u00e1n trabajando con el apoyo de los medios a\u00e9reos\u201d, destaca Ibon Morales.<\/p>\n\n\n\n<p>Asimismo, Luis Alcina, otro de los pilotos, cuenta que, al llegar al lugar de descarga, luego de las coordinaciones con otras aeronaves, buscar los puntos de agua y los an\u00e1lisis de riesgo del entorno deben activar el trabajo en equipo ya que, \u201cen ese lugar donde nos est\u00e1n pidiendo las descargas es donde est\u00e1n los brigadistas forestales trabajando y debemos coordinar con ellos, porque el trabajo es en equipo, nosotros rebajamos las llamas y las brigadas rematan el incendio\u201d.&nbsp;<\/p>\n\n\n\n<p><strong>La prevenci\u00f3n, tarea de todos&nbsp;<\/strong><\/p>\n\n\n\n<p>Otro de los aspectos destacados por los pilotos es que, \u201cel rol de la ciudadan\u00eda es prevenir, ser cuidadosos y si observan un incendio forestal alertar a los equipos especializados. Nunca cruzar la l\u00ednea de fuego porque est\u00e1n en riesgo ellos y pueden poner en riesgo el operativo\u201d, cuenta Alcina.<\/p>\n\n\n\n<p>Ibon Morales, al igual que sus compa\u00f1eros, dej\u00f3 su familia en Espa\u00f1a para apoyar la prevenci\u00f3n y combate de los incendios forestales en nuestro pa\u00eds, por lo que hace un llamado\u00a0\u00a0a los chilenos a prevenir y a cuidar su vida y la naturaleza, \u201cmi mensaje a la ciudadan\u00eda, es que nosotros vivimos en la naturaleza, somos naturaleza y si destruimos la naturaleza no somos nada, y para no destruir la naturaleza debemos evitar incendios, evitar el mar uso del fuego,\u00a0\u00a0hay que darse cuenta que nosotros somos naturaleza, vivimos en ella y debemos estar anclados con ella\u201d.<\/p>\n\n\n\n<figure class=\"wp-block-image size-large\"><img loading=\"lazy\" decoding=\"async\" width=\"1024\" height=\"683\" src=\"https:\/\/temucotelevision.cl\/web\/wp-content\/uploads\/2023\/01\/Super-Puma2-1024x683.jpeg\" alt=\"\" class=\"wp-image-38333\" srcset=\"https:\/\/temucotelevision.cl\/web\/wp-content\/uploads\/2023\/01\/Super-Puma2-1024x683.jpeg 1024w, https:\/\/temucotelevision.cl\/web\/wp-content\/uploads\/2023\/01\/Super-Puma2-768x512.jpeg 768w, https:\/\/temucotelevision.cl\/web\/wp-content\/uploads\/2023\/01\/Super-Puma2-1536x1024.jpeg 1536w, https:\/\/temucotelevision.cl\/web\/wp-content\/uploads\/2023\/01\/Super-Puma2-2048x1365.jpeg 2048w\" sizes=\"auto, (max-width: 1024px) 100vw, 1024px\" \/><\/figure>\n","protected":false},"excerpt":{"rendered":"<div class=\"pvc_clear\"><\/div>\n<p id=\"pvc_stats_38332\" class=\"pvc_stats total_only  \" data-element-id=\"38332\" style=\"\"><i class=\"pvc-stats-icon large\" aria-hidden=\"true\"><svg aria-hidden=\"true\" focusable=\"false\" data-prefix=\"far\" data-icon=\"chart-bar\" role=\"img\" xmlns=\"http:\/\/www.w3.org\/2000\/svg\" viewBox=\"0 0 512 512\" class=\"svg-inline--fa fa-chart-bar fa-w-16 fa-2x\"><path fill=\"currentColor\" d=\"M396.8 352h22.4c6.4 0 12.8-6.4 12.8-12.8V108.8c0-6.4-6.4-12.8-12.8-12.8h-22.4c-6.4 0-12.8 6.4-12.8 12.8v230.4c0 6.4 6.4 12.8 12.8 12.8zm-192 0h22.4c6.4 0 12.8-6.4 12.8-12.8V140.8c0-6.4-6.4-12.8-12.8-12.8h-22.4c-6.4 0-12.8 6.4-12.8 12.8v198.4c0 6.4 6.4 12.8 12.8 12.8zm96 0h22.4c6.4 0 12.8-6.4 12.8-12.8V204.8c0-6.4-6.4-12.8-12.8-12.8h-22.4c-6.4 0-12.8 6.4-12.8 12.8v134.4c0 6.4 6.4 12.8 12.8 12.8zM496 400H48V80c0-8.84-7.16-16-16-16H16C7.16 64 0 71.16 0 80v336c0 17.67 14.33 32 32 32h464c8.84 0 16-7.16 16-16v-16c0-8.84-7.16-16-16-16zm-387.2-48h22.4c6.4 0 12.8-6.4 12.8-12.8v-70.4c0-6.4-6.4-12.8-12.8-12.8h-22.4c-6.4 0-12.8 6.4-12.8 12.8v70.4c0 6.4 6.4 12.8 12.8 12.8z\" class=\"\"><\/path><\/svg><\/i> <img loading=\"lazy\" decoding=\"async\" width=\"16\" height=\"16\" alt=\"Loading\" src=\"https:\/\/temucotelevision.cl\/web\/wp-content\/plugins\/page-views-count\/ajax-loader-2x.gif\" border=0 \/><\/p>\n<div class=\"pvc_clear\"><\/div>\n<p>Dos nuevas aeronaves para Biob\u00edo y La Araucan\u00eda Son dos los nuevos recursos a\u00e9reos con que CMPC aporta al combate<\/p>\n","protected":false},"author":1,"featured_media":38335,"comment_status":"open","ping_status":"open","sticky":false,"template":"","format":"standard","meta":{"colormag_page_container_layout":"default_layout","colormag_page_sidebar_layout":"default_layout","footnotes":""},"categories":[101,15,18],"tags":[4949,267,145,266,6127],"class_list":["post-38332","post","type-post","status-publish","format-standard","has-post-thumbnail","hentry","category-actualidad","category-la-araucania","category-nacional","tag-combate","tag-forestales","tag-helicopteros","tag-incendios","tag-super-puma"],"a3_pvc":{"activated":true,"total_views":306,"today_views":0},"_links":{"self":[{"href":"https:\/\/temucotelevision.cl\/web\/wp-json\/wp\/v2\/posts\/38332","targetHints":{"allow":["GET"]}}],"collection":[{"href":"https:\/\/temucotelevision.cl\/web\/wp-json\/wp\/v2\/posts"}],"about":[{"href":"https:\/\/temucotelevision.cl\/web\/wp-json\/wp\/v2\/types\/post"}],"author":[{"embeddable":true,"href":"https:\/\/temucotelevision.cl\/web\/wp-json\/wp\/v2\/users\/1"}],"replies":[{"embeddable":true,"href":"https:\/\/temucotelevision.cl\/web\/wp-json\/wp\/v2\/comments?post=38332"}],"version-history":[{"count":1,"href":"https:\/\/temucotelevision.cl\/web\/wp-json\/wp\/v2\/posts\/38332\/revisions"}],"predecessor-version":[{"id":38336,"href":"https:\/\/temucotelevision.cl\/web\/wp-json\/wp\/v2\/posts\/38332\/revisions\/38336"}],"wp:featuredmedia":[{"embeddable":true,"href":"https:\/\/temucotelevision.cl\/web\/wp-json\/wp\/v2\/media\/38335"}],"wp:attachment":[{"href":"https:\/\/temucotelevision.cl\/web\/wp-json\/wp\/v2\/media?parent=38332"}],"wp:term":[{"taxonomy":"category","embeddable":true,"href":"https:\/\/temucotelevision.cl\/web\/wp-json\/wp\/v2\/categories?post=38332"},{"taxonomy":"post_tag","embeddable":true,"href":"https:\/\/temucotelevision.cl\/web\/wp-json\/wp\/v2\/tags?post=38332"}],"curies":[{"name":"wp","href":"https:\/\/api.w.org\/{rel}","templated":true}]}}