{"id":38326,"date":"2023-01-27T13:39:22","date_gmt":"2023-01-27T16:39:22","guid":{"rendered":"https:\/\/temucotelevision.cl\/web\/?p=38326"},"modified":"2023-01-27T13:40:54","modified_gmt":"2023-01-27T16:40:54","slug":"la-corrida-mas-feliz-del-planeta-regresa-a-chile-the-color-run-y-tendra-su-lugar-en-villarrica","status":"publish","type":"post","link":"https:\/\/temucotelevision.cl\/web\/2023\/01\/27\/la-corrida-mas-feliz-del-planeta-regresa-a-chile-the-color-run-y-tendra-su-lugar-en-villarrica\/","title":{"rendered":"La corrida m\u00e1s feliz del planeta regresa a Chile, The Color Run y tendr\u00e1 su lugar en Villarrica"},"content":{"rendered":"<div class=\"pvc_clear\"><\/div><p id=\"pvc_stats_38326\" class=\"pvc_stats total_only  \" data-element-id=\"38326\" style=\"\"><i class=\"pvc-stats-icon large\" aria-hidden=\"true\"><svg aria-hidden=\"true\" focusable=\"false\" data-prefix=\"far\" data-icon=\"chart-bar\" role=\"img\" xmlns=\"http:\/\/www.w3.org\/2000\/svg\" viewBox=\"0 0 512 512\" class=\"svg-inline--fa fa-chart-bar fa-w-16 fa-2x\"><path fill=\"currentColor\" d=\"M396.8 352h22.4c6.4 0 12.8-6.4 12.8-12.8V108.8c0-6.4-6.4-12.8-12.8-12.8h-22.4c-6.4 0-12.8 6.4-12.8 12.8v230.4c0 6.4 6.4 12.8 12.8 12.8zm-192 0h22.4c6.4 0 12.8-6.4 12.8-12.8V140.8c0-6.4-6.4-12.8-12.8-12.8h-22.4c-6.4 0-12.8 6.4-12.8 12.8v198.4c0 6.4 6.4 12.8 12.8 12.8zm96 0h22.4c6.4 0 12.8-6.4 12.8-12.8V204.8c0-6.4-6.4-12.8-12.8-12.8h-22.4c-6.4 0-12.8 6.4-12.8 12.8v134.4c0 6.4 6.4 12.8 12.8 12.8zM496 400H48V80c0-8.84-7.16-16-16-16H16C7.16 64 0 71.16 0 80v336c0 17.67 14.33 32 32 32h464c8.84 0 16-7.16 16-16v-16c0-8.84-7.16-16-16-16zm-387.2-48h22.4c6.4 0 12.8-6.4 12.8-12.8v-70.4c0-6.4-6.4-12.8-12.8-12.8h-22.4c-6.4 0-12.8 6.4-12.8 12.8v70.4c0 6.4 6.4 12.8 12.8 12.8z\" class=\"\"><\/path><\/svg><\/i> <img loading=\"lazy\" decoding=\"async\" width=\"16\" height=\"16\" alt=\"Loading\" src=\"https:\/\/temucotelevision.cl\/web\/wp-content\/plugins\/page-views-count\/ajax-loader-2x.gif\" border=0 \/><\/p><div class=\"pvc_clear\"><\/div>\n<p>Celebrando su d\u00e9cimo a\u00f1o, este 2023 The Color Run se har\u00e1 presente en la Regi\u00f3n de La Araucan\u00eda, en la comuna de Villarrica y Regi\u00f3n Metropolitana en un evento que promete llevar diversi\u00f3n a toda la familia en una jornada llena de colores, m\u00fasica y deporte.<\/p>\n\n\n\n<p>Este evento ic\u00f3nico en el que los amigos, la familia y las comunidades se re\u00fanen para correr una corrida no competitiva (en este evento te puede acompa\u00f1ar desde tu abuelo hasta tu sobrino\/hijo).<\/p>\n\n\n\n<p>En The Color Run, el cronometraje se deja a un lado mientras que los miles de participantes se sumergen en nubes de polvos de diferentes colores, sin duda un panorama imperdible para este 2023.<\/p>\n\n\n\n<figure class=\"wp-block-image size-large\"><img loading=\"lazy\" decoding=\"async\" width=\"1024\" height=\"731\" src=\"https:\/\/temucotelevision.cl\/web\/wp-content\/uploads\/2023\/01\/5cd03eab-e114-441a-bc0b-cf2a8c8f2628-1024x731.jpg\" alt=\"\" class=\"wp-image-38300\" srcset=\"https:\/\/temucotelevision.cl\/web\/wp-content\/uploads\/2023\/01\/5cd03eab-e114-441a-bc0b-cf2a8c8f2628-1024x731.jpg 1024w, https:\/\/temucotelevision.cl\/web\/wp-content\/uploads\/2023\/01\/5cd03eab-e114-441a-bc0b-cf2a8c8f2628-768x549.jpg 768w, https:\/\/temucotelevision.cl\/web\/wp-content\/uploads\/2023\/01\/5cd03eab-e114-441a-bc0b-cf2a8c8f2628.jpg 1260w\" sizes=\"auto, (max-width: 1024px) 100vw, 1024px\" \/><\/figure>\n\n\n\n<p>Esta vez, la corrida se tomar\u00e1 las calles de Villarrica el 12 de febrero y el 23 de abril llegar\u00e1 a Santiago, y, al igual que en las versiones anteriores, con sus 5K m\u00e1s felices del planeta.<\/p>\n\n\n\n<p>\u00a1Mucha atenci\u00f3n! Si bien las entradas ya est\u00e1n a la venta en el sitio web oficial de The Color Run y a trav\u00e9s de la plataforma Passline, Fpay tiene una sorpresa para festejar el d\u00e9cimo cumplea\u00f1os del evento, ideal en estos tiempos de vacaciones.&nbsp;<a href=\"https:\/\/www.passline.com\/sitio\/the-color-run\">Compra aqu\u00ed<\/a><\/p>\n\n\n\n<p>La billetera digital Fpay tiene disponible un 20% DCTO, para sus clientes, en la entrada general.<\/p>\n\n\n\n<p>Los tickets incluyen un kit para utilizar el d\u00eda del evento y hacer de esta experiencia una jornada inolvidable, incluyendo un morral, polera oficial, sachet de polvo y la pulsera de ingreso.<\/p>\n\n\n\n<figure class=\"wp-block-image size-large\"><img loading=\"lazy\" decoding=\"async\" width=\"1024\" height=\"683\" src=\"https:\/\/temucotelevision.cl\/web\/wp-content\/uploads\/2023\/01\/935d66af-abea-4691-a912-d282f5d12c28-1-1024x683.jpg\" alt=\"\" class=\"wp-image-38301\" srcset=\"https:\/\/temucotelevision.cl\/web\/wp-content\/uploads\/2023\/01\/935d66af-abea-4691-a912-d282f5d12c28-1-1024x683.jpg 1024w, https:\/\/temucotelevision.cl\/web\/wp-content\/uploads\/2023\/01\/935d66af-abea-4691-a912-d282f5d12c28-1-768x512.jpg 768w, https:\/\/temucotelevision.cl\/web\/wp-content\/uploads\/2023\/01\/935d66af-abea-4691-a912-d282f5d12c28-1.jpg 1500w\" sizes=\"auto, (max-width: 1024px) 100vw, 1024px\" \/><\/figure>\n\n\n\n<figure class=\"wp-block-image aligncenter size-large\"><img loading=\"lazy\" decoding=\"async\" width=\"576\" height=\"1024\" src=\"https:\/\/temucotelevision.cl\/web\/wp-content\/uploads\/2023\/01\/The-Color-Run-Codigo-576x1024.jpeg\" alt=\"\" class=\"wp-image-38330\" srcset=\"https:\/\/temucotelevision.cl\/web\/wp-content\/uploads\/2023\/01\/The-Color-Run-Codigo-576x1024.jpeg 576w, https:\/\/temucotelevision.cl\/web\/wp-content\/uploads\/2023\/01\/The-Color-Run-Codigo-768x1366.jpeg 768w, https:\/\/temucotelevision.cl\/web\/wp-content\/uploads\/2023\/01\/The-Color-Run-Codigo-864x1536.jpeg 864w, https:\/\/temucotelevision.cl\/web\/wp-content\/uploads\/2023\/01\/The-Color-Run-Codigo.jpeg 1125w\" sizes=\"auto, (max-width: 576px) 100vw, 576px\" \/><\/figure>\n","protected":false},"excerpt":{"rendered":"<div class=\"pvc_clear\"><\/div>\n<p id=\"pvc_stats_38326\" class=\"pvc_stats total_only  \" data-element-id=\"38326\" style=\"\"><i class=\"pvc-stats-icon large\" aria-hidden=\"true\"><svg aria-hidden=\"true\" focusable=\"false\" data-prefix=\"far\" data-icon=\"chart-bar\" role=\"img\" xmlns=\"http:\/\/www.w3.org\/2000\/svg\" viewBox=\"0 0 512 512\" class=\"svg-inline--fa fa-chart-bar fa-w-16 fa-2x\"><path fill=\"currentColor\" d=\"M396.8 352h22.4c6.4 0 12.8-6.4 12.8-12.8V108.8c0-6.4-6.4-12.8-12.8-12.8h-22.4c-6.4 0-12.8 6.4-12.8 12.8v230.4c0 6.4 6.4 12.8 12.8 12.8zm-192 0h22.4c6.4 0 12.8-6.4 12.8-12.8V140.8c0-6.4-6.4-12.8-12.8-12.8h-22.4c-6.4 0-12.8 6.4-12.8 12.8v198.4c0 6.4 6.4 12.8 12.8 12.8zm96 0h22.4c6.4 0 12.8-6.4 12.8-12.8V204.8c0-6.4-6.4-12.8-12.8-12.8h-22.4c-6.4 0-12.8 6.4-12.8 12.8v134.4c0 6.4 6.4 12.8 12.8 12.8zM496 400H48V80c0-8.84-7.16-16-16-16H16C7.16 64 0 71.16 0 80v336c0 17.67 14.33 32 32 32h464c8.84 0 16-7.16 16-16v-16c0-8.84-7.16-16-16-16zm-387.2-48h22.4c6.4 0 12.8-6.4 12.8-12.8v-70.4c0-6.4-6.4-12.8-12.8-12.8h-22.4c-6.4 0-12.8 6.4-12.8 12.8v70.4c0 6.4 6.4 12.8 12.8 12.8z\" class=\"\"><\/path><\/svg><\/i> <img loading=\"lazy\" decoding=\"async\" width=\"16\" height=\"16\" alt=\"Loading\" src=\"https:\/\/temucotelevision.cl\/web\/wp-content\/plugins\/page-views-count\/ajax-loader-2x.gif\" border=0 \/><\/p>\n<div class=\"pvc_clear\"><\/div>\n<p>Celebrando su d\u00e9cimo a\u00f1o, este 2023 The Color Run se har\u00e1 presente en la Regi\u00f3n de La Araucan\u00eda, en la<\/p>\n","protected":false},"author":1,"featured_media":38327,"comment_status":"open","ping_status":"open","sticky":false,"template":"","format":"standard","meta":{"colormag_page_container_layout":"default_layout","colormag_page_sidebar_layout":"default_layout","footnotes":""},"categories":[15,86],"tags":[5394,494,147,432,6126,93],"class_list":["post-38326","post","type-post","status-publish","format-standard","has-post-thumbnail","hentry","category-la-araucania","category-panoramas","tag-5394","tag-corrida","tag-familias","tag-jovenes","tag-the-color-run","tag-verano"],"a3_pvc":{"activated":true,"total_views":248,"today_views":0},"_links":{"self":[{"href":"https:\/\/temucotelevision.cl\/web\/wp-json\/wp\/v2\/posts\/38326","targetHints":{"allow":["GET"]}}],"collection":[{"href":"https:\/\/temucotelevision.cl\/web\/wp-json\/wp\/v2\/posts"}],"about":[{"href":"https:\/\/temucotelevision.cl\/web\/wp-json\/wp\/v2\/types\/post"}],"author":[{"embeddable":true,"href":"https:\/\/temucotelevision.cl\/web\/wp-json\/wp\/v2\/users\/1"}],"replies":[{"embeddable":true,"href":"https:\/\/temucotelevision.cl\/web\/wp-json\/wp\/v2\/comments?post=38326"}],"version-history":[{"count":2,"href":"https:\/\/temucotelevision.cl\/web\/wp-json\/wp\/v2\/posts\/38326\/revisions"}],"predecessor-version":[{"id":38331,"href":"https:\/\/temucotelevision.cl\/web\/wp-json\/wp\/v2\/posts\/38326\/revisions\/38331"}],"wp:featuredmedia":[{"embeddable":true,"href":"https:\/\/temucotelevision.cl\/web\/wp-json\/wp\/v2\/media\/38327"}],"wp:attachment":[{"href":"https:\/\/temucotelevision.cl\/web\/wp-json\/wp\/v2\/media?parent=38326"}],"wp:term":[{"taxonomy":"category","embeddable":true,"href":"https:\/\/temucotelevision.cl\/web\/wp-json\/wp\/v2\/categories?post=38326"},{"taxonomy":"post_tag","embeddable":true,"href":"https:\/\/temucotelevision.cl\/web\/wp-json\/wp\/v2\/tags?post=38326"}],"curies":[{"name":"wp","href":"https:\/\/api.w.org\/{rel}","templated":true}]}}