{"id":38297,"date":"2023-01-27T10:51:12","date_gmt":"2023-01-27T13:51:12","guid":{"rendered":"https:\/\/temucotelevision.cl\/web\/?p=38297"},"modified":"2023-01-27T10:51:14","modified_gmt":"2023-01-27T13:51:14","slug":"pdi-angol-detuvo-a-extranjero-profugo-de-la-justicia-por-el-delito-de-violacion","status":"publish","type":"post","link":"https:\/\/temucotelevision.cl\/web\/2023\/01\/27\/pdi-angol-detuvo-a-extranjero-profugo-de-la-justicia-por-el-delito-de-violacion\/","title":{"rendered":"PDI Angol detuvo a extranjero pr\u00f3fugo de la justicia por el delito de violaci\u00f3n"},"content":{"rendered":"<div class=\"pvc_clear\"><\/div><p id=\"pvc_stats_38297\" class=\"pvc_stats total_only  \" data-element-id=\"38297\" style=\"\"><i class=\"pvc-stats-icon large\" aria-hidden=\"true\"><svg aria-hidden=\"true\" focusable=\"false\" data-prefix=\"far\" data-icon=\"chart-bar\" role=\"img\" xmlns=\"http:\/\/www.w3.org\/2000\/svg\" viewBox=\"0 0 512 512\" class=\"svg-inline--fa fa-chart-bar fa-w-16 fa-2x\"><path fill=\"currentColor\" d=\"M396.8 352h22.4c6.4 0 12.8-6.4 12.8-12.8V108.8c0-6.4-6.4-12.8-12.8-12.8h-22.4c-6.4 0-12.8 6.4-12.8 12.8v230.4c0 6.4 6.4 12.8 12.8 12.8zm-192 0h22.4c6.4 0 12.8-6.4 12.8-12.8V140.8c0-6.4-6.4-12.8-12.8-12.8h-22.4c-6.4 0-12.8 6.4-12.8 12.8v198.4c0 6.4 6.4 12.8 12.8 12.8zm96 0h22.4c6.4 0 12.8-6.4 12.8-12.8V204.8c0-6.4-6.4-12.8-12.8-12.8h-22.4c-6.4 0-12.8 6.4-12.8 12.8v134.4c0 6.4 6.4 12.8 12.8 12.8zM496 400H48V80c0-8.84-7.16-16-16-16H16C7.16 64 0 71.16 0 80v336c0 17.67 14.33 32 32 32h464c8.84 0 16-7.16 16-16v-16c0-8.84-7.16-16-16-16zm-387.2-48h22.4c6.4 0 12.8-6.4 12.8-12.8v-70.4c0-6.4-6.4-12.8-12.8-12.8h-22.4c-6.4 0-12.8 6.4-12.8 12.8v70.4c0 6.4 6.4 12.8 12.8 12.8z\" class=\"\"><\/path><\/svg><\/i> <img loading=\"lazy\" decoding=\"async\" width=\"16\" height=\"16\" alt=\"Loading\" src=\"https:\/\/temucotelevision.cl\/web\/wp-content\/plugins\/page-views-count\/ajax-loader-2x.gif\" border=0 \/><\/p><div class=\"pvc_clear\"><\/div>\n<p>Detectives de la Brigada&nbsp;de&nbsp;Investigaci\u00f3n Criminal&nbsp;(Bicrim)&nbsp;de la PDI&nbsp;Angol,&nbsp;detuvieron a&nbsp;un&nbsp;hombre, de nacionalidad haitiana, que se encontraba pr\u00f3fugo desde el a\u00f1o 2021, tras un requerimiento del Juzgado de Garant\u00eda de la ciudad de Nacimiento, por el delito de violaci\u00f3n. El hombre fue capturado en la comuna de Renaico.<\/p>\n\n\n\n<p>El&nbsp;subprefecto Gabriel Medrano Padilla, jefe de la&nbsp;Bicrim&nbsp;Angol,&nbsp;explic\u00f3 que&nbsp;\u201cse realizaron diversas diligencias en coordinaci\u00f3n con la fiscal\u00eda local de Angol para la ubicaci\u00f3n de este sujeto, tales como empadronamiento, revisi\u00f3n de redes sociales y posicionamiento del imputado en la ciudad de Renaico, logrando con dichas diligencias su actual ubicaci\u00f3n\u201d.<\/p>\n\n\n\n<p>El oficial agreg\u00f3 que \u201ceste individuo es un ciudadano haitiano, y que se encuentra con situaci\u00f3n migratoria irregular, por lo que tambi\u00e9n fue denunciado a la autoridad administrativa correspondiente\u201d, dijo el subprefecto Medrano.<\/p>\n\n\n\n<p>Por instrucci\u00f3n del fiscal de turno,&nbsp;el sujeto&nbsp;fue&nbsp;puesto a disposici\u00f3n del Juzgado de Garant\u00eda de&nbsp;Angol&nbsp;para el respectivo&nbsp;control de detenci\u00f3n.<\/p>\n\n\n\n<p> <\/p>\n","protected":false},"excerpt":{"rendered":"<div class=\"pvc_clear\"><\/div>\n<p id=\"pvc_stats_38297\" class=\"pvc_stats total_only  \" data-element-id=\"38297\" style=\"\"><i class=\"pvc-stats-icon large\" aria-hidden=\"true\"><svg aria-hidden=\"true\" focusable=\"false\" data-prefix=\"far\" data-icon=\"chart-bar\" role=\"img\" xmlns=\"http:\/\/www.w3.org\/2000\/svg\" viewBox=\"0 0 512 512\" class=\"svg-inline--fa fa-chart-bar fa-w-16 fa-2x\"><path fill=\"currentColor\" d=\"M396.8 352h22.4c6.4 0 12.8-6.4 12.8-12.8V108.8c0-6.4-6.4-12.8-12.8-12.8h-22.4c-6.4 0-12.8 6.4-12.8 12.8v230.4c0 6.4 6.4 12.8 12.8 12.8zm-192 0h22.4c6.4 0 12.8-6.4 12.8-12.8V140.8c0-6.4-6.4-12.8-12.8-12.8h-22.4c-6.4 0-12.8 6.4-12.8 12.8v198.4c0 6.4 6.4 12.8 12.8 12.8zm96 0h22.4c6.4 0 12.8-6.4 12.8-12.8V204.8c0-6.4-6.4-12.8-12.8-12.8h-22.4c-6.4 0-12.8 6.4-12.8 12.8v134.4c0 6.4 6.4 12.8 12.8 12.8zM496 400H48V80c0-8.84-7.16-16-16-16H16C7.16 64 0 71.16 0 80v336c0 17.67 14.33 32 32 32h464c8.84 0 16-7.16 16-16v-16c0-8.84-7.16-16-16-16zm-387.2-48h22.4c6.4 0 12.8-6.4 12.8-12.8v-70.4c0-6.4-6.4-12.8-12.8-12.8h-22.4c-6.4 0-12.8 6.4-12.8 12.8v70.4c0 6.4 6.4 12.8 12.8 12.8z\" class=\"\"><\/path><\/svg><\/i> <img loading=\"lazy\" decoding=\"async\" width=\"16\" height=\"16\" alt=\"Loading\" src=\"https:\/\/temucotelevision.cl\/web\/wp-content\/plugins\/page-views-count\/ajax-loader-2x.gif\" border=0 \/><\/p>\n<div class=\"pvc_clear\"><\/div>\n<p>Detectives de la Brigada&nbsp;de&nbsp;Investigaci\u00f3n Criminal&nbsp;(Bicrim)&nbsp;de la PDI&nbsp;Angol,&nbsp;detuvieron a&nbsp;un&nbsp;hombre, de nacionalidad haitiana, que se encontraba pr\u00f3fugo desde el a\u00f1o 2021, tras<\/p>\n","protected":false},"author":1,"featured_media":37700,"comment_status":"open","ping_status":"open","sticky":false,"template":"","format":"standard","meta":{"colormag_page_container_layout":"default_layout","colormag_page_sidebar_layout":"default_layout","footnotes":""},"categories":[15,16],"tags":[1659,76],"class_list":["post-38297","post","type-post","status-publish","format-standard","has-post-thumbnail","hentry","category-la-araucania","category-policial","tag-extranjero","tag-pdi"],"a3_pvc":{"activated":true,"total_views":56,"today_views":0},"_links":{"self":[{"href":"https:\/\/temucotelevision.cl\/web\/wp-json\/wp\/v2\/posts\/38297","targetHints":{"allow":["GET"]}}],"collection":[{"href":"https:\/\/temucotelevision.cl\/web\/wp-json\/wp\/v2\/posts"}],"about":[{"href":"https:\/\/temucotelevision.cl\/web\/wp-json\/wp\/v2\/types\/post"}],"author":[{"embeddable":true,"href":"https:\/\/temucotelevision.cl\/web\/wp-json\/wp\/v2\/users\/1"}],"replies":[{"embeddable":true,"href":"https:\/\/temucotelevision.cl\/web\/wp-json\/wp\/v2\/comments?post=38297"}],"version-history":[{"count":1,"href":"https:\/\/temucotelevision.cl\/web\/wp-json\/wp\/v2\/posts\/38297\/revisions"}],"predecessor-version":[{"id":38298,"href":"https:\/\/temucotelevision.cl\/web\/wp-json\/wp\/v2\/posts\/38297\/revisions\/38298"}],"wp:featuredmedia":[{"embeddable":true,"href":"https:\/\/temucotelevision.cl\/web\/wp-json\/wp\/v2\/media\/37700"}],"wp:attachment":[{"href":"https:\/\/temucotelevision.cl\/web\/wp-json\/wp\/v2\/media?parent=38297"}],"wp:term":[{"taxonomy":"category","embeddable":true,"href":"https:\/\/temucotelevision.cl\/web\/wp-json\/wp\/v2\/categories?post=38297"},{"taxonomy":"post_tag","embeddable":true,"href":"https:\/\/temucotelevision.cl\/web\/wp-json\/wp\/v2\/tags?post=38297"}],"curies":[{"name":"wp","href":"https:\/\/api.w.org\/{rel}","templated":true}]}}