{"id":38293,"date":"2023-01-26T18:36:07","date_gmt":"2023-01-26T21:36:07","guid":{"rendered":"https:\/\/temucotelevision.cl\/web\/?p=38293"},"modified":"2023-01-26T18:36:08","modified_gmt":"2023-01-26T21:36:08","slug":"entregan-mas-de-100-mil-kilos-de-alimentos-para-animales-de-pequenos-agricultores-de-curacautin","status":"publish","type":"post","link":"https:\/\/temucotelevision.cl\/web\/2023\/01\/26\/entregan-mas-de-100-mil-kilos-de-alimentos-para-animales-de-pequenos-agricultores-de-curacautin\/","title":{"rendered":"Entregan m\u00e1s de 100 mil kilos de alimentos para animales de peque\u00f1os agricultores de Curacaut\u00edn"},"content":{"rendered":"<div class=\"pvc_clear\"><\/div><p id=\"pvc_stats_38293\" class=\"pvc_stats total_only  \" data-element-id=\"38293\" style=\"\"><i class=\"pvc-stats-icon large\" aria-hidden=\"true\"><svg aria-hidden=\"true\" focusable=\"false\" data-prefix=\"far\" data-icon=\"chart-bar\" role=\"img\" xmlns=\"http:\/\/www.w3.org\/2000\/svg\" viewBox=\"0 0 512 512\" class=\"svg-inline--fa fa-chart-bar fa-w-16 fa-2x\"><path fill=\"currentColor\" d=\"M396.8 352h22.4c6.4 0 12.8-6.4 12.8-12.8V108.8c0-6.4-6.4-12.8-12.8-12.8h-22.4c-6.4 0-12.8 6.4-12.8 12.8v230.4c0 6.4 6.4 12.8 12.8 12.8zm-192 0h22.4c6.4 0 12.8-6.4 12.8-12.8V140.8c0-6.4-6.4-12.8-12.8-12.8h-22.4c-6.4 0-12.8 6.4-12.8 12.8v198.4c0 6.4 6.4 12.8 12.8 12.8zm96 0h22.4c6.4 0 12.8-6.4 12.8-12.8V204.8c0-6.4-6.4-12.8-12.8-12.8h-22.4c-6.4 0-12.8 6.4-12.8 12.8v134.4c0 6.4 6.4 12.8 12.8 12.8zM496 400H48V80c0-8.84-7.16-16-16-16H16C7.16 64 0 71.16 0 80v336c0 17.67 14.33 32 32 32h464c8.84 0 16-7.16 16-16v-16c0-8.84-7.16-16-16-16zm-387.2-48h22.4c6.4 0 12.8-6.4 12.8-12.8v-70.4c0-6.4-6.4-12.8-12.8-12.8h-22.4c-6.4 0-12.8 6.4-12.8 12.8v70.4c0 6.4 6.4 12.8 12.8 12.8z\" class=\"\"><\/path><\/svg><\/i> <img loading=\"lazy\" decoding=\"async\" width=\"16\" height=\"16\" alt=\"Loading\" src=\"https:\/\/temucotelevision.cl\/web\/wp-content\/plugins\/page-views-count\/ajax-loader-2x.gif\" border=0 \/><\/p><div class=\"pvc_clear\"><\/div>\n<p><em>El gobernador Luciano Rivas fue el encargado de entregar los 4.731 sacos de Coset\u00e1n de 25 kilos que se reparten por primera vez a 249 familias de Curacaut\u00edn, quienes han sufrido producto de la emergencia agr\u00edcola provocada por el d\u00e9ficit h\u00eddrico que afecta a gran parte del pa\u00eds.<\/em><\/p>\n\n\n\n<p>En julio de 2022, el Ministerio de Agricultura declar\u00f3 en emergencia agr\u00edcola a 12 comunas de La Araucan\u00eda, y ante esta medida el gobernador Luciano Rivas junto al Consejo Regional solicitaron declarar a las 32 comunas de la regi\u00f3n en estado de emergencia, a fin de poder destinar los recursos del 5% del presupuesto regional para ir en ayuda de todos los habitantes que se han visto afectados con los sistemas frontales, pero tambi\u00e9n, para poder anticiparse a otros fen\u00f3menos meteorol\u00f3gicos extremos, tales como el d\u00e9ficit h\u00eddrico que afecta a nuestros pa\u00eds.<\/p>\n\n\n\n<p>Hoy esta medida que fue acogida por el ministerio de agricultura, comienza a hacerse realidad, ya que por primera vez 249 familias y peque\u00f1os agricultores de Curacaut\u00edn recibieron 4.731 sacos de Coset\u00e1n de 25 kilos, alimento concentrado que permitir\u00e1 mantener a los animales ante la escasez de agua y alimentos.<\/p>\n\n\n\n<p>Sobre este apoyo a los peque\u00f1os productores agr\u00edcolas pertenecientes a la provincia de Malleco, el gobernador Luciano Rivas dijo que, \u201choy estamos entregando m\u00e1s de 100 toneladas por parte del Gobierno Regional, en esta alianza que tenemos con el Ministerio de Agricultura por este Decreto de Emergencia que junto a nuestro Consejo, solicitamos que fuera mucho m\u00e1s amplio y tuviera mayor cobertura, para as\u00ed llegar a otras comunas y estamos muy contentos de ver hoy d\u00eda que los usuarios que est\u00e1n recibiendo ac\u00e1 en Curacaut\u00edn, son muchas veces, gente que no recibe fondos o apoyos desde los PDTI o Prodesal, son agricultores que a veces est\u00e1n fuera de los beneficios estatales y que como Gobierno Regional estamos ayudando y estamos pudiendo aportar\u201d.<\/p>\n\n\n\n<p>La autoridad regional adem\u00e1s se\u00f1al\u00f3 que, \u201cnuestro compromiso con el mundo rural es total y lo que buscamos es emparejar la cancha entre lo rural y lo urbano, lo que necesitamos es que la Provincia de Malleco, obviamente, salga adelante y este aporte directo ac\u00e1 a Curacaut\u00edn es bien importante e hist\u00f3rico para la comuna\u201d.<\/p>\n\n\n\n<p>El alcalde de Curacaut\u00edn V\u00edctor Barrera, coment\u00f3 que, \u201cquiero agradecer el aporte que hace el Gobierno Regional a trav\u00e9s de su Consejo, porque a trav\u00e9s de este 1% se puede generar esta emergencia que es tan necesaria, no solo en los lugares m\u00e1s cordilleranos como Lonquimay, nosotros estamos en la precordillera y tambi\u00e9n tenemos usuarios que no son Indap, PDTI y que necesitan de estos beneficios, hist\u00f3ricos, como bien se menciona, con m\u00e1s de 120 mil kilos de concentrado que vienen a suplir un tema importante con todo este tema del alza del precio de los insumos, fertilizantes y que sin duda esto viene, tambi\u00e9n, a ayudar y a mitigar un poco el tema econ\u00f3mico que sufren nuestros agricultores\u201d.<\/p>\n\n\n\n<p>Una de las beneficiarias con 19 sacos, Yertina Lagos, del sector Los Prados dijo que, \u201cla ayuda es muy buena y fundamental para nosotros, porque la sequ\u00eda es inmensa y esto nos va a servir mucho para el alimento de las ovejas y las vacas, as\u00ed que m\u00e1s que feliz\u201d.<\/p>\n\n\n\n<p>Mientras que Audolina Alarc\u00f3n, del sector Vega Larga de la comuna coment\u00f3 que, \u201cestoy recibiendo concentrado para mis ovejitas, que tienen hasta nombre, y esto es s\u00faper bueno porque cuando nieva ah\u00ed es complicado, entonces esto es realmente bueno para nosotros la gente del campo. Esta es la primera vez que recibimos este concentrado para las ovejitas en invierno, as\u00ed que contenta y doy gracias que hay personas que pueden ayudar de esta manera y se preocupan de la gente del campo\u201d.<\/p>\n\n\n\n<p>Destacar adem\u00e1s que esta entrega, que se realiza con recursos del Gobierno Regional a trav\u00e9s de la Seremi de Agricultura de La Araucan\u00eda, donde estuvieron presentes la delegada presidencial de Malleco, Andrea Parra y el seremi de la cartera, H\u00e9ctor Cumilaf, tiene por objetivo ir en apoyo de las familias que viven de la agricultura en La Araucan\u00eda, aporte que considera aproximadamente 19.703 sacos de Coset\u00e1n, 12.544 sacos de guano rojo y 1.550 sacos de UREA, inversi\u00f3n que alcanza un monto total de $339.742.000 y que busca dar respuesta a las necesidades de poblaci\u00f3n afectada por las emergencias agr\u00edcolas, principalmente, por el d\u00e9ficit h\u00eddrico que aqueja a las 32 comunas de la regi\u00f3n.<\/p>\n","protected":false},"excerpt":{"rendered":"<div class=\"pvc_clear\"><\/div>\n<p id=\"pvc_stats_38293\" class=\"pvc_stats total_only  \" data-element-id=\"38293\" style=\"\"><i class=\"pvc-stats-icon large\" aria-hidden=\"true\"><svg aria-hidden=\"true\" focusable=\"false\" data-prefix=\"far\" data-icon=\"chart-bar\" role=\"img\" xmlns=\"http:\/\/www.w3.org\/2000\/svg\" viewBox=\"0 0 512 512\" class=\"svg-inline--fa fa-chart-bar fa-w-16 fa-2x\"><path fill=\"currentColor\" d=\"M396.8 352h22.4c6.4 0 12.8-6.4 12.8-12.8V108.8c0-6.4-6.4-12.8-12.8-12.8h-22.4c-6.4 0-12.8 6.4-12.8 12.8v230.4c0 6.4 6.4 12.8 12.8 12.8zm-192 0h22.4c6.4 0 12.8-6.4 12.8-12.8V140.8c0-6.4-6.4-12.8-12.8-12.8h-22.4c-6.4 0-12.8 6.4-12.8 12.8v198.4c0 6.4 6.4 12.8 12.8 12.8zm96 0h22.4c6.4 0 12.8-6.4 12.8-12.8V204.8c0-6.4-6.4-12.8-12.8-12.8h-22.4c-6.4 0-12.8 6.4-12.8 12.8v134.4c0 6.4 6.4 12.8 12.8 12.8zM496 400H48V80c0-8.84-7.16-16-16-16H16C7.16 64 0 71.16 0 80v336c0 17.67 14.33 32 32 32h464c8.84 0 16-7.16 16-16v-16c0-8.84-7.16-16-16-16zm-387.2-48h22.4c6.4 0 12.8-6.4 12.8-12.8v-70.4c0-6.4-6.4-12.8-12.8-12.8h-22.4c-6.4 0-12.8 6.4-12.8 12.8v70.4c0 6.4 6.4 12.8 12.8 12.8z\" class=\"\"><\/path><\/svg><\/i> <img loading=\"lazy\" decoding=\"async\" width=\"16\" height=\"16\" alt=\"Loading\" src=\"https:\/\/temucotelevision.cl\/web\/wp-content\/plugins\/page-views-count\/ajax-loader-2x.gif\" border=0 \/><\/p>\n<div class=\"pvc_clear\"><\/div>\n<p>El gobernador Luciano Rivas fue el encargado de entregar los 4.731 sacos de Coset\u00e1n de 25 kilos que se reparten<\/p>\n","protected":false},"author":1,"featured_media":38294,"comment_status":"open","ping_status":"open","sticky":false,"template":"","format":"standard","meta":{"colormag_page_container_layout":"default_layout","colormag_page_sidebar_layout":"default_layout","footnotes":""},"categories":[14],"tags":[479,388,562,3229,6125],"class_list":["post-38293","post","type-post","status-publish","format-standard","has-post-thumbnail","hentry","category-temuco","tag-agricultores","tag-alimentos","tag-animales","tag-curacautin","tag-gobierno-regional"],"a3_pvc":{"activated":true,"total_views":38,"today_views":1},"_links":{"self":[{"href":"https:\/\/temucotelevision.cl\/web\/wp-json\/wp\/v2\/posts\/38293","targetHints":{"allow":["GET"]}}],"collection":[{"href":"https:\/\/temucotelevision.cl\/web\/wp-json\/wp\/v2\/posts"}],"about":[{"href":"https:\/\/temucotelevision.cl\/web\/wp-json\/wp\/v2\/types\/post"}],"author":[{"embeddable":true,"href":"https:\/\/temucotelevision.cl\/web\/wp-json\/wp\/v2\/users\/1"}],"replies":[{"embeddable":true,"href":"https:\/\/temucotelevision.cl\/web\/wp-json\/wp\/v2\/comments?post=38293"}],"version-history":[{"count":1,"href":"https:\/\/temucotelevision.cl\/web\/wp-json\/wp\/v2\/posts\/38293\/revisions"}],"predecessor-version":[{"id":38295,"href":"https:\/\/temucotelevision.cl\/web\/wp-json\/wp\/v2\/posts\/38293\/revisions\/38295"}],"wp:featuredmedia":[{"embeddable":true,"href":"https:\/\/temucotelevision.cl\/web\/wp-json\/wp\/v2\/media\/38294"}],"wp:attachment":[{"href":"https:\/\/temucotelevision.cl\/web\/wp-json\/wp\/v2\/media?parent=38293"}],"wp:term":[{"taxonomy":"category","embeddable":true,"href":"https:\/\/temucotelevision.cl\/web\/wp-json\/wp\/v2\/categories?post=38293"},{"taxonomy":"post_tag","embeddable":true,"href":"https:\/\/temucotelevision.cl\/web\/wp-json\/wp\/v2\/tags?post=38293"}],"curies":[{"name":"wp","href":"https:\/\/api.w.org\/{rel}","templated":true}]}}