{"id":38291,"date":"2023-01-26T17:43:13","date_gmt":"2023-01-26T20:43:13","guid":{"rendered":"https:\/\/temucotelevision.cl\/web\/?p=38291"},"modified":"2023-01-26T17:43:14","modified_gmt":"2023-01-26T20:43:14","slug":"senadora-carmen-gloria-aravena-por-aprobacion-de-infraestructura-critica-es-un-hito-legislativo-de-maxima-trascendencia-para-la-seguridad-del-pais","status":"publish","type":"post","link":"https:\/\/temucotelevision.cl\/web\/2023\/01\/26\/senadora-carmen-gloria-aravena-por-aprobacion-de-infraestructura-critica-es-un-hito-legislativo-de-maxima-trascendencia-para-la-seguridad-del-pais\/","title":{"rendered":"Senadora Carmen Gloria Aravena por aprobaci\u00f3n de infraestructura cr\u00edtica: \u201cEs un hito legislativo de m\u00e1xima trascendencia para la seguridad del pa\u00eds\u201d"},"content":{"rendered":"<div class=\"pvc_clear\"><\/div><p id=\"pvc_stats_38291\" class=\"pvc_stats total_only  \" data-element-id=\"38291\" style=\"\"><i class=\"pvc-stats-icon large\" aria-hidden=\"true\"><svg aria-hidden=\"true\" focusable=\"false\" data-prefix=\"far\" data-icon=\"chart-bar\" role=\"img\" xmlns=\"http:\/\/www.w3.org\/2000\/svg\" viewBox=\"0 0 512 512\" class=\"svg-inline--fa fa-chart-bar fa-w-16 fa-2x\"><path fill=\"currentColor\" d=\"M396.8 352h22.4c6.4 0 12.8-6.4 12.8-12.8V108.8c0-6.4-6.4-12.8-12.8-12.8h-22.4c-6.4 0-12.8 6.4-12.8 12.8v230.4c0 6.4 6.4 12.8 12.8 12.8zm-192 0h22.4c6.4 0 12.8-6.4 12.8-12.8V140.8c0-6.4-6.4-12.8-12.8-12.8h-22.4c-6.4 0-12.8 6.4-12.8 12.8v198.4c0 6.4 6.4 12.8 12.8 12.8zm96 0h22.4c6.4 0 12.8-6.4 12.8-12.8V204.8c0-6.4-6.4-12.8-12.8-12.8h-22.4c-6.4 0-12.8 6.4-12.8 12.8v134.4c0 6.4 6.4 12.8 12.8 12.8zM496 400H48V80c0-8.84-7.16-16-16-16H16C7.16 64 0 71.16 0 80v336c0 17.67 14.33 32 32 32h464c8.84 0 16-7.16 16-16v-16c0-8.84-7.16-16-16-16zm-387.2-48h22.4c6.4 0 12.8-6.4 12.8-12.8v-70.4c0-6.4-6.4-12.8-12.8-12.8h-22.4c-6.4 0-12.8 6.4-12.8 12.8v70.4c0 6.4 6.4 12.8 12.8 12.8z\" class=\"\"><\/path><\/svg><\/i> <img loading=\"lazy\" decoding=\"async\" width=\"16\" height=\"16\" alt=\"Loading\" src=\"https:\/\/temucotelevision.cl\/web\/wp-content\/plugins\/page-views-count\/ajax-loader-2x.gif\" border=0 \/><\/p><div class=\"pvc_clear\"><\/div>\n<ul class=\"wp-block-list\"><li><em>Como una de las autoras del proyecto que fue aprobado hoy por la C\u00e1mara de Diputados para su despacho, la legisladora por la Araucan\u00eda destac\u00f3 que \u201cesto nos pone a la vanguardia con los pa\u00edses desarrollados, que permitir\u00e1 a Chile proteger de mejor forma nuestra infraestructura cr\u00edtica y fronteras, y contar con una herramienta adicional para enfrentar el crimen organizado y la violencia que afecta al pa\u00eds, y especialmente a la Macrozona Sur\u201d.<\/em><\/li><\/ul>\n\n\n\n<p><strong>\u00a0<\/strong>M\u00e1s de mil d\u00edas tuvieron que pasar para que el importante proyecto de ley de infraestructura cr\u00edtica que ingres\u00f3 al Congreso el 26 de noviembre de 2019 viera la luz. Y es que pese a que la iniciativa original fue rechazada por la C\u00e1mara de Diputados hace algunos meses, un segundo proyecto que tambi\u00e9n fue impulsado por la Senadora Carmen Gloria Aravena junto a otros parlamentarios fue aprobado hoy por la C\u00e1mara Baja quedando lista para su despacho y posterior promulgaci\u00f3n.<\/p>\n\n\n\n<p>Se trata de una ley muy anhelada por la ciudadan\u00eda, que surge de la violencia desatada a partir del estallido de 2019, donde mucha infraestructura relevante y estrat\u00e9gica fue atacada y vandalizada por grupos violentistas, poniendo en grave peligro el normal funcionamiento del pa\u00eds. Norma que tambi\u00e9n es muy bien recibida por los habitantes de la Macrozona Sur que durante a\u00f1os llevan soportando el asedio de grupos terroristas que operan en la zona y que generan destrucci\u00f3n y mucho temor en la poblaci\u00f3n.<\/p>\n\n\n\n<p>En lo central, el proyecto que fue aprobado permitir\u00e1 el resguardo de la infraestructura que es considerada cr\u00edtica y estrat\u00e9gica para Chile, y tambi\u00e9n la vigilancia de las fronteras por parte de las Fuerzas Armadas, de igual forma como existe esta herramienta en los pa\u00edses desarrollados.<\/p>\n\n\n\n<p>\u201cEstamos frente a un hito legislativo de gran trascendencia para la seguridad del pa\u00eds, de la que soy autora junto a otros senadores, y que hubo que empujar con mucha fuerza durante m\u00e1s de tres a\u00f1os para que finalmente se aprobara, y donde hubo que presentar un segundo proyecto, debido a que el inicial fue rechazado por la C\u00e1mara de Diputados. Adem\u00e1s, se aprob\u00f3 con una amplia mayor\u00eda del Congreso, lo cual es muy valioso, considerando que hasta hace poco tiempo algunos sectores no ve\u00edan con buenos ojos la existencia de esta ley\u201d, puntualiz\u00f3 la Senadora Carmen Gloria Aravena.<\/p>\n\n\n\n<p>La legisladora remarc\u00f3 tambi\u00e9n lo que esta ley significa para muchas v\u00edctimas de la violencia terrorista en la regi\u00f3n de la Araucan\u00eda y la Macrozona Sur. \u201cPara quienes vivimos en esa parte del pa\u00eds, la aprobaci\u00f3n de esta ley es una luz de esperanza que nos permita avanzar en la diminuci\u00f3n de la violencia que nos afecta y en poder tener la tan anhelada paz que deseamos y requerimos para sacar adelante a las regiones afectadas\u201d.<\/p>\n\n\n\n<p>A su vez, la Senadora Aravena calific\u00f3 como un hito el que el proyecto aprobado contemple tambi\u00e9n el resguardo de las fronteras por parte de las Fuerzas Armadas, \u201cya que permitir\u00e1 hacer frente a la compleja situaci\u00f3n que se vive en la zona norte del pa\u00eds, con una inmigraci\u00f3n ilegal desbordada y con fronteras porosas por donde est\u00e1n ingresando indocumentados y tambi\u00e9n integrantes de peligrosas bandas criminales\u201d.<\/p>\n\n\n\n<p>La legisladora finaliz\u00f3 valorando el apoyo transversal a la iniciativa que impuls\u00f3, porque a su juicio, muestra \u201cel camino que debemos seguir para alcanzar acuerdos que vayan en directo beneficio del pa\u00eds, ya que cuando el Estado act\u00faa con una mirada republicana, y el gobierno y Congreso ponen el inter\u00e9s de los ciudadanos por delante, se alcanzan logros de esta enorme relevancia\u201d.<\/p>\n","protected":false},"excerpt":{"rendered":"<div class=\"pvc_clear\"><\/div>\n<p id=\"pvc_stats_38291\" class=\"pvc_stats total_only  \" data-element-id=\"38291\" style=\"\"><i class=\"pvc-stats-icon large\" aria-hidden=\"true\"><svg aria-hidden=\"true\" focusable=\"false\" data-prefix=\"far\" data-icon=\"chart-bar\" role=\"img\" xmlns=\"http:\/\/www.w3.org\/2000\/svg\" viewBox=\"0 0 512 512\" class=\"svg-inline--fa fa-chart-bar fa-w-16 fa-2x\"><path fill=\"currentColor\" d=\"M396.8 352h22.4c6.4 0 12.8-6.4 12.8-12.8V108.8c0-6.4-6.4-12.8-12.8-12.8h-22.4c-6.4 0-12.8 6.4-12.8 12.8v230.4c0 6.4 6.4 12.8 12.8 12.8zm-192 0h22.4c6.4 0 12.8-6.4 12.8-12.8V140.8c0-6.4-6.4-12.8-12.8-12.8h-22.4c-6.4 0-12.8 6.4-12.8 12.8v198.4c0 6.4 6.4 12.8 12.8 12.8zm96 0h22.4c6.4 0 12.8-6.4 12.8-12.8V204.8c0-6.4-6.4-12.8-12.8-12.8h-22.4c-6.4 0-12.8 6.4-12.8 12.8v134.4c0 6.4 6.4 12.8 12.8 12.8zM496 400H48V80c0-8.84-7.16-16-16-16H16C7.16 64 0 71.16 0 80v336c0 17.67 14.33 32 32 32h464c8.84 0 16-7.16 16-16v-16c0-8.84-7.16-16-16-16zm-387.2-48h22.4c6.4 0 12.8-6.4 12.8-12.8v-70.4c0-6.4-6.4-12.8-12.8-12.8h-22.4c-6.4 0-12.8 6.4-12.8 12.8v70.4c0 6.4 6.4 12.8 12.8 12.8z\" class=\"\"><\/path><\/svg><\/i> <img loading=\"lazy\" decoding=\"async\" width=\"16\" height=\"16\" alt=\"Loading\" src=\"https:\/\/temucotelevision.cl\/web\/wp-content\/plugins\/page-views-count\/ajax-loader-2x.gif\" border=0 \/><\/p>\n<div class=\"pvc_clear\"><\/div>\n<p>Como una de las autoras del proyecto que fue aprobado hoy por la C\u00e1mara de Diputados para su despacho, la<\/p>\n","protected":false},"author":1,"featured_media":37707,"comment_status":"open","ping_status":"open","sticky":false,"template":"","format":"standard","meta":{"colormag_page_container_layout":"default_layout","colormag_page_sidebar_layout":"default_layout","footnotes":""},"categories":[84],"tags":[5521,331,399,2065],"class_list":["post-38291","post","type-post","status-publish","format-standard","has-post-thumbnail","hentry","category-politica","tag-infraestructura","tag-pais","tag-seguridad","tag-senadora"],"a3_pvc":{"activated":true,"total_views":66,"today_views":0},"_links":{"self":[{"href":"https:\/\/temucotelevision.cl\/web\/wp-json\/wp\/v2\/posts\/38291","targetHints":{"allow":["GET"]}}],"collection":[{"href":"https:\/\/temucotelevision.cl\/web\/wp-json\/wp\/v2\/posts"}],"about":[{"href":"https:\/\/temucotelevision.cl\/web\/wp-json\/wp\/v2\/types\/post"}],"author":[{"embeddable":true,"href":"https:\/\/temucotelevision.cl\/web\/wp-json\/wp\/v2\/users\/1"}],"replies":[{"embeddable":true,"href":"https:\/\/temucotelevision.cl\/web\/wp-json\/wp\/v2\/comments?post=38291"}],"version-history":[{"count":1,"href":"https:\/\/temucotelevision.cl\/web\/wp-json\/wp\/v2\/posts\/38291\/revisions"}],"predecessor-version":[{"id":38292,"href":"https:\/\/temucotelevision.cl\/web\/wp-json\/wp\/v2\/posts\/38291\/revisions\/38292"}],"wp:featuredmedia":[{"embeddable":true,"href":"https:\/\/temucotelevision.cl\/web\/wp-json\/wp\/v2\/media\/37707"}],"wp:attachment":[{"href":"https:\/\/temucotelevision.cl\/web\/wp-json\/wp\/v2\/media?parent=38291"}],"wp:term":[{"taxonomy":"category","embeddable":true,"href":"https:\/\/temucotelevision.cl\/web\/wp-json\/wp\/v2\/categories?post=38291"},{"taxonomy":"post_tag","embeddable":true,"href":"https:\/\/temucotelevision.cl\/web\/wp-json\/wp\/v2\/tags?post=38291"}],"curies":[{"name":"wp","href":"https:\/\/api.w.org\/{rel}","templated":true}]}}