{"id":38288,"date":"2023-01-26T17:32:09","date_gmt":"2023-01-26T20:32:09","guid":{"rendered":"https:\/\/temucotelevision.cl\/web\/?p=38288"},"modified":"2023-01-26T17:32:10","modified_gmt":"2023-01-26T20:32:10","slug":"ministro-montes-llama-a-los-bancos-a-apoyar-a-las-familias-que-se-beneficiaran-con-nueva-ley-que-garantiza-10-del-credito-hipotecario","status":"publish","type":"post","link":"https:\/\/temucotelevision.cl\/web\/2023\/01\/26\/ministro-montes-llama-a-los-bancos-a-apoyar-a-las-familias-que-se-beneficiaran-con-nueva-ley-que-garantiza-10-del-credito-hipotecario\/","title":{"rendered":"Ministro Montes llama a los bancos a apoyar a las familias que se beneficiar\u00e1n con nueva ley que garantiza 10% del cr\u00e9dito hipotecario"},"content":{"rendered":"<div class=\"pvc_clear\"><\/div><p id=\"pvc_stats_38288\" class=\"pvc_stats total_only  \" data-element-id=\"38288\" style=\"\"><i class=\"pvc-stats-icon large\" aria-hidden=\"true\"><svg aria-hidden=\"true\" focusable=\"false\" data-prefix=\"far\" data-icon=\"chart-bar\" role=\"img\" xmlns=\"http:\/\/www.w3.org\/2000\/svg\" viewBox=\"0 0 512 512\" class=\"svg-inline--fa fa-chart-bar fa-w-16 fa-2x\"><path fill=\"currentColor\" d=\"M396.8 352h22.4c6.4 0 12.8-6.4 12.8-12.8V108.8c0-6.4-6.4-12.8-12.8-12.8h-22.4c-6.4 0-12.8 6.4-12.8 12.8v230.4c0 6.4 6.4 12.8 12.8 12.8zm-192 0h22.4c6.4 0 12.8-6.4 12.8-12.8V140.8c0-6.4-6.4-12.8-12.8-12.8h-22.4c-6.4 0-12.8 6.4-12.8 12.8v198.4c0 6.4 6.4 12.8 12.8 12.8zm96 0h22.4c6.4 0 12.8-6.4 12.8-12.8V204.8c0-6.4-6.4-12.8-12.8-12.8h-22.4c-6.4 0-12.8 6.4-12.8 12.8v134.4c0 6.4 6.4 12.8 12.8 12.8zM496 400H48V80c0-8.84-7.16-16-16-16H16C7.16 64 0 71.16 0 80v336c0 17.67 14.33 32 32 32h464c8.84 0 16-7.16 16-16v-16c0-8.84-7.16-16-16-16zm-387.2-48h22.4c6.4 0 12.8-6.4 12.8-12.8v-70.4c0-6.4-6.4-12.8-12.8-12.8h-22.4c-6.4 0-12.8 6.4-12.8 12.8v70.4c0 6.4 6.4 12.8 12.8 12.8z\" class=\"\"><\/path><\/svg><\/i> <img loading=\"lazy\" decoding=\"async\" width=\"16\" height=\"16\" alt=\"Loading\" src=\"https:\/\/temucotelevision.cl\/web\/wp-content\/plugins\/page-views-count\/ajax-loader-2x.gif\" border=0 \/><\/p><div class=\"pvc_clear\"><\/div>\n<p><strong>Adem\u00e1s de valorar la aprobaci\u00f3n de la nueva ley que crea Fondo de Garant\u00edas Especiales, el titular de Vivienda y Urbanismo indic\u00f3 que la banca tambi\u00e9n debe apoyar a las empresas del rubro de la construcci\u00f3n que requieren de financiamiento para as\u00ed aportar en la reactivaci\u00f3n econ\u00f3mica del pa\u00eds.<\/strong><\/p>\n\n\n\n<p><strong>\u2022 En la Sala de la C\u00e1mara de Diputados tambi\u00e9n avanz\u00f3 el proyecto que modifica diversos cuerpos normativos para adecuarlos al Plan de Emergencia Habitacional y que ahora continuar\u00e1 su tramitaci\u00f3n en el Senado.<\/strong><\/p>\n\n\n\n<p> La C\u00e1mara de Diputados aprob\u00f3 por unanimidad la ley que crea un Fondo de Garant\u00edas Especiales para apoyar la compra y la construcci\u00f3n de viviendas.\u00a0 El ministro de Vivienda y Urbanismo,\u00a0<strong>Carlos Montes<\/strong>, junto a la subsecretar\u00eda de Econom\u00eda y Empresas de Menor Tama\u00f1o de Chile, Javiera Petersen, valoraron el respaldo a esta iniciativa que contempla, entre otras medidas, la entrega de una garant\u00eda por el 10% de un cr\u00e9dito hipotecario de hasta 4.500UF, para las personas que buscan acceder por primera vez a una vivienda.<\/p>\n\n\n\n<p>Este beneficio facilitar\u00e1 el acceso al cr\u00e9dito, ya que el porcentaje usual de un pie hipotecario en el mercado es de un 20%.&nbsp;&nbsp;<\/p>\n\n\n\n<p>\u201cLas familias y las empresas tienen mucha dificultad para obtener financiamiento, hay un problema de liquidez y eso impide que se inicien proyectos o que las familias puedan acceder a la vivienda. \u00bfQu\u00e9 es lo que hace este proyecto? Es corregir eso. Esperamos que los bancos le presten a las familias y las empresas, otras condiciones, porque ellos al comienzo de la situaci\u00f3n actual se replegaron, se defendieron mucho. Han tenido grandes utilidades con la inflaci\u00f3n y hoy d\u00eda lleg\u00f3 el momento que los bancos apoyen a las familias, apoyen a las empresas y la reactivaci\u00f3n econ\u00f3mica. Estamos muy contentos y agradecemos la unanimidad\u201d, dijo el ministro Carlos Montes.&nbsp;<\/p>\n\n\n\n<p>La garant\u00eda del 10% est\u00e1 destinado a personas que no han recibido ning\u00fan tipo de subsidio o beneficio estatal para el financiamiento de una vivienda. Seg\u00fan estimaciones presentadas por la industria durante el debate de la ley, existe un total 24.400 viviendas en el mercado en las que se podr\u00eda aplicar la garant\u00eda.<\/p>\n\n\n\n<p>Junto con establecer un Programa de Garant\u00edas Apoyo a la Vivienda, la ley crea el Programa Apoyo a la Construcci\u00f3n, cuyo fin es apoyar a empresas del rubro cuyas ventas netas anuales est\u00e9n entre las 100.000 y 1.000.000 de UF, las que podr\u00e1n optar a garant\u00edas de un 60 y 70% para acceder a cr\u00e9ditos.&nbsp;<\/p>\n\n\n\n<p>\u201cEsta es una muy buena noticia para la econom\u00eda, en primer lugar, porque vamos a llegar con un mecanismo que apalanca financiamiento al sector de la construcci\u00f3n y al sector inmobiliario, sectores que han sido particularmente afectados por la situaci\u00f3n econ\u00f3mica que hemos estado viviendo. Es un sector muy importante para la recuperaci\u00f3n y que emplea a muchos trabajadores y que tienen encadenamientos muy importantes con el resto del tejido productivo del pa\u00eds\u201d, indic\u00f3 la subsecretaria Petersen.<\/p>\n\n\n\n<p><strong>Avanza ley que facilita construcci\u00f3n de viviendas<\/strong><\/p>\n\n\n\n<p>Por otra parte, la Sala de la C\u00e1mara de Diputados aprob\u00f3 por 121 votos el proyecto que modifica diversos cuerpos normativos para adecuarlos al Plan de Emergencia Habitacional y facilitar la ejecuci\u00f3n de obras urbanas. El ministro Carlos Montes explic\u00f3 que esta es una iniciativa que busca resolver distintos \u201ccuellos de botellas\u201d para avanzar en la construcci\u00f3n de viviendas.<\/p>\n\n\n\n<p>\u201cPor ejemplo, hay un programa de vivienda para trabajadores y este programa supone que la empresa dona un proyecto y que los trabajadores ponen su ahorro, y el Estado pone el financiamiento.&nbsp; Pero hab\u00eda un problema, porque se le cobraba un impuesto por la donaci\u00f3n, y no permit\u00edan tratarlo como gasto para producir la renta. Esto es muy importante porque m\u00e1s trabajadores van a poder acceder a este financiamiento\u201d, afirm\u00f3 el ministro Montes, sobre este proyecto de ley que ahora continuar\u00e1 su tramitaci\u00f3n en el Senado.<\/p>\n","protected":false},"excerpt":{"rendered":"<div class=\"pvc_clear\"><\/div>\n<p id=\"pvc_stats_38288\" class=\"pvc_stats total_only  \" data-element-id=\"38288\" style=\"\"><i class=\"pvc-stats-icon large\" aria-hidden=\"true\"><svg aria-hidden=\"true\" focusable=\"false\" data-prefix=\"far\" data-icon=\"chart-bar\" role=\"img\" xmlns=\"http:\/\/www.w3.org\/2000\/svg\" viewBox=\"0 0 512 512\" class=\"svg-inline--fa fa-chart-bar fa-w-16 fa-2x\"><path fill=\"currentColor\" d=\"M396.8 352h22.4c6.4 0 12.8-6.4 12.8-12.8V108.8c0-6.4-6.4-12.8-12.8-12.8h-22.4c-6.4 0-12.8 6.4-12.8 12.8v230.4c0 6.4 6.4 12.8 12.8 12.8zm-192 0h22.4c6.4 0 12.8-6.4 12.8-12.8V140.8c0-6.4-6.4-12.8-12.8-12.8h-22.4c-6.4 0-12.8 6.4-12.8 12.8v198.4c0 6.4 6.4 12.8 12.8 12.8zm96 0h22.4c6.4 0 12.8-6.4 12.8-12.8V204.8c0-6.4-6.4-12.8-12.8-12.8h-22.4c-6.4 0-12.8 6.4-12.8 12.8v134.4c0 6.4 6.4 12.8 12.8 12.8zM496 400H48V80c0-8.84-7.16-16-16-16H16C7.16 64 0 71.16 0 80v336c0 17.67 14.33 32 32 32h464c8.84 0 16-7.16 16-16v-16c0-8.84-7.16-16-16-16zm-387.2-48h22.4c6.4 0 12.8-6.4 12.8-12.8v-70.4c0-6.4-6.4-12.8-12.8-12.8h-22.4c-6.4 0-12.8 6.4-12.8 12.8v70.4c0 6.4 6.4 12.8 12.8 12.8z\" class=\"\"><\/path><\/svg><\/i> <img loading=\"lazy\" decoding=\"async\" width=\"16\" height=\"16\" alt=\"Loading\" src=\"https:\/\/temucotelevision.cl\/web\/wp-content\/plugins\/page-views-count\/ajax-loader-2x.gif\" border=0 \/><\/p>\n<div class=\"pvc_clear\"><\/div>\n<p>Adem\u00e1s de valorar la aprobaci\u00f3n de la nueva ley que crea Fondo de Garant\u00edas Especiales, el titular de Vivienda y<\/p>\n","protected":false},"author":1,"featured_media":38289,"comment_status":"open","ping_status":"open","sticky":false,"template":"","format":"standard","meta":{"colormag_page_container_layout":"default_layout","colormag_page_sidebar_layout":"default_layout","footnotes":""},"categories":[101,14],"tags":[1621,2434,147,506,318],"class_list":["post-38288","post","type-post","status-publish","format-standard","has-post-thumbnail","hentry","category-actualidad","category-temuco","tag-bancos","tag-credito","tag-familias","tag-ley","tag-ministro"],"a3_pvc":{"activated":true,"total_views":49,"today_views":0},"_links":{"self":[{"href":"https:\/\/temucotelevision.cl\/web\/wp-json\/wp\/v2\/posts\/38288","targetHints":{"allow":["GET"]}}],"collection":[{"href":"https:\/\/temucotelevision.cl\/web\/wp-json\/wp\/v2\/posts"}],"about":[{"href":"https:\/\/temucotelevision.cl\/web\/wp-json\/wp\/v2\/types\/post"}],"author":[{"embeddable":true,"href":"https:\/\/temucotelevision.cl\/web\/wp-json\/wp\/v2\/users\/1"}],"replies":[{"embeddable":true,"href":"https:\/\/temucotelevision.cl\/web\/wp-json\/wp\/v2\/comments?post=38288"}],"version-history":[{"count":1,"href":"https:\/\/temucotelevision.cl\/web\/wp-json\/wp\/v2\/posts\/38288\/revisions"}],"predecessor-version":[{"id":38290,"href":"https:\/\/temucotelevision.cl\/web\/wp-json\/wp\/v2\/posts\/38288\/revisions\/38290"}],"wp:featuredmedia":[{"embeddable":true,"href":"https:\/\/temucotelevision.cl\/web\/wp-json\/wp\/v2\/media\/38289"}],"wp:attachment":[{"href":"https:\/\/temucotelevision.cl\/web\/wp-json\/wp\/v2\/media?parent=38288"}],"wp:term":[{"taxonomy":"category","embeddable":true,"href":"https:\/\/temucotelevision.cl\/web\/wp-json\/wp\/v2\/categories?post=38288"},{"taxonomy":"post_tag","embeddable":true,"href":"https:\/\/temucotelevision.cl\/web\/wp-json\/wp\/v2\/tags?post=38288"}],"curies":[{"name":"wp","href":"https:\/\/api.w.org\/{rel}","templated":true}]}}