{"id":38273,"date":"2023-01-26T17:07:34","date_gmt":"2023-01-26T20:07:34","guid":{"rendered":"https:\/\/temucotelevision.cl\/web\/?p=38273"},"modified":"2023-01-26T17:12:25","modified_gmt":"2023-01-26T20:12:25","slug":"el-joker-abre-su-intimidad-en-el-teatro","status":"publish","type":"post","link":"https:\/\/temucotelevision.cl\/web\/2023\/01\/26\/el-joker-abre-su-intimidad-en-el-teatro\/","title":{"rendered":"El Joker abre su intimidad en el teatro"},"content":{"rendered":"<div class=\"pvc_clear\"><\/div><p id=\"pvc_stats_38273\" class=\"pvc_stats total_only  \" data-element-id=\"38273\" style=\"\"><i class=\"pvc-stats-icon large\" aria-hidden=\"true\"><svg aria-hidden=\"true\" focusable=\"false\" data-prefix=\"far\" data-icon=\"chart-bar\" role=\"img\" xmlns=\"http:\/\/www.w3.org\/2000\/svg\" viewBox=\"0 0 512 512\" class=\"svg-inline--fa fa-chart-bar fa-w-16 fa-2x\"><path fill=\"currentColor\" d=\"M396.8 352h22.4c6.4 0 12.8-6.4 12.8-12.8V108.8c0-6.4-6.4-12.8-12.8-12.8h-22.4c-6.4 0-12.8 6.4-12.8 12.8v230.4c0 6.4 6.4 12.8 12.8 12.8zm-192 0h22.4c6.4 0 12.8-6.4 12.8-12.8V140.8c0-6.4-6.4-12.8-12.8-12.8h-22.4c-6.4 0-12.8 6.4-12.8 12.8v198.4c0 6.4 6.4 12.8 12.8 12.8zm96 0h22.4c6.4 0 12.8-6.4 12.8-12.8V204.8c0-6.4-6.4-12.8-12.8-12.8h-22.4c-6.4 0-12.8 6.4-12.8 12.8v134.4c0 6.4 6.4 12.8 12.8 12.8zM496 400H48V80c0-8.84-7.16-16-16-16H16C7.16 64 0 71.16 0 80v336c0 17.67 14.33 32 32 32h464c8.84 0 16-7.16 16-16v-16c0-8.84-7.16-16-16-16zm-387.2-48h22.4c6.4 0 12.8-6.4 12.8-12.8v-70.4c0-6.4-6.4-12.8-12.8-12.8h-22.4c-6.4 0-12.8 6.4-12.8 12.8v70.4c0 6.4 6.4 12.8 12.8 12.8z\" class=\"\"><\/path><\/svg><\/i> <img loading=\"lazy\" decoding=\"async\" width=\"16\" height=\"16\" alt=\"Loading\" src=\"https:\/\/temucotelevision.cl\/web\/wp-content\/plugins\/page-views-count\/ajax-loader-2x.gif\" border=0 \/><\/p><div class=\"pvc_clear\"><\/div>\n<ul class=\"wp-block-list\"><li><strong>Felipe R\u00edos encarna al popular personaje en \u201cEl Joker de la Cuarta Pared\u201d, con una visi\u00f3n psicol\u00f3gica de la pel\u00edcula de 2019 y cuya puesta en escena nacional dirige Christian Z\u00fa\u00f1iga.<\/strong><\/li><\/ul>\n\n\n\n<ul class=\"wp-block-list\"><li><strong>El estreno ser\u00e1 el 17 de agosto en el Teatro Bellavista, y la producci\u00f3n est\u00e1 a cargo de MST Teatro y Swing Management.<\/strong><\/li><\/ul>\n\n\n\n<p>La pel\u00edcula \u201cEl Joker\u201d impact\u00f3 a nivel internacional no solo por la actuaci\u00f3n de Joaquin Phoenix, sino tambi\u00e9n por su resonancia con el descontento social que remeci\u00f3 varios pa\u00edses -incluido Chile- poco despu\u00e9s de su debut, en 2019. En ese contexto, la historia de un perdedor que no encuentra ayuda en el sistema y enloquece hasta convertirse en un asesino es ideal para llevarla al teatro. Felipe R\u00edos, conocido actor de teatro y TV, protagoniza \u201cEl Joker de la Cuarta Pared\u201d, mon\u00f3logo original del argentino Guillermo Ale que en Chile debutar\u00e1 el 17 de agosto bajo la direcci\u00f3n de Christian Z\u00fa\u00f1iga (\u201cEl bar\u201d, \u201cRevueltos\u201d) en el Teatro Bellavista.<\/p>\n\n\n\n<p>En escena, adem\u00e1s de R\u00edos est\u00e1 presente Diego<strong>&nbsp;<\/strong>Echeverr\u00eda en una participaci\u00f3n especial&nbsp;<\/p>\n\n\n\n<p>La obra relata c\u00f3mo Arthur Fleck, quien sufre depresi\u00f3n, trabaja como payaso y anhela ser comediante, se sumerge en un espiral nihilista que lo lleva a empu\u00f1ar una pistola. La pobreza que vive con su madre enferma, la discriminaci\u00f3n que sufre, el despido de su trabajo y una historia de abuso, transforman a un ser aparentemente anodino en un sujeto enfurecido y criminal.&nbsp;<\/p>\n\n\n\n<p>Felipe R\u00edos, tambi\u00e9n jurado y participante de programas de baile, fue convocado porque -seg\u00fan el director Christian Z\u00fa\u00f1iga- cumple con el casting ideal para convertirse en el Joker. El int\u00e9rprete comenta que \u201cme dio susto altiro, pero era tan atractivo hacer el Joker y la pel\u00edcula es tan reciente y tan potente, que gana la ambici\u00f3n y dan ganas de hacerlo\u201d.<\/p>\n\n\n\n<p>Sumergirse en el personaje ha sido turbulento para \u00e9l, tanto por el viaje psicol\u00f3gico como por el desaf\u00edo de asimilar la letra del mon\u00f3logo (el segundo de su carrera). Cuenta que no ha buscado referentes aparte de la pel\u00edcula, ya que \u201che buscado m\u00e1s en c\u00f3mo a m\u00ed me funciona. Lo que m\u00e1s me ha marcado Cristi\u00e1n no es la locura del loco, sino la locura del tipo peligroso, del asesino que cada uno podr\u00eda llevar dentro. La risa compulsiva es dif\u00edcil porque es una risa de angustia, de enfermedad, entonces, tambi\u00e9n tengo que afinarla lo mejor que se pueda\u201d.<\/p>\n\n\n\n<p>A Felipe el Joker le dice que el mundo se puede cambiar, pero desde un lugar equivocado: \u201cEs un tipo muy angustiado, que trata de salir de su depresi\u00f3n pero le es imposible. El sistema no lo ayuda para nada, al contrario, lo \u00fanico que hace es provocar que su ira, su rabia y su locura salgan cada vez m\u00e1s. Todo lo que \u00e9l quiere es ser un comediante, un standapero, pero la gente se r\u00ede de \u00e9l, no de sus chistes, y eso le provoca mucho dolor y rabia. Entonces asesina, que es la forma que tiene de liberarse. Adem\u00e1s, la obra toca un momento social que tambi\u00e9n tiene que ver con lo que pasa en Chile\u201d.<\/p>\n\n\n\n<p>Para Z\u00fa\u00f1iga (con una vasta trayectoria como director de teatro), el desaf\u00edo de esta propuesta es hacer una versi\u00f3n teatral de un gran \u00e9xito cinematogr\u00e1fico. \u201cLa idea es rescatar el esp\u00edritu de la pel\u00edcula, pero a la vez hacer una propuesta teatral que no tenga punto de comparaci\u00f3n con ella, para que la gente puede entregarse a ver un espect\u00e1culo, una aventura teatral que no es comparable con el cine\u201d.<\/p>\n\n\n\n<p>Enfatiza que su propuesta busca contar, de manera no realista ni literal, el viaje de Arthur: \u201cNuestra historia transcurre cuando \u00e9l ya est\u00e1 recluido en un hospital. \u00c9l empieza a contarnos c\u00f3mo fue lo que vivi\u00f3, c\u00f3mo se convierte en un asesino y, de manera accidental, en un \u00edcono de masas\u201d. Adem\u00e1s Christian Z\u00fa\u00f1iga comenta que la b\u00fasqueda consiste en \u201cmeterse en la mente de \u00e9l para tratar de entender d\u00f3nde est\u00e1, lo que ve y lo que siente\u201d.<\/p>\n\n\n\n<p>Detr\u00e1s del montaje est\u00e1 el productor trasandino Carlos Seminara, quien se\u00f1ala que el Joker es un personaje universal. \u201cLos cambios que sufre Arthur actualizan&nbsp;<em>La metamorfosis<\/em>&nbsp;de Kafka, con un personaje que hoy est\u00e1 muy de moda. Como producci\u00f3n, lo que me interesa es trasmitir c\u00f3mo una persona va sufriendo, a trav\u00e9s de circunstancias externas, modificaciones en su comportamiento. C\u00f3mo un payaso se termina transformando en uno de los asesinos m\u00e1s temidos de la historia\u201d, precisa.&nbsp;<\/p>\n\n\n\n<p>Sobre la puesta en escena, Seminara adelanta que se diferencia de la argentina en t\u00e9rminos de mayor teatralidad, gracias a algunos elementos que interact\u00faan con Arthur y ayudan a recrear su mundo.<\/p>\n\n\n\n<p>\u00a0<\/p>\n\n\n\n<figure class=\"wp-block-image size-large\"><img loading=\"lazy\" decoding=\"async\" width=\"1024\" height=\"536\" src=\"https:\/\/temucotelevision.cl\/web\/wp-content\/uploads\/2023\/01\/Joker-28Temuco-1200x628-1-1024x536.jpg\" alt=\"\" class=\"wp-image-38278\" srcset=\"https:\/\/temucotelevision.cl\/web\/wp-content\/uploads\/2023\/01\/Joker-28Temuco-1200x628-1-1024x536.jpg 1024w, https:\/\/temucotelevision.cl\/web\/wp-content\/uploads\/2023\/01\/Joker-28Temuco-1200x628-1-768x402.jpg 768w, https:\/\/temucotelevision.cl\/web\/wp-content\/uploads\/2023\/01\/Joker-28Temuco-1200x628-1-390x205.jpg 390w, https:\/\/temucotelevision.cl\/web\/wp-content\/uploads\/2023\/01\/Joker-28Temuco-1200x628-1.jpg 1200w\" sizes=\"auto, (max-width: 1024px) 100vw, 1024px\" \/><\/figure>\n\n\n\n<p><strong>Ficha art\u00edstica<\/strong><\/p>\n\n\n\n<p>\u201cEl Jocker de la cuarta pared\u201d<\/p>\n\n\n\n<p>Int\u00e9rprete: Felipe R\u00edos<\/p>\n\n\n\n<p>Direccion: Christian Z\u00fa\u00f1iga<\/p>\n\n\n\n<p>Gui\u00f3n original: Guillermo Ale<\/p>\n\n\n\n<p>Participaci\u00f3n especial: Diego Echeverr\u00eda<\/p>\n\n\n\n<p>Producci\u00f3n general: Carlos Seminara<\/p>\n\n\n\n<p>Colaboraci\u00f3n especial: Blanca Lewin &#8211; Marcelo Quezada &#8211; Omar Hern\u00e1ndez&nbsp;&nbsp;&nbsp;&nbsp;<\/p>\n\n\n\n<p>&nbsp;&nbsp;&nbsp;&nbsp;&nbsp;&nbsp;&nbsp;&nbsp;&nbsp;&nbsp;&nbsp;&nbsp;&nbsp;&nbsp;&nbsp;&nbsp;&nbsp;&nbsp;&nbsp;&nbsp;&nbsp;&nbsp;&nbsp;&nbsp;&nbsp;&nbsp;&nbsp;&nbsp;&nbsp;&nbsp;&nbsp;&nbsp;&nbsp;&nbsp;&nbsp;&nbsp;&nbsp;Nicol\u00e1s Salinas<\/p>\n\n\n\n<p>Fotografia: Natalia Belmar<\/p>\n\n\n\n<p>Asistente de fotograf\u00eda: Sebasti\u00e1n Hartwig&nbsp;<\/p>\n\n\n\n<p>Videos: Lorena Venegas<\/p>\n\n\n\n<p>Dise\u00f1os: Mar\u00eda de los \u00c1ngeles Cunto<\/p>\n\n\n\n<p>Escenografia: Juan Carlos Uribe<\/p>\n\n\n\n<p>Direcci\u00f3n t\u00e9cnica: Daniel Soto &#8211; Enrique Neira<\/p>\n\n\n\n<p>Agradecimientos: Casapayaso &#8211; Mikal pelucas<\/p>\n\n\n\n<p>Producci\u00f3n: MST Teatro &#8211; Swing Management<\/p>\n\n\n\n<p><strong>Coordenadas<\/strong><\/p>\n\n\n\n<p>Teatro Bellavista (Dardignac 0110, Providencia)<\/p>\n\n\n\n<p>Estreno 17 de agosto<\/p>\n\n\n\n<p>Temporada: Agosto: S\u00e1bado 20 hs<\/p>\n\n\n\n<p>&nbsp;&nbsp;&nbsp;&nbsp;&nbsp;&nbsp;&nbsp;&nbsp;&nbsp;&nbsp;&nbsp;&nbsp;&nbsp;&nbsp;&nbsp;&nbsp;&nbsp;&nbsp;&nbsp;&nbsp;Septiembre: Viernes y S\u00e1bado 20 hs<\/p>\n\n\n\n<p>Valor entrada: Platea Baja: $ 14.000<\/p>\n\n\n\n<p>&nbsp;&nbsp;&nbsp;&nbsp;&nbsp;&nbsp;&nbsp;&nbsp;&nbsp;&nbsp;&nbsp;&nbsp;&nbsp;&nbsp;&nbsp;&nbsp;&nbsp;&nbsp;&nbsp;&nbsp;&nbsp;&nbsp;&nbsp;&nbsp;Platea Alta:&nbsp;&nbsp;$&nbsp;&nbsp;9.000<\/p>\n\n\n\n<p>Entradas en venta a trav\u00e9s de Puntoticket<\/p>\n\n\n\n<figure class=\"wp-block-image size-large\"><img loading=\"lazy\" decoding=\"async\" width=\"1024\" height=\"632\" src=\"https:\/\/temucotelevision.cl\/web\/wp-content\/uploads\/2023\/01\/Captura-de-pantalla-2023-01-26-a-las-17.06.33-1024x632.png\" alt=\"\" class=\"wp-image-38275\" srcset=\"https:\/\/temucotelevision.cl\/web\/wp-content\/uploads\/2023\/01\/Captura-de-pantalla-2023-01-26-a-las-17.06.33-1024x632.png 1024w, https:\/\/temucotelevision.cl\/web\/wp-content\/uploads\/2023\/01\/Captura-de-pantalla-2023-01-26-a-las-17.06.33-768x474.png 768w, https:\/\/temucotelevision.cl\/web\/wp-content\/uploads\/2023\/01\/Captura-de-pantalla-2023-01-26-a-las-17.06.33-1536x948.png 1536w, https:\/\/temucotelevision.cl\/web\/wp-content\/uploads\/2023\/01\/Captura-de-pantalla-2023-01-26-a-las-17.06.33.png 1918w\" sizes=\"auto, (max-width: 1024px) 100vw, 1024px\" \/><\/figure>\n","protected":false},"excerpt":{"rendered":"<div class=\"pvc_clear\"><\/div>\n<p id=\"pvc_stats_38273\" class=\"pvc_stats total_only  \" data-element-id=\"38273\" style=\"\"><i class=\"pvc-stats-icon large\" aria-hidden=\"true\"><svg aria-hidden=\"true\" focusable=\"false\" data-prefix=\"far\" data-icon=\"chart-bar\" role=\"img\" xmlns=\"http:\/\/www.w3.org\/2000\/svg\" viewBox=\"0 0 512 512\" class=\"svg-inline--fa fa-chart-bar fa-w-16 fa-2x\"><path fill=\"currentColor\" d=\"M396.8 352h22.4c6.4 0 12.8-6.4 12.8-12.8V108.8c0-6.4-6.4-12.8-12.8-12.8h-22.4c-6.4 0-12.8 6.4-12.8 12.8v230.4c0 6.4 6.4 12.8 12.8 12.8zm-192 0h22.4c6.4 0 12.8-6.4 12.8-12.8V140.8c0-6.4-6.4-12.8-12.8-12.8h-22.4c-6.4 0-12.8 6.4-12.8 12.8v198.4c0 6.4 6.4 12.8 12.8 12.8zm96 0h22.4c6.4 0 12.8-6.4 12.8-12.8V204.8c0-6.4-6.4-12.8-12.8-12.8h-22.4c-6.4 0-12.8 6.4-12.8 12.8v134.4c0 6.4 6.4 12.8 12.8 12.8zM496 400H48V80c0-8.84-7.16-16-16-16H16C7.16 64 0 71.16 0 80v336c0 17.67 14.33 32 32 32h464c8.84 0 16-7.16 16-16v-16c0-8.84-7.16-16-16-16zm-387.2-48h22.4c6.4 0 12.8-6.4 12.8-12.8v-70.4c0-6.4-6.4-12.8-12.8-12.8h-22.4c-6.4 0-12.8 6.4-12.8 12.8v70.4c0 6.4 6.4 12.8 12.8 12.8z\" class=\"\"><\/path><\/svg><\/i> <img loading=\"lazy\" decoding=\"async\" width=\"16\" height=\"16\" alt=\"Loading\" src=\"https:\/\/temucotelevision.cl\/web\/wp-content\/plugins\/page-views-count\/ajax-loader-2x.gif\" border=0 \/><\/p>\n<div class=\"pvc_clear\"><\/div>\n<p>Felipe R\u00edos encarna al popular personaje en \u201cEl Joker de la Cuarta Pared\u201d, con una visi\u00f3n psicol\u00f3gica de la pel\u00edcula<\/p>\n","protected":false},"author":1,"featured_media":38274,"comment_status":"open","ping_status":"open","sticky":false,"template":"","format":"standard","meta":{"colormag_page_container_layout":"default_layout","colormag_page_sidebar_layout":"default_layout","footnotes":""},"categories":[86],"tags":[6124,925],"class_list":["post-38273","post","type-post","status-publish","format-standard","has-post-thumbnail","hentry","category-panoramas","tag-el-joker","tag-obra"],"a3_pvc":{"activated":true,"total_views":145,"today_views":0},"_links":{"self":[{"href":"https:\/\/temucotelevision.cl\/web\/wp-json\/wp\/v2\/posts\/38273","targetHints":{"allow":["GET"]}}],"collection":[{"href":"https:\/\/temucotelevision.cl\/web\/wp-json\/wp\/v2\/posts"}],"about":[{"href":"https:\/\/temucotelevision.cl\/web\/wp-json\/wp\/v2\/types\/post"}],"author":[{"embeddable":true,"href":"https:\/\/temucotelevision.cl\/web\/wp-json\/wp\/v2\/users\/1"}],"replies":[{"embeddable":true,"href":"https:\/\/temucotelevision.cl\/web\/wp-json\/wp\/v2\/comments?post=38273"}],"version-history":[{"count":2,"href":"https:\/\/temucotelevision.cl\/web\/wp-json\/wp\/v2\/posts\/38273\/revisions"}],"predecessor-version":[{"id":38279,"href":"https:\/\/temucotelevision.cl\/web\/wp-json\/wp\/v2\/posts\/38273\/revisions\/38279"}],"wp:featuredmedia":[{"embeddable":true,"href":"https:\/\/temucotelevision.cl\/web\/wp-json\/wp\/v2\/media\/38274"}],"wp:attachment":[{"href":"https:\/\/temucotelevision.cl\/web\/wp-json\/wp\/v2\/media?parent=38273"}],"wp:term":[{"taxonomy":"category","embeddable":true,"href":"https:\/\/temucotelevision.cl\/web\/wp-json\/wp\/v2\/categories?post=38273"},{"taxonomy":"post_tag","embeddable":true,"href":"https:\/\/temucotelevision.cl\/web\/wp-json\/wp\/v2\/tags?post=38273"}],"curies":[{"name":"wp","href":"https:\/\/api.w.org\/{rel}","templated":true}]}}