{"id":38270,"date":"2023-01-26T16:59:24","date_gmt":"2023-01-26T19:59:24","guid":{"rendered":"https:\/\/temucotelevision.cl\/web\/?p=38270"},"modified":"2023-01-26T16:59:25","modified_gmt":"2023-01-26T19:59:25","slug":"programas-corfo-de-turismo-de-todo-chile-se-reunen-para-abordar-los-nuevos-desafios-del-sector","status":"publish","type":"post","link":"https:\/\/temucotelevision.cl\/web\/2023\/01\/26\/programas-corfo-de-turismo-de-todo-chile-se-reunen-para-abordar-los-nuevos-desafios-del-sector\/","title":{"rendered":"Programas Corfo de turismo de todo Chile se re\u00fanen para abordar los nuevos desaf\u00edos del sector\u00a0"},"content":{"rendered":"<div class=\"pvc_clear\"><\/div><p id=\"pvc_stats_38270\" class=\"pvc_stats total_only  \" data-element-id=\"38270\" style=\"\"><i class=\"pvc-stats-icon large\" aria-hidden=\"true\"><svg aria-hidden=\"true\" focusable=\"false\" data-prefix=\"far\" data-icon=\"chart-bar\" role=\"img\" xmlns=\"http:\/\/www.w3.org\/2000\/svg\" viewBox=\"0 0 512 512\" class=\"svg-inline--fa fa-chart-bar fa-w-16 fa-2x\"><path fill=\"currentColor\" d=\"M396.8 352h22.4c6.4 0 12.8-6.4 12.8-12.8V108.8c0-6.4-6.4-12.8-12.8-12.8h-22.4c-6.4 0-12.8 6.4-12.8 12.8v230.4c0 6.4 6.4 12.8 12.8 12.8zm-192 0h22.4c6.4 0 12.8-6.4 12.8-12.8V140.8c0-6.4-6.4-12.8-12.8-12.8h-22.4c-6.4 0-12.8 6.4-12.8 12.8v198.4c0 6.4 6.4 12.8 12.8 12.8zm96 0h22.4c6.4 0 12.8-6.4 12.8-12.8V204.8c0-6.4-6.4-12.8-12.8-12.8h-22.4c-6.4 0-12.8 6.4-12.8 12.8v134.4c0 6.4 6.4 12.8 12.8 12.8zM496 400H48V80c0-8.84-7.16-16-16-16H16C7.16 64 0 71.16 0 80v336c0 17.67 14.33 32 32 32h464c8.84 0 16-7.16 16-16v-16c0-8.84-7.16-16-16-16zm-387.2-48h22.4c6.4 0 12.8-6.4 12.8-12.8v-70.4c0-6.4-6.4-12.8-12.8-12.8h-22.4c-6.4 0-12.8 6.4-12.8 12.8v70.4c0 6.4 6.4 12.8 12.8 12.8z\" class=\"\"><\/path><\/svg><\/i> <img loading=\"lazy\" decoding=\"async\" width=\"16\" height=\"16\" alt=\"Loading\" src=\"https:\/\/temucotelevision.cl\/web\/wp-content\/plugins\/page-views-count\/ajax-loader-2x.gif\" border=0 \/><\/p><div class=\"pvc_clear\"><\/div>\n<p><em>El encuentro se llev\u00f3 a cabo el 24 y 25 de enero en el Hotel Alma Cruz en la ciudad de Santiago, lugar al que asistieron autoridades de Corfo, Sernatur y Subsecretar\u00eda de Turismo, adem\u00e1s de los equipos t\u00e9cnicos de los programas de turismo de todo el pa\u00eds.<\/em><\/p>\n\n\n\n<p>El Programa Estrat\u00e9gico Nacional Transforma Turismo junto a la Gerencia de Redes y Territorios de la Corporaci\u00f3n de fomento de la producci\u00f3n, convocaron a los programas de turismo impulsados por Corfo de todo el pa\u00eds para participar de un encuentro en el que se busc\u00f3 dialogar sobre los desaf\u00edos del sector que ser\u00e1n abordados por el programa nacional Transforma Turismo en su pr\u00f3ximo trienio de implementaci\u00f3n.<\/p>\n\n\n\n<p>Transforma Turismo busca mejorar la competitividad de las empresas del sector. Para ello y con el apoyo de Corfo, el programa desarrolla modelos y herramientas que buscan reducir las brechas existentes en torno a la diversificaci\u00f3n; sofisticaci\u00f3n y fortalecimiento de destinos y productos tur\u00edsticos. Asimismo, aborda las fallas de coordinaci\u00f3n entre agentes p\u00fablicos y privados. En este marco, se busc\u00f3 crear una instancia de encuentro con las regiones para integrar las perspectivas de los destinos y sus gobernanzas tur\u00edsticas para propiciar acciones que respondan a los desaf\u00edos actuales y futuros del turismo nacional.<\/p>\n\n\n\n<p>Durante la primera jornada del encuentro estuvo presente Jos\u00e9 Miguel Benavente, Vicepresidente Ejecutivo de Corfo, quien en la oportunidad hizo referencia a la importancia de levantar aquellos temas desde las regiones que son importantes para potenciar el turismo nacional \u201cpara esta administraci\u00f3n la descentralizaci\u00f3n es uno de sus pilares. Los territorios son \u00fanicos y heterog\u00e9neos, un desaf\u00edo para las pol\u00edticas p\u00fablicas de turismo que abordan los programas Transforma\u201d.&nbsp;<\/p>\n\n\n\n<p>Este encuentro, adem\u00e1s, permiti\u00f3 el levantamiento de informaci\u00f3n relevante en el dise\u00f1o de la Estrategia Nacional de Turismo 2035 descentralizada liderada por la Subsecretar\u00eda de Turismo. Sobre este tema, Ver\u00f3nica Kunze, Subsecretaria de turismo asegur\u00f3 que \u201ctrabajamos junto a los programas de Corfo, los programas Trasforma y los Programas Territoriales Integrados (PTI) para hablar de una serie de temas y acciones que se realizan en las regiones, pero tambi\u00e9n logramos avanzar para planificar el trabajo que tenemos este a\u00f1o de desarrollar la Estrategia Nacional de Turismo Descentralizada. Es muy importante el trabajo que podamos hacer con ellos y la colaboraci\u00f3n que podamos obtener en este proceso\u201d.&nbsp;<\/p>\n\n\n\n<p>En la misma l\u00ednea, Javiera Montes, gerenta del programa Transforma Turismo se\u00f1al\u00f3 que \u201ccontar con la perspectiva de cada territorio es esencial para que las acciones que se implementen en adelante por Transforma Turismo se adec\u00faen y respondan a las actuales necesidades del sector turismo en general. Para eso, durante la jornada trabajamos de manera participativa a trav\u00e9s de una metodolog\u00eda donde cada participante aport\u00f3 y conect\u00f3 con otros para generar y validar propuestas\u201d.<\/p>\n\n\n\n<p>Por otra parte, Andr\u00e9s Oliva, gerente del Programa Territorial Integrado de Turismo Aventura y Naturaleza de Monta\u00f1a, Nevados de Chill\u00e1n \u2013 Valle Las Trancas, coment\u00f3 que ambas jornadas le parecieron muy productivas \u201cpudimos dialogar sobre la estrategia nacional de turismo descentralizado, que creo que es el camino correcto para poder gestionar los destinos, poniendo en valor las propuestas que cada uno de los territorios tiene\u201d.&nbsp;<\/p>\n\n\n\n<p>Durante el encuentro adem\u00e1s se realizaron talleres grupales que permitieron la identificaci\u00f3n de tem\u00e1ticas&nbsp; y prioridades para las futuras iniciativas que se lleven a cabo en el sector turismo. Luego de la sistematizaci\u00f3n de este trabajo se realizar\u00e1n a los menos tres nuevas sesiones junto al Comit\u00e9 Ejecutivo del programa que generar\u00e1n la Hoja de Ruta definitiva para el pr\u00f3ximo trienio.<\/p>\n","protected":false},"excerpt":{"rendered":"<div class=\"pvc_clear\"><\/div>\n<p id=\"pvc_stats_38270\" class=\"pvc_stats total_only  \" data-element-id=\"38270\" style=\"\"><i class=\"pvc-stats-icon large\" aria-hidden=\"true\"><svg aria-hidden=\"true\" focusable=\"false\" data-prefix=\"far\" data-icon=\"chart-bar\" role=\"img\" xmlns=\"http:\/\/www.w3.org\/2000\/svg\" viewBox=\"0 0 512 512\" class=\"svg-inline--fa fa-chart-bar fa-w-16 fa-2x\"><path fill=\"currentColor\" d=\"M396.8 352h22.4c6.4 0 12.8-6.4 12.8-12.8V108.8c0-6.4-6.4-12.8-12.8-12.8h-22.4c-6.4 0-12.8 6.4-12.8 12.8v230.4c0 6.4 6.4 12.8 12.8 12.8zm-192 0h22.4c6.4 0 12.8-6.4 12.8-12.8V140.8c0-6.4-6.4-12.8-12.8-12.8h-22.4c-6.4 0-12.8 6.4-12.8 12.8v198.4c0 6.4 6.4 12.8 12.8 12.8zm96 0h22.4c6.4 0 12.8-6.4 12.8-12.8V204.8c0-6.4-6.4-12.8-12.8-12.8h-22.4c-6.4 0-12.8 6.4-12.8 12.8v134.4c0 6.4 6.4 12.8 12.8 12.8zM496 400H48V80c0-8.84-7.16-16-16-16H16C7.16 64 0 71.16 0 80v336c0 17.67 14.33 32 32 32h464c8.84 0 16-7.16 16-16v-16c0-8.84-7.16-16-16-16zm-387.2-48h22.4c6.4 0 12.8-6.4 12.8-12.8v-70.4c0-6.4-6.4-12.8-12.8-12.8h-22.4c-6.4 0-12.8 6.4-12.8 12.8v70.4c0 6.4 6.4 12.8 12.8 12.8z\" class=\"\"><\/path><\/svg><\/i> <img loading=\"lazy\" decoding=\"async\" width=\"16\" height=\"16\" alt=\"Loading\" src=\"https:\/\/temucotelevision.cl\/web\/wp-content\/plugins\/page-views-count\/ajax-loader-2x.gif\" border=0 \/><\/p>\n<div class=\"pvc_clear\"><\/div>\n<p>El encuentro se llev\u00f3 a cabo el 24 y 25 de enero en el Hotel Alma Cruz en la ciudad<\/p>\n","protected":false},"author":1,"featured_media":38271,"comment_status":"open","ping_status":"open","sticky":false,"template":"","format":"standard","meta":{"colormag_page_container_layout":"default_layout","colormag_page_sidebar_layout":"default_layout","footnotes":""},"categories":[101,14],"tags":[710,3880,1149,94],"class_list":["post-38270","post","type-post","status-publish","format-standard","has-post-thumbnail","hentry","category-actualidad","category-temuco","tag-corfo","tag-desafios","tag-programas","tag-turismo"],"a3_pvc":{"activated":true,"total_views":63,"today_views":0},"_links":{"self":[{"href":"https:\/\/temucotelevision.cl\/web\/wp-json\/wp\/v2\/posts\/38270","targetHints":{"allow":["GET"]}}],"collection":[{"href":"https:\/\/temucotelevision.cl\/web\/wp-json\/wp\/v2\/posts"}],"about":[{"href":"https:\/\/temucotelevision.cl\/web\/wp-json\/wp\/v2\/types\/post"}],"author":[{"embeddable":true,"href":"https:\/\/temucotelevision.cl\/web\/wp-json\/wp\/v2\/users\/1"}],"replies":[{"embeddable":true,"href":"https:\/\/temucotelevision.cl\/web\/wp-json\/wp\/v2\/comments?post=38270"}],"version-history":[{"count":1,"href":"https:\/\/temucotelevision.cl\/web\/wp-json\/wp\/v2\/posts\/38270\/revisions"}],"predecessor-version":[{"id":38272,"href":"https:\/\/temucotelevision.cl\/web\/wp-json\/wp\/v2\/posts\/38270\/revisions\/38272"}],"wp:featuredmedia":[{"embeddable":true,"href":"https:\/\/temucotelevision.cl\/web\/wp-json\/wp\/v2\/media\/38271"}],"wp:attachment":[{"href":"https:\/\/temucotelevision.cl\/web\/wp-json\/wp\/v2\/media?parent=38270"}],"wp:term":[{"taxonomy":"category","embeddable":true,"href":"https:\/\/temucotelevision.cl\/web\/wp-json\/wp\/v2\/categories?post=38270"},{"taxonomy":"post_tag","embeddable":true,"href":"https:\/\/temucotelevision.cl\/web\/wp-json\/wp\/v2\/tags?post=38270"}],"curies":[{"name":"wp","href":"https:\/\/api.w.org\/{rel}","templated":true}]}}