{"id":38267,"date":"2023-01-25T15:15:35","date_gmt":"2023-01-25T18:15:35","guid":{"rendered":"https:\/\/temucotelevision.cl\/web\/?p=38267"},"modified":"2023-01-25T15:15:36","modified_gmt":"2023-01-25T18:15:36","slug":"la-literatura-musical-chilena-tiene-nuevo-libro-johanna-watson-lanza-lado-b-entrevistas-cronicas-y-reportajes-musicales","status":"publish","type":"post","link":"https:\/\/temucotelevision.cl\/web\/2023\/01\/25\/la-literatura-musical-chilena-tiene-nuevo-libro-johanna-watson-lanza-lado-b-entrevistas-cronicas-y-reportajes-musicales\/","title":{"rendered":"La literatura\u00a0musical chilena tiene\u00a0nuevo libro:\u00a0Johanna\u00a0Watson\u00a0lanza\u00a0\u201cLado B: entrevistas, cr\u00f3nicas y reportajes musicales\u201d"},"content":{"rendered":"<div class=\"pvc_clear\"><\/div><p id=\"pvc_stats_38267\" class=\"pvc_stats total_only  \" data-element-id=\"38267\" style=\"\"><i class=\"pvc-stats-icon large\" aria-hidden=\"true\"><svg aria-hidden=\"true\" focusable=\"false\" data-prefix=\"far\" data-icon=\"chart-bar\" role=\"img\" xmlns=\"http:\/\/www.w3.org\/2000\/svg\" viewBox=\"0 0 512 512\" class=\"svg-inline--fa fa-chart-bar fa-w-16 fa-2x\"><path fill=\"currentColor\" d=\"M396.8 352h22.4c6.4 0 12.8-6.4 12.8-12.8V108.8c0-6.4-6.4-12.8-12.8-12.8h-22.4c-6.4 0-12.8 6.4-12.8 12.8v230.4c0 6.4 6.4 12.8 12.8 12.8zm-192 0h22.4c6.4 0 12.8-6.4 12.8-12.8V140.8c0-6.4-6.4-12.8-12.8-12.8h-22.4c-6.4 0-12.8 6.4-12.8 12.8v198.4c0 6.4 6.4 12.8 12.8 12.8zm96 0h22.4c6.4 0 12.8-6.4 12.8-12.8V204.8c0-6.4-6.4-12.8-12.8-12.8h-22.4c-6.4 0-12.8 6.4-12.8 12.8v134.4c0 6.4 6.4 12.8 12.8 12.8zM496 400H48V80c0-8.84-7.16-16-16-16H16C7.16 64 0 71.16 0 80v336c0 17.67 14.33 32 32 32h464c8.84 0 16-7.16 16-16v-16c0-8.84-7.16-16-16-16zm-387.2-48h22.4c6.4 0 12.8-6.4 12.8-12.8v-70.4c0-6.4-6.4-12.8-12.8-12.8h-22.4c-6.4 0-12.8 6.4-12.8 12.8v70.4c0 6.4 6.4 12.8 12.8 12.8z\" class=\"\"><\/path><\/svg><\/i> <img loading=\"lazy\" decoding=\"async\" width=\"16\" height=\"16\" alt=\"Loading\" src=\"https:\/\/temucotelevision.cl\/web\/wp-content\/plugins\/page-views-count\/ajax-loader-2x.gif\" border=0 \/><\/p><div class=\"pvc_clear\"><\/div>\n<p><strong>El esperado lanzamiento de \u201cLado B\u201d,&nbsp;-editado y publicado por la editorial Ocho Libros-&nbsp;ser\u00e1 el mi\u00e9rcoles 1 de febrero a las 18:00 en el emblem\u00e1tico bar Liguria de Barrio Lastarria, y contar\u00e1 con la presencia de Mauricio Dur\u00e1n (Los Bunkers), Andrea Echeverri (Aterciopelados), Fabio Salas (El grito del amor) y Crist\u00f3bal Gonz\u00e1lez (Latinoam\u00e9rica es grande).&nbsp;&nbsp;<\/strong><\/p>\n\n\n\n<p>Este ser\u00e1 el debut literario de Johanna&nbsp;Watson, quien ya&nbsp;figura&nbsp;como coautora en libros&nbsp;de M\u00e9xico, \u201cCanciones de lejos\u201d (Guadalajara &#8211; 2021) Venezuela \u201cMayor\u00eda equivocada\u201d (Caracas &#8211; 2022) y Chile \u201cUn paso adelante\u201d (Santiago &#8211; 2022).<\/p>\n\n\n\n<p>Lado B&nbsp;ser\u00e1 su primer libro firmado por ella de comienzo a fin.&nbsp;Un texto donde el p\u00fablico podr\u00e1 encontrar compilados los m\u00e1s relevantes trabajos de la autora, quien suma dos d\u00e9cadas de escritura sobre m\u00fasica y cultura. El libro cuenta con un pr\u00f3logo del prestigioso periodista y autor Argentino Sergio Marchi (bi\u00f3grafo de Charly Garc\u00eda y Spinetta)&nbsp;y una presentaci\u00f3n&nbsp;de Crist\u00f3bal Gonz\u00e1lez, ganador del premio Pulsar por su libro sobre Los Prisioneros.<\/p>\n\n\n\n<p>Los lectores podr\u00e1n encontrar en este libro cr\u00f3nicas y entrevistas in\u00e9ditas, m\u00e1s las versiones originales y extendidas de una serie de art\u00edculos, columnas, reportajes y entrevistas a bandas, m\u00fasicos y artistas de norteam\u00e9rica, Alemania, Chile, Argentina, M\u00e9xico, Colombia y Espa\u00f1a, de la mano de una pluma que ha crecido y que se ha expandido en profundidad, territorios y alcance.<\/p>\n\n\n\n<p>Reportajes construidos en Buenos Aires sobre las rutas de vida de Gustavo Cerati, Charly Garc\u00eda y Luis Alberto Spinetta; entrevistas y cr\u00f3nicas sobre m\u00fasicos como Nito Mestre, Bersuit Vergarabat, Daniel Melero, Fabiana Cantilo, Cecilia La Incomparable, Jorge Gonz\u00e1lez, Fiskales Ad Hok, Evaristo P\u00e1ramos (La Polla Records), Los Tres, Los Bunkers, Santaferia, Lenwa Dura, Portavoz, Aterciopelados (Colombia);&nbsp;rese\u00f1as sobre shows y discos de artistas anglo como Guns n\u2019 Roses, Mike Patton, Scorpions, Faith No More, Mr. Bungle y muchos m\u00e1s.<\/p>\n\n\n\n<p>Lado B&nbsp;presenta una revisi\u00f3n de hitos y referentes musicales que marcaron \u00e9pocas, un trabajo hecho con pasi\u00f3n e investigaci\u00f3n, un viaje literario lleno de recuerdos, memorias y reflexiones consignadas en forma emotiva, que a la vez nos hablan del contexto hist\u00f3rico en el que fueron escritos. Es un libro musical y cultural pero tambi\u00e9n pol\u00edtico, donde la autora y los diferentes entrevistados manifiestan sus discursos y posici\u00f3n en torno a temas de memoria, derechos humanos, comunidad LGBT, feminismo, entre otros.&nbsp;<\/p>\n\n\n\n<p>A lo largo de su carrera, Johanna&nbsp;Watson (<a href=\"http:\/\/www.johannawatson.cl\/\">www.johannawatson.cl<\/a>) ha firmado sus trabajos en El D\u00ednamo, Rockaxis, Zancada, El Desconcierto, La voz de los que sobran, La Tercera, Culto, The Clinic y El Mostrador. La autora tuvo adem\u00e1s su propio sitio: Se te cay\u00f3 el carnet, espacio donde se rescataban memorias culturales de los a\u00f1os 90.<\/p>\n\n\n\n<p>Lado B&nbsp;compila,&nbsp;salda una deuda y le hace justicia a ese trabajo de a\u00f1os, es&nbsp;un libro que pondera y releva&nbsp;una carrera desarrollada en un circuito donde antes predominaban las voces masculinas, pero donde hoy, autoras como Johanna&nbsp;Watson, se han ganado un espacio a punta de talento y perseverancia.<\/p>\n\n\n\n<p>La cita ser\u00e1 el mi\u00e9rcoles 1 de febrero a las 18:00 horas en el bar Liguria del barrio Lastarria, con la presencia de Mauricio Dur\u00e1n, guitarrista de Los Bunkers, Andrea Echeverri, vocalista de Aterciopelados, el maestro escritor Fabio Salas y la moderaci\u00f3n de Crist\u00f3bal Gonz\u00e1lez, adem\u00e1s de la m\u00fasica de Lenwa Dura y la nueva banda \u201cHijos de la Juna\u201d, donde participa Martina Nigro, hija de la autora.<\/p>\n","protected":false},"excerpt":{"rendered":"<div class=\"pvc_clear\"><\/div>\n<p id=\"pvc_stats_38267\" class=\"pvc_stats total_only  \" data-element-id=\"38267\" style=\"\"><i class=\"pvc-stats-icon large\" aria-hidden=\"true\"><svg aria-hidden=\"true\" focusable=\"false\" data-prefix=\"far\" data-icon=\"chart-bar\" role=\"img\" xmlns=\"http:\/\/www.w3.org\/2000\/svg\" viewBox=\"0 0 512 512\" class=\"svg-inline--fa fa-chart-bar fa-w-16 fa-2x\"><path fill=\"currentColor\" d=\"M396.8 352h22.4c6.4 0 12.8-6.4 12.8-12.8V108.8c0-6.4-6.4-12.8-12.8-12.8h-22.4c-6.4 0-12.8 6.4-12.8 12.8v230.4c0 6.4 6.4 12.8 12.8 12.8zm-192 0h22.4c6.4 0 12.8-6.4 12.8-12.8V140.8c0-6.4-6.4-12.8-12.8-12.8h-22.4c-6.4 0-12.8 6.4-12.8 12.8v198.4c0 6.4 6.4 12.8 12.8 12.8zm96 0h22.4c6.4 0 12.8-6.4 12.8-12.8V204.8c0-6.4-6.4-12.8-12.8-12.8h-22.4c-6.4 0-12.8 6.4-12.8 12.8v134.4c0 6.4 6.4 12.8 12.8 12.8zM496 400H48V80c0-8.84-7.16-16-16-16H16C7.16 64 0 71.16 0 80v336c0 17.67 14.33 32 32 32h464c8.84 0 16-7.16 16-16v-16c0-8.84-7.16-16-16-16zm-387.2-48h22.4c6.4 0 12.8-6.4 12.8-12.8v-70.4c0-6.4-6.4-12.8-12.8-12.8h-22.4c-6.4 0-12.8 6.4-12.8 12.8v70.4c0 6.4 6.4 12.8 12.8 12.8z\" class=\"\"><\/path><\/svg><\/i> <img loading=\"lazy\" decoding=\"async\" width=\"16\" height=\"16\" alt=\"Loading\" src=\"https:\/\/temucotelevision.cl\/web\/wp-content\/plugins\/page-views-count\/ajax-loader-2x.gif\" border=0 \/><\/p>\n<div class=\"pvc_clear\"><\/div>\n<p>El esperado lanzamiento de \u201cLado B\u201d,&nbsp;-editado y publicado por la editorial Ocho Libros-&nbsp;ser\u00e1 el mi\u00e9rcoles 1 de febrero a las<\/p>\n","protected":false},"author":1,"featured_media":38268,"comment_status":"open","ping_status":"open","sticky":false,"template":"","format":"standard","meta":{"colormag_page_container_layout":"default_layout","colormag_page_sidebar_layout":"default_layout","footnotes":""},"categories":[369],"tags":[2620,6123,1273,6122,6121],"class_list":["post-38267","post","type-post","status-publish","format-standard","has-post-thumbnail","hentry","category-musica","tag-chilena","tag-ladob","tag-libro","tag-musica-2","tag-reportajes"],"a3_pvc":{"activated":true,"total_views":81,"today_views":0},"_links":{"self":[{"href":"https:\/\/temucotelevision.cl\/web\/wp-json\/wp\/v2\/posts\/38267","targetHints":{"allow":["GET"]}}],"collection":[{"href":"https:\/\/temucotelevision.cl\/web\/wp-json\/wp\/v2\/posts"}],"about":[{"href":"https:\/\/temucotelevision.cl\/web\/wp-json\/wp\/v2\/types\/post"}],"author":[{"embeddable":true,"href":"https:\/\/temucotelevision.cl\/web\/wp-json\/wp\/v2\/users\/1"}],"replies":[{"embeddable":true,"href":"https:\/\/temucotelevision.cl\/web\/wp-json\/wp\/v2\/comments?post=38267"}],"version-history":[{"count":1,"href":"https:\/\/temucotelevision.cl\/web\/wp-json\/wp\/v2\/posts\/38267\/revisions"}],"predecessor-version":[{"id":38269,"href":"https:\/\/temucotelevision.cl\/web\/wp-json\/wp\/v2\/posts\/38267\/revisions\/38269"}],"wp:featuredmedia":[{"embeddable":true,"href":"https:\/\/temucotelevision.cl\/web\/wp-json\/wp\/v2\/media\/38268"}],"wp:attachment":[{"href":"https:\/\/temucotelevision.cl\/web\/wp-json\/wp\/v2\/media?parent=38267"}],"wp:term":[{"taxonomy":"category","embeddable":true,"href":"https:\/\/temucotelevision.cl\/web\/wp-json\/wp\/v2\/categories?post=38267"},{"taxonomy":"post_tag","embeddable":true,"href":"https:\/\/temucotelevision.cl\/web\/wp-json\/wp\/v2\/tags?post=38267"}],"curies":[{"name":"wp","href":"https:\/\/api.w.org\/{rel}","templated":true}]}}