{"id":38264,"date":"2023-01-25T15:07:18","date_gmt":"2023-01-25T18:07:18","guid":{"rendered":"https:\/\/temucotelevision.cl\/web\/?p=38264"},"modified":"2023-01-25T15:07:19","modified_gmt":"2023-01-25T18:07:19","slug":"agencia-proyeczion-invita-a-participar-de-evento-enfocado-en-la-salud-mental-este-fin-de-semana","status":"publish","type":"post","link":"https:\/\/temucotelevision.cl\/web\/2023\/01\/25\/agencia-proyeczion-invita-a-participar-de-evento-enfocado-en-la-salud-mental-este-fin-de-semana\/","title":{"rendered":"Agencia Proyeczion invita a participar de evento enfocado en la salud mental este fin de semana"},"content":{"rendered":"<div class=\"pvc_clear\"><\/div><p id=\"pvc_stats_38264\" class=\"pvc_stats total_only  \" data-element-id=\"38264\" style=\"\"><i class=\"pvc-stats-icon large\" aria-hidden=\"true\"><svg aria-hidden=\"true\" focusable=\"false\" data-prefix=\"far\" data-icon=\"chart-bar\" role=\"img\" xmlns=\"http:\/\/www.w3.org\/2000\/svg\" viewBox=\"0 0 512 512\" class=\"svg-inline--fa fa-chart-bar fa-w-16 fa-2x\"><path fill=\"currentColor\" d=\"M396.8 352h22.4c6.4 0 12.8-6.4 12.8-12.8V108.8c0-6.4-6.4-12.8-12.8-12.8h-22.4c-6.4 0-12.8 6.4-12.8 12.8v230.4c0 6.4 6.4 12.8 12.8 12.8zm-192 0h22.4c6.4 0 12.8-6.4 12.8-12.8V140.8c0-6.4-6.4-12.8-12.8-12.8h-22.4c-6.4 0-12.8 6.4-12.8 12.8v198.4c0 6.4 6.4 12.8 12.8 12.8zm96 0h22.4c6.4 0 12.8-6.4 12.8-12.8V204.8c0-6.4-6.4-12.8-12.8-12.8h-22.4c-6.4 0-12.8 6.4-12.8 12.8v134.4c0 6.4 6.4 12.8 12.8 12.8zM496 400H48V80c0-8.84-7.16-16-16-16H16C7.16 64 0 71.16 0 80v336c0 17.67 14.33 32 32 32h464c8.84 0 16-7.16 16-16v-16c0-8.84-7.16-16-16-16zm-387.2-48h22.4c6.4 0 12.8-6.4 12.8-12.8v-70.4c0-6.4-6.4-12.8-12.8-12.8h-22.4c-6.4 0-12.8 6.4-12.8 12.8v70.4c0 6.4 6.4 12.8 12.8 12.8z\" class=\"\"><\/path><\/svg><\/i> <img loading=\"lazy\" decoding=\"async\" width=\"16\" height=\"16\" alt=\"Loading\" src=\"https:\/\/temucotelevision.cl\/web\/wp-content\/plugins\/page-views-count\/ajax-loader-2x.gif\" border=0 \/><\/p><div class=\"pvc_clear\"><\/div>\n<p><em>A trav\u00e9s de la m\u00fasica, el di\u00e1logo y la reflexi\u00f3n se busca visibilizar las graves consecuencias asociadas a esta patolog\u00eda.<\/em><\/p>\n\n\n\n<p>En la plaza An\u00edbal Pinto de Temuco se llevar\u00e1 a cabo este pr\u00f3ximo s\u00e1bado la primera intervenci\u00f3n urbana denominada \u201cLa Sezion\u201d; un evento organizado por agencia Proyeczion y que tiene como eje tem\u00e1tico la salud mental, a fin de crear conciencia en la comunidad respecto a las graves consecuencias que contrae el desarrollo de alguna patolog\u00eda asociada.\u00a0\u00a0<\/p>\n\n\n\n<p>Patricio Silva, director general de la agencia explic\u00f3 que \u201cesta iniciativa nace de la necesidad de abordar como comunidad los principales problemas asociados a la salud mental en nuestra regi\u00f3n. Desde Proyeczi\u00f3n estamos conscientes de c\u00f3mo se han disparado las cifras de personas que hoy padecen alg\u00fan tipo de enfermedad como depresi\u00f3n, ansiedad, trastorno del sue\u00f1o, intentos de suicidios y otras afectaciones que muchas veces pasan desapercibidas ante nuestros ojos, pero que est\u00e1n ah\u00ed y merman la calidad de vida de cientos de personas, incluida nuestras familias, amigos y\/o cercanos\u201d.\u00a0<\/p>\n\n\n\n<p><strong>Hora y actividades del evento<\/strong><\/p>\n\n\n\n<p>Es por ello que, a partir de las 20 horas de este s\u00e1bado, la m\u00fasica, el di\u00e1logo y otras actividades se tomar\u00e1n la Plaza de Armas de la capital regional con el objetico de abrir un espacio de reflexi\u00f3n para quienes est\u00e1n pasando por situaciones dif\u00edciles o conviven con personas con problemas de salud mental, de tal manera de poder entregar algunas herramientas que permitan sobrellevarlo e incentivando a buscar ayuda profesional.\u00a0<\/p>\n\n\n\n<p>Silva destac\u00f3 que \u201cbuscamos generar un espacio de encuentro, donde un joven, una persona adulta o un adulto mayor pueda sentir que su existencia tiene sentido, que puedan percibir que no est\u00e1n luchando solo contra una patolog\u00eda de salud mental, que existe una red de apoyo dispuesta a escucharlos, conocernos y saber m\u00e1s acerca de sus procesos para poder intervenir de una manera adecuada, pero por sobre todo queremos que ellos conozcan el amor de Dios hacia ellos\u201d.\u00a0<\/p>\n\n\n\n<p><strong>Salud Mental<\/strong><\/p>\n\n\n\n<p>En Chile 8 de cada 10 personas ha sufrido durante el \u00faltimo a\u00f1o alguna enfermedad asociada a salud mental. Mientras que los resultados de la encuesta \u201cTerm\u00f3metro de Salud Mental\u201d concluyen que 1 de cada 5 chilenos se siente solo y el 14% tiene depresi\u00f3n.\u00a0<\/p>\n\n\n\n<p>Sin embargo, las estad\u00edsticas en situaciones m\u00e1s grave son a\u00fan m\u00e1s alarmantes. Seg\u00fan datos del Ministerio de Educaci\u00f3n, en la regi\u00f3n de La Araucan\u00eda, en los \u00faltimos 6 a\u00f1os, se han registrado casi 2 mil intentos de suicidio de j\u00f3venes menores de 25 a\u00f1os, mientras que, en el mundo m\u00e1s de 700 mil personas pierden la vida a causa de esto, transformando al suicidio en una de las principales causas de muerte prematura prevenible a nivel mundial.<\/p>\n\n\n\n<p><strong>Agencia Proyeczion<\/strong>\u00a0<\/p>\n\n\n\n<p>Finalmente, hay que destacar que Proyezcion es un equipo multidisciplinario que nace en un contexto cr\u00edtico como el estallido social del a\u00f1o 2019 con el objetivo de mostrar a Jes\u00fas en las calles, a trav\u00e9s de la producci\u00f3n de eventos que permitan generar instancias de unidad en la comunidad, adem\u00e1s de ser un puente para conectar a las personas con Dios.\u00a0<\/p>\n","protected":false},"excerpt":{"rendered":"<div class=\"pvc_clear\"><\/div>\n<p id=\"pvc_stats_38264\" class=\"pvc_stats total_only  \" data-element-id=\"38264\" style=\"\"><i class=\"pvc-stats-icon large\" aria-hidden=\"true\"><svg aria-hidden=\"true\" focusable=\"false\" data-prefix=\"far\" data-icon=\"chart-bar\" role=\"img\" xmlns=\"http:\/\/www.w3.org\/2000\/svg\" viewBox=\"0 0 512 512\" class=\"svg-inline--fa fa-chart-bar fa-w-16 fa-2x\"><path fill=\"currentColor\" d=\"M396.8 352h22.4c6.4 0 12.8-6.4 12.8-12.8V108.8c0-6.4-6.4-12.8-12.8-12.8h-22.4c-6.4 0-12.8 6.4-12.8 12.8v230.4c0 6.4 6.4 12.8 12.8 12.8zm-192 0h22.4c6.4 0 12.8-6.4 12.8-12.8V140.8c0-6.4-6.4-12.8-12.8-12.8h-22.4c-6.4 0-12.8 6.4-12.8 12.8v198.4c0 6.4 6.4 12.8 12.8 12.8zm96 0h22.4c6.4 0 12.8-6.4 12.8-12.8V204.8c0-6.4-6.4-12.8-12.8-12.8h-22.4c-6.4 0-12.8 6.4-12.8 12.8v134.4c0 6.4 6.4 12.8 12.8 12.8zM496 400H48V80c0-8.84-7.16-16-16-16H16C7.16 64 0 71.16 0 80v336c0 17.67 14.33 32 32 32h464c8.84 0 16-7.16 16-16v-16c0-8.84-7.16-16-16-16zm-387.2-48h22.4c6.4 0 12.8-6.4 12.8-12.8v-70.4c0-6.4-6.4-12.8-12.8-12.8h-22.4c-6.4 0-12.8 6.4-12.8 12.8v70.4c0 6.4 6.4 12.8 12.8 12.8z\" class=\"\"><\/path><\/svg><\/i> <img loading=\"lazy\" decoding=\"async\" width=\"16\" height=\"16\" alt=\"Loading\" src=\"https:\/\/temucotelevision.cl\/web\/wp-content\/plugins\/page-views-count\/ajax-loader-2x.gif\" border=0 \/><\/p>\n<div class=\"pvc_clear\"><\/div>\n<p>A trav\u00e9s de la m\u00fasica, el di\u00e1logo y la reflexi\u00f3n se busca visibilizar las graves consecuencias asociadas a esta patolog\u00eda.<\/p>\n","protected":false},"author":1,"featured_media":38265,"comment_status":"open","ping_status":"open","sticky":false,"template":"","format":"standard","meta":{"colormag_page_container_layout":"default_layout","colormag_page_sidebar_layout":"default_layout","footnotes":""},"categories":[14],"tags":[3881,300,1964,6120,131],"class_list":["post-38264","post","type-post","status-publish","format-standard","has-post-thumbnail","hentry","category-temuco","tag-agencia","tag-evento","tag-mental","tag-proyeczion","tag-salud"],"a3_pvc":{"activated":true,"total_views":78,"today_views":0},"_links":{"self":[{"href":"https:\/\/temucotelevision.cl\/web\/wp-json\/wp\/v2\/posts\/38264","targetHints":{"allow":["GET"]}}],"collection":[{"href":"https:\/\/temucotelevision.cl\/web\/wp-json\/wp\/v2\/posts"}],"about":[{"href":"https:\/\/temucotelevision.cl\/web\/wp-json\/wp\/v2\/types\/post"}],"author":[{"embeddable":true,"href":"https:\/\/temucotelevision.cl\/web\/wp-json\/wp\/v2\/users\/1"}],"replies":[{"embeddable":true,"href":"https:\/\/temucotelevision.cl\/web\/wp-json\/wp\/v2\/comments?post=38264"}],"version-history":[{"count":1,"href":"https:\/\/temucotelevision.cl\/web\/wp-json\/wp\/v2\/posts\/38264\/revisions"}],"predecessor-version":[{"id":38266,"href":"https:\/\/temucotelevision.cl\/web\/wp-json\/wp\/v2\/posts\/38264\/revisions\/38266"}],"wp:featuredmedia":[{"embeddable":true,"href":"https:\/\/temucotelevision.cl\/web\/wp-json\/wp\/v2\/media\/38265"}],"wp:attachment":[{"href":"https:\/\/temucotelevision.cl\/web\/wp-json\/wp\/v2\/media?parent=38264"}],"wp:term":[{"taxonomy":"category","embeddable":true,"href":"https:\/\/temucotelevision.cl\/web\/wp-json\/wp\/v2\/categories?post=38264"},{"taxonomy":"post_tag","embeddable":true,"href":"https:\/\/temucotelevision.cl\/web\/wp-json\/wp\/v2\/tags?post=38264"}],"curies":[{"name":"wp","href":"https:\/\/api.w.org\/{rel}","templated":true}]}}