{"id":38261,"date":"2023-01-25T14:49:48","date_gmt":"2023-01-25T17:49:48","guid":{"rendered":"https:\/\/temucotelevision.cl\/web\/?p=38261"},"modified":"2023-01-25T14:49:49","modified_gmt":"2023-01-25T17:49:49","slug":"diputado-leal-cuestiona-retraso-en-entrega-de-computadores-a-alumnos-de-7-basico-y-emplaza-al-gobierno-a-buscar-soluciones-inmediatas","status":"publish","type":"post","link":"https:\/\/temucotelevision.cl\/web\/2023\/01\/25\/diputado-leal-cuestiona-retraso-en-entrega-de-computadores-a-alumnos-de-7-basico-y-emplaza-al-gobierno-a-buscar-soluciones-inmediatas\/","title":{"rendered":"Diputado Leal cuestiona retraso en entrega de computadores a alumnos de 7\u00b0 B\u00e1sico y emplaza al Gobierno a buscar soluciones inmediatas"},"content":{"rendered":"<div class=\"pvc_clear\"><\/div><p id=\"pvc_stats_38261\" class=\"pvc_stats total_only  \" data-element-id=\"38261\" style=\"\"><i class=\"pvc-stats-icon large\" aria-hidden=\"true\"><svg aria-hidden=\"true\" focusable=\"false\" data-prefix=\"far\" data-icon=\"chart-bar\" role=\"img\" xmlns=\"http:\/\/www.w3.org\/2000\/svg\" viewBox=\"0 0 512 512\" class=\"svg-inline--fa fa-chart-bar fa-w-16 fa-2x\"><path fill=\"currentColor\" d=\"M396.8 352h22.4c6.4 0 12.8-6.4 12.8-12.8V108.8c0-6.4-6.4-12.8-12.8-12.8h-22.4c-6.4 0-12.8 6.4-12.8 12.8v230.4c0 6.4 6.4 12.8 12.8 12.8zm-192 0h22.4c6.4 0 12.8-6.4 12.8-12.8V140.8c0-6.4-6.4-12.8-12.8-12.8h-22.4c-6.4 0-12.8 6.4-12.8 12.8v198.4c0 6.4 6.4 12.8 12.8 12.8zm96 0h22.4c6.4 0 12.8-6.4 12.8-12.8V204.8c0-6.4-6.4-12.8-12.8-12.8h-22.4c-6.4 0-12.8 6.4-12.8 12.8v134.4c0 6.4 6.4 12.8 12.8 12.8zM496 400H48V80c0-8.84-7.16-16-16-16H16C7.16 64 0 71.16 0 80v336c0 17.67 14.33 32 32 32h464c8.84 0 16-7.16 16-16v-16c0-8.84-7.16-16-16-16zm-387.2-48h22.4c6.4 0 12.8-6.4 12.8-12.8v-70.4c0-6.4-6.4-12.8-12.8-12.8h-22.4c-6.4 0-12.8 6.4-12.8 12.8v70.4c0 6.4 6.4 12.8 12.8 12.8z\" class=\"\"><\/path><\/svg><\/i> <img loading=\"lazy\" decoding=\"async\" width=\"16\" height=\"16\" alt=\"Loading\" src=\"https:\/\/temucotelevision.cl\/web\/wp-content\/plugins\/page-views-count\/ajax-loader-2x.gif\" border=0 \/><\/p><div class=\"pvc_clear\"><\/div>\n<p><em>El representante de La Araucan\u00eda acus\u00f3 que el retraso en el proceso de licitaci\u00f3n provocar\u00e1 que dichas herramientas tecnol\u00f3gicas sean entregadas reci\u00e9n durante el segundo semestre.<\/em>&nbsp;<\/p>\n\n\n\n<p>Como \u201cabsolutamente inexcusable\u201d y una \u201cirresponsabilidad\u201d calific\u00f3 el diputado por la Regi\u00f3n de La Araucan\u00eda, Henry Leal (UDI), el retraso grave por parte del Ministerio de Educaci\u00f3n en el proceso de licitaci\u00f3n del programa Becas TIC -tambi\u00e9n conocido como \u201cYo Elijo mi PC\u201d-, lo que provocar\u00e1 que todos los alumnos de 7\u00b0 B\u00e1sico beneficiados con la medida no puedan recibir su computador durante el primer semestre de este a\u00f1o, como se acostumbraba realizar hasta antes de la pandemia.<\/p>\n\n\n\n<p>Al respecto, el parlamentario gremialista cuestion\u00f3 al Gobierno, en especial al Mineduc y a la Junaeb, luego que se informara que la licitaci\u00f3n del programa -que deb\u00eda abrirse en octubre del a\u00f1o pasado- a\u00fan se encontraba en etapa de revisi\u00f3n, por lo que no exist\u00eda ninguna posibilidad de que los estudiantes reciban su computador durante los primeros d\u00edas de abril o de mayo.<\/p>\n\n\n\n<p>\u201cHasta antes de la pandemia, los estudiantes de nuestro pa\u00eds recib\u00edan sus computadores en el mes de abril o mayo, y en el peor de los casos durante junio. Pero nunca hab\u00eda pasado, salvo durante el 2021 y 2022 producto de la emergencia sanitaria, que no se les entregara esta herramienta durante el primer semestre, lo que es absolutamente inaceptable y, por cierto, va a perjudicar gravemente el desarrollo y aprendizaje de todos esos alumnos\u201d, critic\u00f3 el diputado Leal, quien detall\u00f3 que el programa beneficia tanto a los estudiantes de establecimientos municipales, como tambi\u00e9n a los de colegios particulares subvencionados que pertenezcan al 40% m\u00e1s vulnerable de la poblaci\u00f3n.<\/p>\n\n\n\n<p>En esa l\u00ednea, el legislador record\u00f3 que ya durante el a\u00f1o pasado el Ministerio de Educaci\u00f3n tuvo que salir a dar explicaciones tras dejar fuera del programa a miles de estudiantes de colegios subvencionados, que ya hab\u00edan sido preseleccionados en el programa. Por lo mismo, asegur\u00f3 que \u201clas actuales autoridades llevan casi un a\u00f1o gobernando y siguen actuando con absoluta desprolijidad e ineficiencia, sin preocuparse ni siquiera por las graves consecuencias de sus actos\u201d.<\/p>\n\n\n\n<p>Por lo mismo, Leal asegur\u00f3 que el retraso en la licitaci\u00f3n del programa Becas TIC ser\u00e1 uno de los temas que abordar\u00e1n durante la interpelaci\u00f3n al ministro de Educaci\u00f3n, Marco Antonio \u00c1vila, que est\u00e1 programada para fines de marzo. Los otros asuntos ser\u00e1n los problemas con el Sistema de Admisi\u00f3n Escolar (SAE) -conocido como \u201ct\u00f3mbola\u201d-, la grave deserci\u00f3n escolar que afecta a j\u00f3venes y ni\u00f1os, y la violencia en los establecimientos educacionales, sobre todo en los m\u00e1s emblem\u00e1ticos.<\/p>\n\n\n\n<p>\u201cLamentablemente, la improvisaci\u00f3n con la que act\u00faa este Gobierno est\u00e1 provocando graves consecuencias en el aprendizaje y el desarrollo de los estudiantes. No s\u00f3lo los padres y apoderados tuvieron que acampar afuera de los colegios para conseguir una matr\u00edcula para sus hijos, sino que ahora incluso los alumnos de 7\u00b0 B\u00e1sico no recibir\u00e1n su computador en la fecha que correspond\u00eda\u201d, reiter\u00f3 el representante del Distrito 23, quien por lo mismo emplaz\u00f3 a las autoridades a \u201cbuscar una alternativa real y a ofrecer una soluci\u00f3n a este grave problema que afecta a miles de estudiantes\u201d.<\/p>\n","protected":false},"excerpt":{"rendered":"<div class=\"pvc_clear\"><\/div>\n<p id=\"pvc_stats_38261\" class=\"pvc_stats total_only  \" data-element-id=\"38261\" style=\"\"><i class=\"pvc-stats-icon large\" aria-hidden=\"true\"><svg aria-hidden=\"true\" focusable=\"false\" data-prefix=\"far\" data-icon=\"chart-bar\" role=\"img\" xmlns=\"http:\/\/www.w3.org\/2000\/svg\" viewBox=\"0 0 512 512\" class=\"svg-inline--fa fa-chart-bar fa-w-16 fa-2x\"><path fill=\"currentColor\" d=\"M396.8 352h22.4c6.4 0 12.8-6.4 12.8-12.8V108.8c0-6.4-6.4-12.8-12.8-12.8h-22.4c-6.4 0-12.8 6.4-12.8 12.8v230.4c0 6.4 6.4 12.8 12.8 12.8zm-192 0h22.4c6.4 0 12.8-6.4 12.8-12.8V140.8c0-6.4-6.4-12.8-12.8-12.8h-22.4c-6.4 0-12.8 6.4-12.8 12.8v198.4c0 6.4 6.4 12.8 12.8 12.8zm96 0h22.4c6.4 0 12.8-6.4 12.8-12.8V204.8c0-6.4-6.4-12.8-12.8-12.8h-22.4c-6.4 0-12.8 6.4-12.8 12.8v134.4c0 6.4 6.4 12.8 12.8 12.8zM496 400H48V80c0-8.84-7.16-16-16-16H16C7.16 64 0 71.16 0 80v336c0 17.67 14.33 32 32 32h464c8.84 0 16-7.16 16-16v-16c0-8.84-7.16-16-16-16zm-387.2-48h22.4c6.4 0 12.8-6.4 12.8-12.8v-70.4c0-6.4-6.4-12.8-12.8-12.8h-22.4c-6.4 0-12.8 6.4-12.8 12.8v70.4c0 6.4 6.4 12.8 12.8 12.8z\" class=\"\"><\/path><\/svg><\/i> <img loading=\"lazy\" decoding=\"async\" width=\"16\" height=\"16\" alt=\"Loading\" src=\"https:\/\/temucotelevision.cl\/web\/wp-content\/plugins\/page-views-count\/ajax-loader-2x.gif\" border=0 \/><\/p>\n<div class=\"pvc_clear\"><\/div>\n<p>El representante de La Araucan\u00eda acus\u00f3 que el retraso en el proceso de licitaci\u00f3n provocar\u00e1 que dichas herramientas tecnol\u00f3gicas sean<\/p>\n","protected":false},"author":1,"featured_media":38262,"comment_status":"open","ping_status":"open","sticky":false,"template":"","format":"standard","meta":{"colormag_page_container_layout":"default_layout","colormag_page_sidebar_layout":"default_layout","footnotes":""},"categories":[84],"tags":[151,1935,154,206,5283],"class_list":["post-38261","post","type-post","status-publish","format-standard","has-post-thumbnail","hentry","category-politica","tag-alumnos","tag-computadores","tag-diputado","tag-gobierno","tag-leal"],"a3_pvc":{"activated":true,"total_views":67,"today_views":0},"_links":{"self":[{"href":"https:\/\/temucotelevision.cl\/web\/wp-json\/wp\/v2\/posts\/38261","targetHints":{"allow":["GET"]}}],"collection":[{"href":"https:\/\/temucotelevision.cl\/web\/wp-json\/wp\/v2\/posts"}],"about":[{"href":"https:\/\/temucotelevision.cl\/web\/wp-json\/wp\/v2\/types\/post"}],"author":[{"embeddable":true,"href":"https:\/\/temucotelevision.cl\/web\/wp-json\/wp\/v2\/users\/1"}],"replies":[{"embeddable":true,"href":"https:\/\/temucotelevision.cl\/web\/wp-json\/wp\/v2\/comments?post=38261"}],"version-history":[{"count":1,"href":"https:\/\/temucotelevision.cl\/web\/wp-json\/wp\/v2\/posts\/38261\/revisions"}],"predecessor-version":[{"id":38263,"href":"https:\/\/temucotelevision.cl\/web\/wp-json\/wp\/v2\/posts\/38261\/revisions\/38263"}],"wp:featuredmedia":[{"embeddable":true,"href":"https:\/\/temucotelevision.cl\/web\/wp-json\/wp\/v2\/media\/38262"}],"wp:attachment":[{"href":"https:\/\/temucotelevision.cl\/web\/wp-json\/wp\/v2\/media?parent=38261"}],"wp:term":[{"taxonomy":"category","embeddable":true,"href":"https:\/\/temucotelevision.cl\/web\/wp-json\/wp\/v2\/categories?post=38261"},{"taxonomy":"post_tag","embeddable":true,"href":"https:\/\/temucotelevision.cl\/web\/wp-json\/wp\/v2\/tags?post=38261"}],"curies":[{"name":"wp","href":"https:\/\/api.w.org\/{rel}","templated":true}]}}