{"id":38258,"date":"2023-01-25T14:45:40","date_gmt":"2023-01-25T17:45:40","guid":{"rendered":"https:\/\/temucotelevision.cl\/web\/?p=38258"},"modified":"2023-01-25T14:45:40","modified_gmt":"2023-01-25T17:45:40","slug":"sernameg-abre-postulaciones-en-las-32-comunas-de-la-araucania-para-programa-mujeres-jefas-de-hogar","status":"publish","type":"post","link":"https:\/\/temucotelevision.cl\/web\/2023\/01\/25\/sernameg-abre-postulaciones-en-las-32-comunas-de-la-araucania-para-programa-mujeres-jefas-de-hogar\/","title":{"rendered":"SernamEG abre postulaciones en las 32 comunas de La Araucan\u00eda para programa Mujeres Jefas de Hogar"},"content":{"rendered":"<div class=\"pvc_clear\"><\/div><p id=\"pvc_stats_38258\" class=\"pvc_stats total_only  \" data-element-id=\"38258\" style=\"\"><i class=\"pvc-stats-icon large\" aria-hidden=\"true\"><svg aria-hidden=\"true\" focusable=\"false\" data-prefix=\"far\" data-icon=\"chart-bar\" role=\"img\" xmlns=\"http:\/\/www.w3.org\/2000\/svg\" viewBox=\"0 0 512 512\" class=\"svg-inline--fa fa-chart-bar fa-w-16 fa-2x\"><path fill=\"currentColor\" d=\"M396.8 352h22.4c6.4 0 12.8-6.4 12.8-12.8V108.8c0-6.4-6.4-12.8-12.8-12.8h-22.4c-6.4 0-12.8 6.4-12.8 12.8v230.4c0 6.4 6.4 12.8 12.8 12.8zm-192 0h22.4c6.4 0 12.8-6.4 12.8-12.8V140.8c0-6.4-6.4-12.8-12.8-12.8h-22.4c-6.4 0-12.8 6.4-12.8 12.8v198.4c0 6.4 6.4 12.8 12.8 12.8zm96 0h22.4c6.4 0 12.8-6.4 12.8-12.8V204.8c0-6.4-6.4-12.8-12.8-12.8h-22.4c-6.4 0-12.8 6.4-12.8 12.8v134.4c0 6.4 6.4 12.8 12.8 12.8zM496 400H48V80c0-8.84-7.16-16-16-16H16C7.16 64 0 71.16 0 80v336c0 17.67 14.33 32 32 32h464c8.84 0 16-7.16 16-16v-16c0-8.84-7.16-16-16-16zm-387.2-48h22.4c6.4 0 12.8-6.4 12.8-12.8v-70.4c0-6.4-6.4-12.8-12.8-12.8h-22.4c-6.4 0-12.8 6.4-12.8 12.8v70.4c0 6.4 6.4 12.8 12.8 12.8z\" class=\"\"><\/path><\/svg><\/i> <img loading=\"lazy\" decoding=\"async\" width=\"16\" height=\"16\" alt=\"Loading\" src=\"https:\/\/temucotelevision.cl\/web\/wp-content\/plugins\/page-views-count\/ajax-loader-2x.gif\" border=0 \/><\/p><div class=\"pvc_clear\"><\/div>\n<p>Es una de las instancias de capacitaci\u00f3n y formaci\u00f3n m\u00e1s reconocidas y de mayor convocatoria del Servicio Nacional de la Mujer y la Equidad de G\u00e9nero (<strong>SernamEG<\/strong>). El programa&nbsp;<strong>Mujeres Jefas de Hogar<\/strong>&nbsp;abri\u00f3 sus postulaciones de Arica a Magallanes, con el objetivo de seguir fortaleciendo la autonom\u00eda econ\u00f3mica de la diversidad de mujeres.<\/p>\n\n\n\n<p>En Chile,&nbsp;<strong>m\u00e1s del 40% de los hogares tiene a una mujer como jefa de hogar<\/strong>. Una cifra que revel\u00f3 el \u00faltimo censo y que seguramente ha ido en aumento con el paso del tiempo. Sin embargo, la pandemia afect\u00f3 la participaci\u00f3n laboral de las mujeres, lo cual refuerza el compromiso del SernamEG en su misi\u00f3n de fomentar la autonom\u00eda econ\u00f3mica de las mujeres.<\/p>\n\n\n\n<p>\u201cPara nosotras es de suma prioridad fomentar todas las autonom\u00edas de las mujeres, entre ellas su capacidad de empleabilidad, de poder formar un negocio, para fortalecer su independencia. Somos conscientes de que las brechas de g\u00e9nero en materia laboral nos siguen perjudicando, pese a que somos m\u00e1s de la mitad de la poblaci\u00f3n del pa\u00eds y del mundo. Por eso, y a trav\u00e9s del programa Jefas de Hogar, nuestro compromiso es fortalecer la fuerza laboral femenina y aportar a disminuir y eliminar las desigualdades que a\u00fan persisten en nuestra sociedad\u201d, afirm\u00f3&nbsp;<strong>Priscilla Carrasco Pizarro<\/strong>, Directora Nacional del SernamEG.<\/p>\n\n\n\n<p>El programa Mujeres Jefas de Hogar tiene como meta capacitar a m\u00e1s de 25 mil mujeres en formaci\u00f3n de un proyecto y tambi\u00e9n potenciar las habilidades personales para aumentar la empleabilidad. Su cobertura estimada para este a\u00f1o supera los 25 mil cupos y se desarrollar\u00e1 de manera presencial o virtual, dependiendo los requerimientos y condiciones de la autoridad sanitaria.<\/p>\n\n\n\n<p>Por su parte la&nbsp;<strong>directora (s) de SermamEG de La Araucan\u00eda, Miriam Bertuzzi Ratti,&nbsp;<\/strong>resalt\u00f3 que \u201c\u00e9ste es un programa que se desarrolla en las 32 comunas de nuestra regi\u00f3n, donde participan anualmente cerca de 4 mil mujeres de las cuales un 55,3% se define no ind\u00edgena y un 44,7% pereciente al pueblo originario. En esta versi\u00f3n 2023 cuenta con m\u00e1s de 3 mil 500 cupos en nuestra regi\u00f3n\u201d.<\/p>\n\n\n\n<p>Las postulaciones ya est\u00e1n abiertas y los requisitos son:<\/p>\n\n\n\n<p>\u00b7&nbsp;&nbsp;&nbsp;&nbsp;&nbsp;&nbsp;&nbsp;&nbsp;&nbsp;Ser mujer jefa de hogar o n\u00facleo.<\/p>\n\n\n\n<p>\u00b7&nbsp;&nbsp;&nbsp;&nbsp;&nbsp;&nbsp;&nbsp;&nbsp;&nbsp;Ser econ\u00f3micamente activa.<\/p>\n\n\n\n<p>\u00b7&nbsp;&nbsp;&nbsp;&nbsp;&nbsp;&nbsp;&nbsp;&nbsp;&nbsp;Tener entre 18 y 65 a\u00f1os de edad.<\/p>\n\n\n\n<p>\u00b7&nbsp;&nbsp;&nbsp;&nbsp;&nbsp;&nbsp;&nbsp;&nbsp;&nbsp;Pertenecer al 60% de la Clasificaci\u00f3n Socioecon\u00f3mica del Registro Social de Hogares. Para quienes no est\u00e9n inscritas en este registro, se considerar\u00e1n los quintiles I, II y III.&nbsp;<\/p>\n\n\n\n<p>\u00b7&nbsp;&nbsp;&nbsp;&nbsp;&nbsp;&nbsp;&nbsp;&nbsp;&nbsp;Vivir o trabajar en la comuna donde se implementa el programa.<\/p>\n\n\n\n<p>\u00b7&nbsp;&nbsp;&nbsp;&nbsp;&nbsp;&nbsp;&nbsp;&nbsp;&nbsp;No haber sido participante del programa en los \u00faltimos 3 a\u00f1os.<\/p>\n\n\n\n<p>Para m\u00e1s informaci\u00f3n, se habilit\u00f3 un banner especial en el sitio&nbsp;<strong><a href=\"http:\/\/sernameg.gob.cl\/\" target=\"_blank\" rel=\"noreferrer noopener\">sernameg.gob.cl<\/a><\/strong>&nbsp;donde tambi\u00e9n se puede acceder al formulario de postulaci\u00f3n.<\/p>\n","protected":false},"excerpt":{"rendered":"<div class=\"pvc_clear\"><\/div>\n<p id=\"pvc_stats_38258\" class=\"pvc_stats total_only  \" data-element-id=\"38258\" style=\"\"><i class=\"pvc-stats-icon large\" aria-hidden=\"true\"><svg aria-hidden=\"true\" focusable=\"false\" data-prefix=\"far\" data-icon=\"chart-bar\" role=\"img\" xmlns=\"http:\/\/www.w3.org\/2000\/svg\" viewBox=\"0 0 512 512\" class=\"svg-inline--fa fa-chart-bar fa-w-16 fa-2x\"><path fill=\"currentColor\" d=\"M396.8 352h22.4c6.4 0 12.8-6.4 12.8-12.8V108.8c0-6.4-6.4-12.8-12.8-12.8h-22.4c-6.4 0-12.8 6.4-12.8 12.8v230.4c0 6.4 6.4 12.8 12.8 12.8zm-192 0h22.4c6.4 0 12.8-6.4 12.8-12.8V140.8c0-6.4-6.4-12.8-12.8-12.8h-22.4c-6.4 0-12.8 6.4-12.8 12.8v198.4c0 6.4 6.4 12.8 12.8 12.8zm96 0h22.4c6.4 0 12.8-6.4 12.8-12.8V204.8c0-6.4-6.4-12.8-12.8-12.8h-22.4c-6.4 0-12.8 6.4-12.8 12.8v134.4c0 6.4 6.4 12.8 12.8 12.8zM496 400H48V80c0-8.84-7.16-16-16-16H16C7.16 64 0 71.16 0 80v336c0 17.67 14.33 32 32 32h464c8.84 0 16-7.16 16-16v-16c0-8.84-7.16-16-16-16zm-387.2-48h22.4c6.4 0 12.8-6.4 12.8-12.8v-70.4c0-6.4-6.4-12.8-12.8-12.8h-22.4c-6.4 0-12.8 6.4-12.8 12.8v70.4c0 6.4 6.4 12.8 12.8 12.8z\" class=\"\"><\/path><\/svg><\/i> <img loading=\"lazy\" decoding=\"async\" width=\"16\" height=\"16\" alt=\"Loading\" src=\"https:\/\/temucotelevision.cl\/web\/wp-content\/plugins\/page-views-count\/ajax-loader-2x.gif\" border=0 \/><\/p>\n<div class=\"pvc_clear\"><\/div>\n<p>Es una de las instancias de capacitaci\u00f3n y formaci\u00f3n m\u00e1s reconocidas y de mayor convocatoria del Servicio Nacional de la<\/p>\n","protected":false},"author":1,"featured_media":38259,"comment_status":"open","ping_status":"open","sticky":false,"template":"","format":"standard","meta":{"colormag_page_container_layout":"default_layout","colormag_page_sidebar_layout":"default_layout","footnotes":""},"categories":[14],"tags":[107,521,2592],"class_list":["post-38258","post","type-post","status-publish","format-standard","has-post-thumbnail","hentry","category-temuco","tag-hogar","tag-programa","tag-sernameg"],"a3_pvc":{"activated":true,"total_views":88,"today_views":0},"_links":{"self":[{"href":"https:\/\/temucotelevision.cl\/web\/wp-json\/wp\/v2\/posts\/38258","targetHints":{"allow":["GET"]}}],"collection":[{"href":"https:\/\/temucotelevision.cl\/web\/wp-json\/wp\/v2\/posts"}],"about":[{"href":"https:\/\/temucotelevision.cl\/web\/wp-json\/wp\/v2\/types\/post"}],"author":[{"embeddable":true,"href":"https:\/\/temucotelevision.cl\/web\/wp-json\/wp\/v2\/users\/1"}],"replies":[{"embeddable":true,"href":"https:\/\/temucotelevision.cl\/web\/wp-json\/wp\/v2\/comments?post=38258"}],"version-history":[{"count":1,"href":"https:\/\/temucotelevision.cl\/web\/wp-json\/wp\/v2\/posts\/38258\/revisions"}],"predecessor-version":[{"id":38260,"href":"https:\/\/temucotelevision.cl\/web\/wp-json\/wp\/v2\/posts\/38258\/revisions\/38260"}],"wp:featuredmedia":[{"embeddable":true,"href":"https:\/\/temucotelevision.cl\/web\/wp-json\/wp\/v2\/media\/38259"}],"wp:attachment":[{"href":"https:\/\/temucotelevision.cl\/web\/wp-json\/wp\/v2\/media?parent=38258"}],"wp:term":[{"taxonomy":"category","embeddable":true,"href":"https:\/\/temucotelevision.cl\/web\/wp-json\/wp\/v2\/categories?post=38258"},{"taxonomy":"post_tag","embeddable":true,"href":"https:\/\/temucotelevision.cl\/web\/wp-json\/wp\/v2\/tags?post=38258"}],"curies":[{"name":"wp","href":"https:\/\/api.w.org\/{rel}","templated":true}]}}