{"id":38254,"date":"2023-01-25T13:55:58","date_gmt":"2023-01-25T16:55:58","guid":{"rendered":"https:\/\/temucotelevision.cl\/web\/?p=38254"},"modified":"2023-01-25T13:55:58","modified_gmt":"2023-01-25T16:55:58","slug":"hombre-fue-condenado-a-25-anos-de-carcel-por-femicidio-frustrado-y-lesiones-graves-a-su-ex-conviviente-hija-de-5-anos-evito-que-le-disparara-con-una-escopeta","status":"publish","type":"post","link":"https:\/\/temucotelevision.cl\/web\/2023\/01\/25\/hombre-fue-condenado-a-25-anos-de-carcel-por-femicidio-frustrado-y-lesiones-graves-a-su-ex-conviviente-hija-de-5-anos-evito-que-le-disparara-con-una-escopeta\/","title":{"rendered":"Hombre fue condenado a 25 a\u00f1os de c\u00e1rcel por femicidio frustrado y lesiones graves a su ex conviviente: hija de 5 a\u00f1os evit\u00f3 que le disparara con una escopeta"},"content":{"rendered":"<div class=\"pvc_clear\"><\/div><p id=\"pvc_stats_38254\" class=\"pvc_stats total_only  \" data-element-id=\"38254\" style=\"\"><i class=\"pvc-stats-icon large\" aria-hidden=\"true\"><svg aria-hidden=\"true\" focusable=\"false\" data-prefix=\"far\" data-icon=\"chart-bar\" role=\"img\" xmlns=\"http:\/\/www.w3.org\/2000\/svg\" viewBox=\"0 0 512 512\" class=\"svg-inline--fa fa-chart-bar fa-w-16 fa-2x\"><path fill=\"currentColor\" d=\"M396.8 352h22.4c6.4 0 12.8-6.4 12.8-12.8V108.8c0-6.4-6.4-12.8-12.8-12.8h-22.4c-6.4 0-12.8 6.4-12.8 12.8v230.4c0 6.4 6.4 12.8 12.8 12.8zm-192 0h22.4c6.4 0 12.8-6.4 12.8-12.8V140.8c0-6.4-6.4-12.8-12.8-12.8h-22.4c-6.4 0-12.8 6.4-12.8 12.8v198.4c0 6.4 6.4 12.8 12.8 12.8zm96 0h22.4c6.4 0 12.8-6.4 12.8-12.8V204.8c0-6.4-6.4-12.8-12.8-12.8h-22.4c-6.4 0-12.8 6.4-12.8 12.8v134.4c0 6.4 6.4 12.8 12.8 12.8zM496 400H48V80c0-8.84-7.16-16-16-16H16C7.16 64 0 71.16 0 80v336c0 17.67 14.33 32 32 32h464c8.84 0 16-7.16 16-16v-16c0-8.84-7.16-16-16-16zm-387.2-48h22.4c6.4 0 12.8-6.4 12.8-12.8v-70.4c0-6.4-6.4-12.8-12.8-12.8h-22.4c-6.4 0-12.8 6.4-12.8 12.8v70.4c0 6.4 6.4 12.8 12.8 12.8z\" class=\"\"><\/path><\/svg><\/i> <img loading=\"lazy\" decoding=\"async\" width=\"16\" height=\"16\" alt=\"Loading\" src=\"https:\/\/temucotelevision.cl\/web\/wp-content\/plugins\/page-views-count\/ajax-loader-2x.gif\" border=0 \/><\/p><div class=\"pvc_clear\"><\/div>\n<p>La Fiscal\u00eda de Angol, representada por su fiscal jefe Cristi\u00e1n Gacit\u00faa, obtuvo una sentencia de 25 a\u00f1os de presidio contra un hombre que fue condenado por los delitos de femicidio \u00edntimo frustrado y lesiones graves en perjuicio de su ex conviviente, adem\u00e1s de porte ilegal de arma de fuego prohibida.<\/p>\n\n\n\n<p>El Tribunal Oral de Angol dio por acreditado que la ma\u00f1ana del 17 de enero de 2022 el condenado Nicol\u00e1s Carrasco Cuevas, de 26 a\u00f1os, concurri\u00f3 al domicilio de la v\u00edctima y sus dos hijas menores de edad, en el sector Huequen de la comuna. Cuando la mujer le neg\u00f3 el ingreso la agredi\u00f3 con un bate de beisbol met\u00e1lico ocasion\u00e1ndole una fractura en el ante brazo izquierdo de car\u00e1cter grave.<\/p>\n\n\n\n<p>El agresor escap\u00f3 antes que llegara Carabineros y la ma\u00f1ana del 2 de marzo, mientras la polic\u00eda lo buscaba para hacer efectiva una orden de detenci\u00f3n, atac\u00f3 nuevamente a la v\u00edctima, esta vez en la comuna Nacimiento (Regi\u00f3n del Bio Bio), donde se hab\u00eda traslado a vivir para huir de \u00e9l.<\/p>\n\n\n\n<p>En esa oportunidad, seg\u00fan explic\u00f3 el fiscal jefe de Angol Cristi\u00e1n Gacit\u00faa, Nicol\u00e1s Carrasco Cuevas ingres\u00f3 violentamente a la casa en momentos que dorm\u00eda con sus hijas y la hiri\u00f3 con un cuchillo en la cara, dorso y extremidades inferiores, para luego sacar desde un bolso una escopeta hechiza, que intent\u00f3 usar para darle muerte. \u201cEn ese preciso momento se interpuso entre \u00e9l y la afectada la ni\u00f1a de 5 a\u00f1os que es hija de ambos. Y eso permiti\u00f3 a la v\u00edctima huir hacia un negocio vecino para solicitar ayuda\u201d.<\/p>\n\n\n\n<p>El tribunal consider\u00f3 como una circunstancia agravante el que cometiera el femicidio frustrado en presencia de sus hijas y lo conden\u00f3 por este hechos a la pena de 15 a\u00f1os de presidio efectivo.<\/p>\n\n\n\n<p>Adem\u00e1s fue sentenciado 5 a\u00f1os de presidio por lesiones graves en contexto de violencia intrafamiliar y a 5 a\u00f1os de presidio por porte ilegal de arma de fuego prohibida. Esto \u00faltimo porque cuando fue detenido por Carabineros en la v\u00eda p\u00fablica en Angol, la madrugada del 7 de marzo de 2022, cargaba en un bolso la misma escopeta que utiliz\u00f3 en el ataque a su ex pareja.<\/p>\n\n\n\n<p>El fiscal Cristi\u00e1n Gacit\u00faa valor\u00f3 la sentencia. \u201cEstas altas penas a las que fue condenado el acusado satisfacen por cierto la pretensi\u00f3n de condena de la Fiscal\u00eda y adicionalmente le brindan tranquilidad a la v\u00edctima y a sus hijas, quienes se encuentran todav\u00eda con afectaci\u00f3n sicol\u00f3gica por estos graves hechos que sufrieron\u201d.<\/p>\n\n\n\n<figure class=\"wp-block-image size-large\"><img loading=\"lazy\" decoding=\"async\" width=\"1024\" height=\"507\" src=\"https:\/\/temucotelevision.cl\/web\/wp-content\/uploads\/2023\/01\/Captura-de-pantalla-2023-01-25-a-las-13.53.08-1024x507.png\" alt=\"\" class=\"wp-image-38256\" srcset=\"https:\/\/temucotelevision.cl\/web\/wp-content\/uploads\/2023\/01\/Captura-de-pantalla-2023-01-25-a-las-13.53.08-1024x507.png 1024w, https:\/\/temucotelevision.cl\/web\/wp-content\/uploads\/2023\/01\/Captura-de-pantalla-2023-01-25-a-las-13.53.08-768x381.png 768w, https:\/\/temucotelevision.cl\/web\/wp-content\/uploads\/2023\/01\/Captura-de-pantalla-2023-01-25-a-las-13.53.08-1536x761.png 1536w, https:\/\/temucotelevision.cl\/web\/wp-content\/uploads\/2023\/01\/Captura-de-pantalla-2023-01-25-a-las-13.53.08.png 2030w\" sizes=\"auto, (max-width: 1024px) 100vw, 1024px\" \/><\/figure>\n","protected":false},"excerpt":{"rendered":"<div class=\"pvc_clear\"><\/div>\n<p id=\"pvc_stats_38254\" class=\"pvc_stats total_only  \" data-element-id=\"38254\" style=\"\"><i class=\"pvc-stats-icon large\" aria-hidden=\"true\"><svg aria-hidden=\"true\" focusable=\"false\" data-prefix=\"far\" data-icon=\"chart-bar\" role=\"img\" xmlns=\"http:\/\/www.w3.org\/2000\/svg\" viewBox=\"0 0 512 512\" class=\"svg-inline--fa fa-chart-bar fa-w-16 fa-2x\"><path fill=\"currentColor\" d=\"M396.8 352h22.4c6.4 0 12.8-6.4 12.8-12.8V108.8c0-6.4-6.4-12.8-12.8-12.8h-22.4c-6.4 0-12.8 6.4-12.8 12.8v230.4c0 6.4 6.4 12.8 12.8 12.8zm-192 0h22.4c6.4 0 12.8-6.4 12.8-12.8V140.8c0-6.4-6.4-12.8-12.8-12.8h-22.4c-6.4 0-12.8 6.4-12.8 12.8v198.4c0 6.4 6.4 12.8 12.8 12.8zm96 0h22.4c6.4 0 12.8-6.4 12.8-12.8V204.8c0-6.4-6.4-12.8-12.8-12.8h-22.4c-6.4 0-12.8 6.4-12.8 12.8v134.4c0 6.4 6.4 12.8 12.8 12.8zM496 400H48V80c0-8.84-7.16-16-16-16H16C7.16 64 0 71.16 0 80v336c0 17.67 14.33 32 32 32h464c8.84 0 16-7.16 16-16v-16c0-8.84-7.16-16-16-16zm-387.2-48h22.4c6.4 0 12.8-6.4 12.8-12.8v-70.4c0-6.4-6.4-12.8-12.8-12.8h-22.4c-6.4 0-12.8 6.4-12.8 12.8v70.4c0 6.4 6.4 12.8 12.8 12.8z\" class=\"\"><\/path><\/svg><\/i> <img loading=\"lazy\" decoding=\"async\" width=\"16\" height=\"16\" alt=\"Loading\" src=\"https:\/\/temucotelevision.cl\/web\/wp-content\/plugins\/page-views-count\/ajax-loader-2x.gif\" border=0 \/><\/p>\n<div class=\"pvc_clear\"><\/div>\n<p>La Fiscal\u00eda de Angol, representada por su fiscal jefe Cristi\u00e1n Gacit\u00faa, obtuvo una sentencia de 25 a\u00f1os de presidio contra<\/p>\n","protected":false},"author":1,"featured_media":38255,"comment_status":"open","ping_status":"open","sticky":false,"template":"","format":"standard","meta":{"colormag_page_container_layout":"default_layout","colormag_page_sidebar_layout":"default_layout","footnotes":""},"categories":[15],"tags":[505,219,3113,3494,188,461],"class_list":["post-38254","post","type-post","status-publish","format-standard","has-post-thumbnail","hentry","category-la-araucania","tag-carcel","tag-condena","tag-conviviente","tag-femicidio-frustrado","tag-hombre","tag-lesiones"],"a3_pvc":{"activated":true,"total_views":79,"today_views":0},"_links":{"self":[{"href":"https:\/\/temucotelevision.cl\/web\/wp-json\/wp\/v2\/posts\/38254","targetHints":{"allow":["GET"]}}],"collection":[{"href":"https:\/\/temucotelevision.cl\/web\/wp-json\/wp\/v2\/posts"}],"about":[{"href":"https:\/\/temucotelevision.cl\/web\/wp-json\/wp\/v2\/types\/post"}],"author":[{"embeddable":true,"href":"https:\/\/temucotelevision.cl\/web\/wp-json\/wp\/v2\/users\/1"}],"replies":[{"embeddable":true,"href":"https:\/\/temucotelevision.cl\/web\/wp-json\/wp\/v2\/comments?post=38254"}],"version-history":[{"count":1,"href":"https:\/\/temucotelevision.cl\/web\/wp-json\/wp\/v2\/posts\/38254\/revisions"}],"predecessor-version":[{"id":38257,"href":"https:\/\/temucotelevision.cl\/web\/wp-json\/wp\/v2\/posts\/38254\/revisions\/38257"}],"wp:featuredmedia":[{"embeddable":true,"href":"https:\/\/temucotelevision.cl\/web\/wp-json\/wp\/v2\/media\/38255"}],"wp:attachment":[{"href":"https:\/\/temucotelevision.cl\/web\/wp-json\/wp\/v2\/media?parent=38254"}],"wp:term":[{"taxonomy":"category","embeddable":true,"href":"https:\/\/temucotelevision.cl\/web\/wp-json\/wp\/v2\/categories?post=38254"},{"taxonomy":"post_tag","embeddable":true,"href":"https:\/\/temucotelevision.cl\/web\/wp-json\/wp\/v2\/tags?post=38254"}],"curies":[{"name":"wp","href":"https:\/\/api.w.org\/{rel}","templated":true}]}}