{"id":38248,"date":"2023-01-26T13:00:00","date_gmt":"2023-01-26T16:00:00","guid":{"rendered":"https:\/\/temucotelevision.cl\/web\/?p=38248"},"modified":"2023-01-26T17:33:40","modified_gmt":"2023-01-26T20:33:40","slug":"27-28-y-29-de-enero-en-tolten-feria-costumbrista-de-queule-realizara-su-version-2023-este-fin-de-semana","status":"publish","type":"post","link":"https:\/\/temucotelevision.cl\/web\/2023\/01\/26\/27-28-y-29-de-enero-en-tolten-feria-costumbrista-de-queule-realizara-su-version-2023-este-fin-de-semana\/","title":{"rendered":"27, 28 y 29 de enero en\u00a0Tolt\u00e9n: Feria Costumbrista de Queule realizar\u00e1 su versi\u00f3n 2023 este fin de semana"},"content":{"rendered":"<div class=\"pvc_clear\"><\/div><p id=\"pvc_stats_38248\" class=\"pvc_stats total_only  \" data-element-id=\"38248\" style=\"\"><i class=\"pvc-stats-icon large\" aria-hidden=\"true\"><svg aria-hidden=\"true\" focusable=\"false\" data-prefix=\"far\" data-icon=\"chart-bar\" role=\"img\" xmlns=\"http:\/\/www.w3.org\/2000\/svg\" viewBox=\"0 0 512 512\" class=\"svg-inline--fa fa-chart-bar fa-w-16 fa-2x\"><path fill=\"currentColor\" d=\"M396.8 352h22.4c6.4 0 12.8-6.4 12.8-12.8V108.8c0-6.4-6.4-12.8-12.8-12.8h-22.4c-6.4 0-12.8 6.4-12.8 12.8v230.4c0 6.4 6.4 12.8 12.8 12.8zm-192 0h22.4c6.4 0 12.8-6.4 12.8-12.8V140.8c0-6.4-6.4-12.8-12.8-12.8h-22.4c-6.4 0-12.8 6.4-12.8 12.8v198.4c0 6.4 6.4 12.8 12.8 12.8zm96 0h22.4c6.4 0 12.8-6.4 12.8-12.8V204.8c0-6.4-6.4-12.8-12.8-12.8h-22.4c-6.4 0-12.8 6.4-12.8 12.8v134.4c0 6.4 6.4 12.8 12.8 12.8zM496 400H48V80c0-8.84-7.16-16-16-16H16C7.16 64 0 71.16 0 80v336c0 17.67 14.33 32 32 32h464c8.84 0 16-7.16 16-16v-16c0-8.84-7.16-16-16-16zm-387.2-48h22.4c6.4 0 12.8-6.4 12.8-12.8v-70.4c0-6.4-6.4-12.8-12.8-12.8h-22.4c-6.4 0-12.8 6.4-12.8 12.8v70.4c0 6.4 6.4 12.8 12.8 12.8z\" class=\"\"><\/path><\/svg><\/i> <img loading=\"lazy\" decoding=\"async\" width=\"16\" height=\"16\" alt=\"Loading\" src=\"https:\/\/temucotelevision.cl\/web\/wp-content\/plugins\/page-views-count\/ajax-loader-2x.gif\" border=0 \/><\/p><div class=\"pvc_clear\"><\/div>\n<p><em>Con una gran oferta gastron\u00f3mica y&nbsp;&nbsp;expositores locales, vuelve el tradicional evento que se realiza en la localidad de Queule, ubicado a 130 kil\u00f3metros de Temuco, espera atraer a m\u00e1s de&nbsp;&nbsp;mil asistentes.&nbsp;<\/em><\/p>\n\n\n\n<p>Tras un a\u00f1o suspendido a causa de la pandemia del Covid-19, este 27 de enero se dar\u00e1 inici\u00f3 a una nueva versi\u00f3n de la tradicional Feria Costumbrista de Queule. La celebraci\u00f3n busca reunir a los comit\u00e9s campesinos, juntas de vecinos y otras comunidades de la zona durante esta temporada estival. El evento tendr\u00e1 lugar en la cancha de carreras del Club del Huaso de Queule,&nbsp;&nbsp;comuna de Tolt\u00e9n, y abrir\u00e1 sus puertas este viernes 27 de enero a las 12:00 AM, y el fin de semana&nbsp;&nbsp;a las 9:00 AM.&nbsp;<\/p>\n\n\n\n<p>Los visitantes podr\u00e1n disfrutar de una variada oferta gastron\u00f3mica campesina de la zona, incluyendo asados al palo, empanadas, cervezas artesanales, entre otros.&nbsp;&nbsp;En la Feria Costumbrista de Queule habr\u00e1 un centenar de expositores,&nbsp;&nbsp;entre los que se encuentran artesanos que trabajan diferentes tipos de productos t\u00edpicos de la zona, productores agr\u00edcolas y orfebres, entre otros. Sum\u00e1ndose&nbsp;&nbsp;juegos infantiles.&nbsp;<\/p>\n\n\n\n<p>El a\u00f1o pasado debido a las restricciones por la pandemia el evento no se pudo realizar, pero con el regreso de la tradicional feria este a\u00f1o desde la Municipalidad afirmaron que esperan m\u00e1s de 800 asistentes.<\/p>\n\n\n\n<p>La difusi\u00f3n del evento es apoyada por \u201cFiestas del Sur\u201d, un proyecto impulsado por CMPC que tiene como objetivo dar a conocer las fiestas costumbristas, festivales y actividades locales de las regiones de Maule, \u00d1uble, Biob\u00edo, La Araucan\u00eda, Los Lagos y Ays\u00e9n durante los meses de verano, y con ello apoyar el desarrollo de las comunidades.<\/p>\n\n\n\n<figure class=\"wp-block-image size-large\"><img loading=\"lazy\" decoding=\"async\" width=\"1024\" height=\"768\" src=\"https:\/\/temucotelevision.cl\/web\/wp-content\/uploads\/2023\/01\/Feria-Queule-2-1-1024x768.jpg\" alt=\"\" class=\"wp-image-38282\" srcset=\"https:\/\/temucotelevision.cl\/web\/wp-content\/uploads\/2023\/01\/Feria-Queule-2-1-1024x768.jpg 1024w, https:\/\/temucotelevision.cl\/web\/wp-content\/uploads\/2023\/01\/Feria-Queule-2-1-768x576.jpg 768w, https:\/\/temucotelevision.cl\/web\/wp-content\/uploads\/2023\/01\/Feria-Queule-2-1-1536x1152.jpg 1536w, https:\/\/temucotelevision.cl\/web\/wp-content\/uploads\/2023\/01\/Feria-Queule-2-1-2048x1536.jpg 2048w\" sizes=\"auto, (max-width: 1024px) 100vw, 1024px\" \/><\/figure>\n\n\n\n<figure class=\"wp-block-image size-large\"><img loading=\"lazy\" decoding=\"async\" width=\"1024\" height=\"683\" src=\"https:\/\/temucotelevision.cl\/web\/wp-content\/uploads\/2023\/01\/Queule-2-1024x683.jpg\" alt=\"\" class=\"wp-image-38280\" srcset=\"https:\/\/temucotelevision.cl\/web\/wp-content\/uploads\/2023\/01\/Queule-2-1024x683.jpg 1024w, https:\/\/temucotelevision.cl\/web\/wp-content\/uploads\/2023\/01\/Queule-2-768x512.jpg 768w, https:\/\/temucotelevision.cl\/web\/wp-content\/uploads\/2023\/01\/Queule-2-1536x1024.jpg 1536w, https:\/\/temucotelevision.cl\/web\/wp-content\/uploads\/2023\/01\/Queule-2-2048x1365.jpg 2048w\" sizes=\"auto, (max-width: 1024px) 100vw, 1024px\" \/><\/figure>\n\n\n\n<figure class=\"wp-block-image size-large\"><img loading=\"lazy\" decoding=\"async\" width=\"1024\" height=\"1024\" src=\"https:\/\/temucotelevision.cl\/web\/wp-content\/uploads\/2023\/01\/Feria-Queule2-1024x1024.jpg\" alt=\"\" class=\"wp-image-38250\" srcset=\"https:\/\/temucotelevision.cl\/web\/wp-content\/uploads\/2023\/01\/Feria-Queule2-1024x1024.jpg 1024w, https:\/\/temucotelevision.cl\/web\/wp-content\/uploads\/2023\/01\/Feria-Queule2-1000x1000.jpg 1000w, https:\/\/temucotelevision.cl\/web\/wp-content\/uploads\/2023\/01\/Feria-Queule2-768x768.jpg 768w, https:\/\/temucotelevision.cl\/web\/wp-content\/uploads\/2023\/01\/Feria-Queule2.jpg 1280w\" sizes=\"auto, (max-width: 1024px) 100vw, 1024px\" \/><\/figure>\n","protected":false},"excerpt":{"rendered":"<div class=\"pvc_clear\"><\/div>\n<p id=\"pvc_stats_38248\" class=\"pvc_stats total_only  \" data-element-id=\"38248\" style=\"\"><i class=\"pvc-stats-icon large\" aria-hidden=\"true\"><svg aria-hidden=\"true\" focusable=\"false\" data-prefix=\"far\" data-icon=\"chart-bar\" role=\"img\" xmlns=\"http:\/\/www.w3.org\/2000\/svg\" viewBox=\"0 0 512 512\" class=\"svg-inline--fa fa-chart-bar fa-w-16 fa-2x\"><path fill=\"currentColor\" d=\"M396.8 352h22.4c6.4 0 12.8-6.4 12.8-12.8V108.8c0-6.4-6.4-12.8-12.8-12.8h-22.4c-6.4 0-12.8 6.4-12.8 12.8v230.4c0 6.4 6.4 12.8 12.8 12.8zm-192 0h22.4c6.4 0 12.8-6.4 12.8-12.8V140.8c0-6.4-6.4-12.8-12.8-12.8h-22.4c-6.4 0-12.8 6.4-12.8 12.8v198.4c0 6.4 6.4 12.8 12.8 12.8zm96 0h22.4c6.4 0 12.8-6.4 12.8-12.8V204.8c0-6.4-6.4-12.8-12.8-12.8h-22.4c-6.4 0-12.8 6.4-12.8 12.8v134.4c0 6.4 6.4 12.8 12.8 12.8zM496 400H48V80c0-8.84-7.16-16-16-16H16C7.16 64 0 71.16 0 80v336c0 17.67 14.33 32 32 32h464c8.84 0 16-7.16 16-16v-16c0-8.84-7.16-16-16-16zm-387.2-48h22.4c6.4 0 12.8-6.4 12.8-12.8v-70.4c0-6.4-6.4-12.8-12.8-12.8h-22.4c-6.4 0-12.8 6.4-12.8 12.8v70.4c0 6.4 6.4 12.8 12.8 12.8z\" class=\"\"><\/path><\/svg><\/i> <img loading=\"lazy\" decoding=\"async\" width=\"16\" height=\"16\" alt=\"Loading\" src=\"https:\/\/temucotelevision.cl\/web\/wp-content\/plugins\/page-views-count\/ajax-loader-2x.gif\" border=0 \/><\/p>\n<div class=\"pvc_clear\"><\/div>\n<p>Con una gran oferta gastron\u00f3mica y&nbsp;&nbsp;expositores locales, vuelve el tradicional evento que se realiza en la localidad de Queule, ubicado<\/p>\n","protected":false},"author":1,"featured_media":38249,"comment_status":"open","ping_status":"open","sticky":false,"template":"","format":"standard","meta":{"colormag_page_container_layout":"default_layout","colormag_page_sidebar_layout":"default_layout","footnotes":""},"categories":[15,86],"tags":[258,257,1489,215,1021],"class_list":["post-38248","post","type-post","status-publish","format-standard","has-post-thumbnail","hentry","category-la-araucania","category-panoramas","tag-costumbrista","tag-feria","tag-queule","tag-tolten","tag-version"],"a3_pvc":{"activated":true,"total_views":606,"today_views":0},"_links":{"self":[{"href":"https:\/\/temucotelevision.cl\/web\/wp-json\/wp\/v2\/posts\/38248","targetHints":{"allow":["GET"]}}],"collection":[{"href":"https:\/\/temucotelevision.cl\/web\/wp-json\/wp\/v2\/posts"}],"about":[{"href":"https:\/\/temucotelevision.cl\/web\/wp-json\/wp\/v2\/types\/post"}],"author":[{"embeddable":true,"href":"https:\/\/temucotelevision.cl\/web\/wp-json\/wp\/v2\/users\/1"}],"replies":[{"embeddable":true,"href":"https:\/\/temucotelevision.cl\/web\/wp-json\/wp\/v2\/comments?post=38248"}],"version-history":[{"count":2,"href":"https:\/\/temucotelevision.cl\/web\/wp-json\/wp\/v2\/posts\/38248\/revisions"}],"predecessor-version":[{"id":38284,"href":"https:\/\/temucotelevision.cl\/web\/wp-json\/wp\/v2\/posts\/38248\/revisions\/38284"}],"wp:featuredmedia":[{"embeddable":true,"href":"https:\/\/temucotelevision.cl\/web\/wp-json\/wp\/v2\/media\/38249"}],"wp:attachment":[{"href":"https:\/\/temucotelevision.cl\/web\/wp-json\/wp\/v2\/media?parent=38248"}],"wp:term":[{"taxonomy":"category","embeddable":true,"href":"https:\/\/temucotelevision.cl\/web\/wp-json\/wp\/v2\/categories?post=38248"},{"taxonomy":"post_tag","embeddable":true,"href":"https:\/\/temucotelevision.cl\/web\/wp-json\/wp\/v2\/tags?post=38248"}],"curies":[{"name":"wp","href":"https:\/\/api.w.org\/{rel}","templated":true}]}}