{"id":37811,"date":"2023-01-09T10:59:07","date_gmt":"2023-01-09T13:59:07","guid":{"rendered":"https:\/\/temucotelevision.cl\/web\/?p=37811"},"modified":"2023-01-09T10:59:07","modified_gmt":"2023-01-09T13:59:07","slug":"del-13-al-15-de-enero-el-parque-isla-cautin-recibira-el-festival-araucania-cervecera-2023","status":"publish","type":"post","link":"https:\/\/temucotelevision.cl\/web\/2023\/01\/09\/del-13-al-15-de-enero-el-parque-isla-cautin-recibira-el-festival-araucania-cervecera-2023\/","title":{"rendered":"Del 13 al 15 de enero el Parque Isla Caut\u00edn recibir\u00e1 el Festival Araucan\u00eda Cervecera 2023"},"content":{"rendered":"<div class=\"pvc_clear\"><\/div><p id=\"pvc_stats_37811\" class=\"pvc_stats total_only  \" data-element-id=\"37811\" style=\"\"><i class=\"pvc-stats-icon large\" aria-hidden=\"true\"><svg aria-hidden=\"true\" focusable=\"false\" data-prefix=\"far\" data-icon=\"chart-bar\" role=\"img\" xmlns=\"http:\/\/www.w3.org\/2000\/svg\" viewBox=\"0 0 512 512\" class=\"svg-inline--fa fa-chart-bar fa-w-16 fa-2x\"><path fill=\"currentColor\" d=\"M396.8 352h22.4c6.4 0 12.8-6.4 12.8-12.8V108.8c0-6.4-6.4-12.8-12.8-12.8h-22.4c-6.4 0-12.8 6.4-12.8 12.8v230.4c0 6.4 6.4 12.8 12.8 12.8zm-192 0h22.4c6.4 0 12.8-6.4 12.8-12.8V140.8c0-6.4-6.4-12.8-12.8-12.8h-22.4c-6.4 0-12.8 6.4-12.8 12.8v198.4c0 6.4 6.4 12.8 12.8 12.8zm96 0h22.4c6.4 0 12.8-6.4 12.8-12.8V204.8c0-6.4-6.4-12.8-12.8-12.8h-22.4c-6.4 0-12.8 6.4-12.8 12.8v134.4c0 6.4 6.4 12.8 12.8 12.8zM496 400H48V80c0-8.84-7.16-16-16-16H16C7.16 64 0 71.16 0 80v336c0 17.67 14.33 32 32 32h464c8.84 0 16-7.16 16-16v-16c0-8.84-7.16-16-16-16zm-387.2-48h22.4c6.4 0 12.8-6.4 12.8-12.8v-70.4c0-6.4-6.4-12.8-12.8-12.8h-22.4c-6.4 0-12.8 6.4-12.8 12.8v70.4c0 6.4 6.4 12.8 12.8 12.8z\" class=\"\"><\/path><\/svg><\/i> <img loading=\"lazy\" decoding=\"async\" width=\"16\" height=\"16\" alt=\"Loading\" src=\"https:\/\/temucotelevision.cl\/web\/wp-content\/plugins\/page-views-count\/ajax-loader-2x.gif\" border=0 \/><\/p><div class=\"pvc_clear\"><\/div>\n<p><strong><em>El parque Isla caut\u00edn recibir\u00e1 al primer Festival cervecero de la regi\u00f3n, el evento contar\u00e1 con m\u00e1s de 40 variedades de cerveza artesanal producida en La Araucan\u00eda, adem\u00e1s de m\u00fasica en vivo, food trucks y emprendedores locales, se desarrollar\u00e1 del 13 al 15 de enero en el nuevo pulm\u00f3n verde de la ciudad de Temuco.<\/em><\/strong><\/p>\n\n\n\n<p>Las y los cerveceros m\u00e1s apasionados de La Araucan\u00eda sorprender\u00e1n a la comunidad regional este 13, 14 y 15 de enero, en el Festival Araucan\u00eda Cervecera 2023.<\/p>\n\n\n\n<p>En las tres jornadas, a efectuarse de 12:00 a 21:00 horas en el Parque Urbano Isla Caut\u00edn de Temuco, los visitantes podr\u00e1n deleitarse con m\u00e1s de 40 variedades de cerveza artesanal, adem\u00e1s de m\u00fasica en vivo, diferentes food trucks y una exposici\u00f3n de emprendedores locales.<\/p>\n\n\n\n<p>Este evento, para mayores de 18 a\u00f1os de edad, es organizado por la nueva Asociaci\u00f3n Gremial Araucan\u00eda Cervecera, entidad que nace ante la necesidad de mostrar el trabajo de calidad de una verdadera cervecer\u00eda artesanal a trav\u00e9s de diversos estilos de cerveza, entretenidos cooking shows y maridajes en vivo y, con ello, contribuir a masificar el encanto de la cultura cervecera en la Regi\u00f3n de La Araucan\u00eda.<\/p>\n\n\n\n<p>Las bandas en vivo, para las diferentes jornadas ser\u00e1n las siguientes:<\/p>\n\n\n\n<p><strong>Viernes<\/strong>:<\/p>\n\n\n\n<p>San Miguel, Coolcats y la Fiat 600.<\/p>\n\n\n\n<p><strong>S\u00e1bado:<\/strong><\/p>\n\n\n\n<p>Tributos; The Beatles, Faith No More y cerrando Estela Gartija.<\/p>\n\n\n\n<p><strong>Domingo:<\/strong><\/p>\n\n\n\n<p>Tributo Dua Lipa, Neptuno y Tributo a Mago de Oz.<\/p>\n\n\n\n<p>Con la consigna \u201cTODOS AL PARQUE\u201d, la invitaci\u00f3n es a estar atentos a las redes sociales de ACAG CHILE (<a href=\"https:\/\/www.instagram.com\/acag_chile\/\" target=\"_blank\" rel=\"noreferrer noopener\">https:\/\/www.instagram.com\/acag_chile\/<\/a>&nbsp;&#8211;&nbsp;<a href=\"https:\/\/www.facebook.com\/araucaniacervecera\" target=\"_blank\" rel=\"noreferrer noopener\">https:\/\/www.facebook.com\/araucaniacervecera<\/a>) para adquirir las entradas y ser part\u00edcipes de este festival colaborativo, petfriendly y sustentable.<\/p>\n\n\n\n<p><strong>Compra tus entradas en&nbsp;<a href=\"http:\/\/www.acag.cl\/\" target=\"_blank\" rel=\"noreferrer noopener\">www.acag.cl<\/a>&nbsp;y aprovecha los descuentos de la preventa.<\/strong><\/p>\n","protected":false},"excerpt":{"rendered":"<div class=\"pvc_clear\"><\/div>\n<p id=\"pvc_stats_37811\" class=\"pvc_stats total_only  \" data-element-id=\"37811\" style=\"\"><i class=\"pvc-stats-icon large\" aria-hidden=\"true\"><svg aria-hidden=\"true\" focusable=\"false\" data-prefix=\"far\" data-icon=\"chart-bar\" role=\"img\" xmlns=\"http:\/\/www.w3.org\/2000\/svg\" viewBox=\"0 0 512 512\" class=\"svg-inline--fa fa-chart-bar fa-w-16 fa-2x\"><path fill=\"currentColor\" d=\"M396.8 352h22.4c6.4 0 12.8-6.4 12.8-12.8V108.8c0-6.4-6.4-12.8-12.8-12.8h-22.4c-6.4 0-12.8 6.4-12.8 12.8v230.4c0 6.4 6.4 12.8 12.8 12.8zm-192 0h22.4c6.4 0 12.8-6.4 12.8-12.8V140.8c0-6.4-6.4-12.8-12.8-12.8h-22.4c-6.4 0-12.8 6.4-12.8 12.8v198.4c0 6.4 6.4 12.8 12.8 12.8zm96 0h22.4c6.4 0 12.8-6.4 12.8-12.8V204.8c0-6.4-6.4-12.8-12.8-12.8h-22.4c-6.4 0-12.8 6.4-12.8 12.8v134.4c0 6.4 6.4 12.8 12.8 12.8zM496 400H48V80c0-8.84-7.16-16-16-16H16C7.16 64 0 71.16 0 80v336c0 17.67 14.33 32 32 32h464c8.84 0 16-7.16 16-16v-16c0-8.84-7.16-16-16-16zm-387.2-48h22.4c6.4 0 12.8-6.4 12.8-12.8v-70.4c0-6.4-6.4-12.8-12.8-12.8h-22.4c-6.4 0-12.8 6.4-12.8 12.8v70.4c0 6.4 6.4 12.8 12.8 12.8z\" class=\"\"><\/path><\/svg><\/i> <img loading=\"lazy\" decoding=\"async\" width=\"16\" height=\"16\" alt=\"Loading\" src=\"https:\/\/temucotelevision.cl\/web\/wp-content\/plugins\/page-views-count\/ajax-loader-2x.gif\" border=0 \/><\/p>\n<div class=\"pvc_clear\"><\/div>\n<p>El parque Isla caut\u00edn recibir\u00e1 al primer Festival cervecero de la regi\u00f3n, el evento contar\u00e1 con m\u00e1s de 40 variedades<\/p>\n","protected":false},"author":1,"featured_media":37812,"comment_status":"open","ping_status":"open","sticky":false,"template":"","format":"standard","meta":{"colormag_page_container_layout":"default_layout","colormag_page_sidebar_layout":"default_layout","footnotes":""},"categories":[86],"tags":[4776,141,279],"class_list":["post-37811","post","type-post","status-publish","format-standard","has-post-thumbnail","hentry","category-panoramas","tag-cervecera","tag-festival","tag-parque"],"a3_pvc":{"activated":true,"total_views":170,"today_views":0},"_links":{"self":[{"href":"https:\/\/temucotelevision.cl\/web\/wp-json\/wp\/v2\/posts\/37811","targetHints":{"allow":["GET"]}}],"collection":[{"href":"https:\/\/temucotelevision.cl\/web\/wp-json\/wp\/v2\/posts"}],"about":[{"href":"https:\/\/temucotelevision.cl\/web\/wp-json\/wp\/v2\/types\/post"}],"author":[{"embeddable":true,"href":"https:\/\/temucotelevision.cl\/web\/wp-json\/wp\/v2\/users\/1"}],"replies":[{"embeddable":true,"href":"https:\/\/temucotelevision.cl\/web\/wp-json\/wp\/v2\/comments?post=37811"}],"version-history":[{"count":1,"href":"https:\/\/temucotelevision.cl\/web\/wp-json\/wp\/v2\/posts\/37811\/revisions"}],"predecessor-version":[{"id":37813,"href":"https:\/\/temucotelevision.cl\/web\/wp-json\/wp\/v2\/posts\/37811\/revisions\/37813"}],"wp:featuredmedia":[{"embeddable":true,"href":"https:\/\/temucotelevision.cl\/web\/wp-json\/wp\/v2\/media\/37812"}],"wp:attachment":[{"href":"https:\/\/temucotelevision.cl\/web\/wp-json\/wp\/v2\/media?parent=37811"}],"wp:term":[{"taxonomy":"category","embeddable":true,"href":"https:\/\/temucotelevision.cl\/web\/wp-json\/wp\/v2\/categories?post=37811"},{"taxonomy":"post_tag","embeddable":true,"href":"https:\/\/temucotelevision.cl\/web\/wp-json\/wp\/v2\/tags?post=37811"}],"curies":[{"name":"wp","href":"https:\/\/api.w.org\/{rel}","templated":true}]}}