{"id":37794,"date":"2023-01-08T17:43:04","date_gmt":"2023-01-08T20:43:04","guid":{"rendered":"https:\/\/temucotelevision.cl\/web\/?p=37794"},"modified":"2023-01-08T17:43:05","modified_gmt":"2023-01-08T20:43:05","slug":"con-intervencion-artistica-municipio-renueva-la-imagen-de-gabinetes-de-controladores-de-semaforos","status":"publish","type":"post","link":"https:\/\/temucotelevision.cl\/web\/2023\/01\/08\/con-intervencion-artistica-municipio-renueva-la-imagen-de-gabinetes-de-controladores-de-semaforos\/","title":{"rendered":"Con intervenci\u00f3n art\u00edstica municipio renueva la imagen de gabinetes de controladores de sem\u00e1foros"},"content":{"rendered":"<div class=\"pvc_clear\"><\/div><p id=\"pvc_stats_37794\" class=\"pvc_stats total_only  \" data-element-id=\"37794\" style=\"\"><i class=\"pvc-stats-icon large\" aria-hidden=\"true\"><svg aria-hidden=\"true\" focusable=\"false\" data-prefix=\"far\" data-icon=\"chart-bar\" role=\"img\" xmlns=\"http:\/\/www.w3.org\/2000\/svg\" viewBox=\"0 0 512 512\" class=\"svg-inline--fa fa-chart-bar fa-w-16 fa-2x\"><path fill=\"currentColor\" d=\"M396.8 352h22.4c6.4 0 12.8-6.4 12.8-12.8V108.8c0-6.4-6.4-12.8-12.8-12.8h-22.4c-6.4 0-12.8 6.4-12.8 12.8v230.4c0 6.4 6.4 12.8 12.8 12.8zm-192 0h22.4c6.4 0 12.8-6.4 12.8-12.8V140.8c0-6.4-6.4-12.8-12.8-12.8h-22.4c-6.4 0-12.8 6.4-12.8 12.8v198.4c0 6.4 6.4 12.8 12.8 12.8zm96 0h22.4c6.4 0 12.8-6.4 12.8-12.8V204.8c0-6.4-6.4-12.8-12.8-12.8h-22.4c-6.4 0-12.8 6.4-12.8 12.8v134.4c0 6.4 6.4 12.8 12.8 12.8zM496 400H48V80c0-8.84-7.16-16-16-16H16C7.16 64 0 71.16 0 80v336c0 17.67 14.33 32 32 32h464c8.84 0 16-7.16 16-16v-16c0-8.84-7.16-16-16-16zm-387.2-48h22.4c6.4 0 12.8-6.4 12.8-12.8v-70.4c0-6.4-6.4-12.8-12.8-12.8h-22.4c-6.4 0-12.8 6.4-12.8 12.8v70.4c0 6.4 6.4 12.8 12.8 12.8z\" class=\"\"><\/path><\/svg><\/i> <img loading=\"lazy\" decoding=\"async\" width=\"16\" height=\"16\" alt=\"Loading\" src=\"https:\/\/temucotelevision.cl\/web\/wp-content\/plugins\/page-views-count\/ajax-loader-2x.gif\" border=0 \/><\/p><div class=\"pvc_clear\"><\/div>\n<p>43 gabinetes de controladores de sem\u00e1foros fueron intervenidos con obras pict\u00f3ricas gracias a un proyecto desarrollado por la Direcci\u00f3n de Turismo, Patrimonio y Cultura de la municipalidad de Temuco, iniciativa que convoc\u00f3 a 18 artistas locales para la creaci\u00f3n art\u00edstica y cultural de la comuna.&nbsp;<\/p>\n\n\n\n<p>El objetivo de la iniciativa fue integrar los gabinetes al paisaje urbano de manera amigable con la ciudad, considerando intervenciones art\u00edsticas basadas en la flora, fauna, el patrimonio cultural e hist\u00f3rico de Temuco y La Araucan\u00eda, la figura de Gabriela Mistral y Pablo Neruda, adem\u00e1s de algunos elementos educativos de seguridad vial.<\/p>\n\n\n\n<p>La intervenci\u00f3n, ejecutada entre los meses de noviembre y diciembre del a\u00f1o reci\u00e9n pasado, se realiz\u00f3 en importantes arterias de la ciudad, como lo son las avenidas Arturo Prat, San Mart\u00edn, Alemania y calle Manuel Montt, participando estudiantes y licenciados de arte, liderados por Crist\u00f3bal Sanhueza y Catalina M\u00e9ndez, ambos licenciados en artes visuales de la Universidad Cat\u00f3lica de Temuco.<\/p>\n\n\n\n<p>Con respecto a la iniciativa, el alcalde de Temuco, Roberto Neira, se\u00f1al\u00f3, \u201cqueremos darle vida a la ciudad y los peque\u00f1os detalles son importantes, estos gabinetes de sem\u00e1foros ten\u00edan un color gris que en nada aportaban al paisaje, quisimos aportar con arte en este espacio, aprovecho de agradecer a los artistas locales que nos apoyaron en esta iniciativa de hermoseamiento \u201c.<\/p>\n\n\n\n<p>Bajo este contexto, Crist\u00f3bal Sanhueza dijo que, \u201cla iniciativa parte de un deseo de entregar a la ciudad un patrimonio visual, rescatar la arquitectura, la fauna y educar a la gente en torno a temas viales. En concreto es intervenir, mediante pinturas y algunos escritos, los gabinetes de algunas intersecciones\u201d.&nbsp;<\/p>\n\n\n\n<p>Con respecto a la recepci\u00f3n del proyecto por parte de los transe\u00fantes y automovilistas, Crist\u00f3bal agreg\u00f3 que \u201cla recepci\u00f3n de la gente ha sido fant\u00e1stica, ha habido muchos comentarios respecto a que es un agrado visual que se encuentren las calles con algo m\u00e1s de color y con atribuciones a lo que es la fauna y flora, hay un sentimiento de pertenencia respecto a lo que se est\u00e1 haciendo y de cuidado\u201d.&nbsp;<\/p>\n","protected":false},"excerpt":{"rendered":"<div class=\"pvc_clear\"><\/div>\n<p id=\"pvc_stats_37794\" class=\"pvc_stats total_only  \" data-element-id=\"37794\" style=\"\"><i class=\"pvc-stats-icon large\" aria-hidden=\"true\"><svg aria-hidden=\"true\" focusable=\"false\" data-prefix=\"far\" data-icon=\"chart-bar\" role=\"img\" xmlns=\"http:\/\/www.w3.org\/2000\/svg\" viewBox=\"0 0 512 512\" class=\"svg-inline--fa fa-chart-bar fa-w-16 fa-2x\"><path fill=\"currentColor\" d=\"M396.8 352h22.4c6.4 0 12.8-6.4 12.8-12.8V108.8c0-6.4-6.4-12.8-12.8-12.8h-22.4c-6.4 0-12.8 6.4-12.8 12.8v230.4c0 6.4 6.4 12.8 12.8 12.8zm-192 0h22.4c6.4 0 12.8-6.4 12.8-12.8V140.8c0-6.4-6.4-12.8-12.8-12.8h-22.4c-6.4 0-12.8 6.4-12.8 12.8v198.4c0 6.4 6.4 12.8 12.8 12.8zm96 0h22.4c6.4 0 12.8-6.4 12.8-12.8V204.8c0-6.4-6.4-12.8-12.8-12.8h-22.4c-6.4 0-12.8 6.4-12.8 12.8v134.4c0 6.4 6.4 12.8 12.8 12.8zM496 400H48V80c0-8.84-7.16-16-16-16H16C7.16 64 0 71.16 0 80v336c0 17.67 14.33 32 32 32h464c8.84 0 16-7.16 16-16v-16c0-8.84-7.16-16-16-16zm-387.2-48h22.4c6.4 0 12.8-6.4 12.8-12.8v-70.4c0-6.4-6.4-12.8-12.8-12.8h-22.4c-6.4 0-12.8 6.4-12.8 12.8v70.4c0 6.4 6.4 12.8 12.8 12.8z\" class=\"\"><\/path><\/svg><\/i> <img loading=\"lazy\" decoding=\"async\" width=\"16\" height=\"16\" alt=\"Loading\" src=\"https:\/\/temucotelevision.cl\/web\/wp-content\/plugins\/page-views-count\/ajax-loader-2x.gif\" border=0 \/><\/p>\n<div class=\"pvc_clear\"><\/div>\n<p>43 gabinetes de controladores de sem\u00e1foros fueron intervenidos con obras pict\u00f3ricas gracias a un proyecto desarrollado por la Direcci\u00f3n de<\/p>\n","protected":false},"author":1,"featured_media":37795,"comment_status":"open","ping_status":"open","sticky":false,"template":"","format":"standard","meta":{"colormag_page_container_layout":"default_layout","colormag_page_sidebar_layout":"default_layout","footnotes":""},"categories":[15],"tags":[5551,815,3614,2609],"class_list":["post-37794","post","type-post","status-publish","format-standard","has-post-thumbnail","hentry","category-la-araucania","tag-controladores","tag-imagen","tag-intervencion","tag-semaforos"],"a3_pvc":{"activated":true,"total_views":66,"today_views":0},"_links":{"self":[{"href":"https:\/\/temucotelevision.cl\/web\/wp-json\/wp\/v2\/posts\/37794","targetHints":{"allow":["GET"]}}],"collection":[{"href":"https:\/\/temucotelevision.cl\/web\/wp-json\/wp\/v2\/posts"}],"about":[{"href":"https:\/\/temucotelevision.cl\/web\/wp-json\/wp\/v2\/types\/post"}],"author":[{"embeddable":true,"href":"https:\/\/temucotelevision.cl\/web\/wp-json\/wp\/v2\/users\/1"}],"replies":[{"embeddable":true,"href":"https:\/\/temucotelevision.cl\/web\/wp-json\/wp\/v2\/comments?post=37794"}],"version-history":[{"count":1,"href":"https:\/\/temucotelevision.cl\/web\/wp-json\/wp\/v2\/posts\/37794\/revisions"}],"predecessor-version":[{"id":37796,"href":"https:\/\/temucotelevision.cl\/web\/wp-json\/wp\/v2\/posts\/37794\/revisions\/37796"}],"wp:featuredmedia":[{"embeddable":true,"href":"https:\/\/temucotelevision.cl\/web\/wp-json\/wp\/v2\/media\/37795"}],"wp:attachment":[{"href":"https:\/\/temucotelevision.cl\/web\/wp-json\/wp\/v2\/media?parent=37794"}],"wp:term":[{"taxonomy":"category","embeddable":true,"href":"https:\/\/temucotelevision.cl\/web\/wp-json\/wp\/v2\/categories?post=37794"},{"taxonomy":"post_tag","embeddable":true,"href":"https:\/\/temucotelevision.cl\/web\/wp-json\/wp\/v2\/tags?post=37794"}],"curies":[{"name":"wp","href":"https:\/\/api.w.org\/{rel}","templated":true}]}}