{"id":37781,"date":"2023-01-07T16:54:16","date_gmt":"2023-01-07T19:54:16","guid":{"rendered":"https:\/\/temucotelevision.cl\/web\/?p=37781"},"modified":"2023-01-07T16:54:18","modified_gmt":"2023-01-07T19:54:18","slug":"asumieron-las-nuevas-autoridades-del-cuerpo-de-bomberos-de-temuco","status":"publish","type":"post","link":"https:\/\/temucotelevision.cl\/web\/2023\/01\/07\/asumieron-las-nuevas-autoridades-del-cuerpo-de-bomberos-de-temuco\/","title":{"rendered":"Asumieron las nuevas autoridades del Cuerpo de Bomberos de Temuco"},"content":{"rendered":"<div class=\"pvc_clear\"><\/div><p id=\"pvc_stats_37781\" class=\"pvc_stats total_only  \" data-element-id=\"37781\" style=\"\"><i class=\"pvc-stats-icon large\" aria-hidden=\"true\"><svg aria-hidden=\"true\" focusable=\"false\" data-prefix=\"far\" data-icon=\"chart-bar\" role=\"img\" xmlns=\"http:\/\/www.w3.org\/2000\/svg\" viewBox=\"0 0 512 512\" class=\"svg-inline--fa fa-chart-bar fa-w-16 fa-2x\"><path fill=\"currentColor\" d=\"M396.8 352h22.4c6.4 0 12.8-6.4 12.8-12.8V108.8c0-6.4-6.4-12.8-12.8-12.8h-22.4c-6.4 0-12.8 6.4-12.8 12.8v230.4c0 6.4 6.4 12.8 12.8 12.8zm-192 0h22.4c6.4 0 12.8-6.4 12.8-12.8V140.8c0-6.4-6.4-12.8-12.8-12.8h-22.4c-6.4 0-12.8 6.4-12.8 12.8v198.4c0 6.4 6.4 12.8 12.8 12.8zm96 0h22.4c6.4 0 12.8-6.4 12.8-12.8V204.8c0-6.4-6.4-12.8-12.8-12.8h-22.4c-6.4 0-12.8 6.4-12.8 12.8v134.4c0 6.4 6.4 12.8 12.8 12.8zM496 400H48V80c0-8.84-7.16-16-16-16H16C7.16 64 0 71.16 0 80v336c0 17.67 14.33 32 32 32h464c8.84 0 16-7.16 16-16v-16c0-8.84-7.16-16-16-16zm-387.2-48h22.4c6.4 0 12.8-6.4 12.8-12.8v-70.4c0-6.4-6.4-12.8-12.8-12.8h-22.4c-6.4 0-12.8 6.4-12.8 12.8v70.4c0 6.4 6.4 12.8 12.8 12.8z\" class=\"\"><\/path><\/svg><\/i> <img loading=\"lazy\" decoding=\"async\" width=\"16\" height=\"16\" alt=\"Loading\" src=\"https:\/\/temucotelevision.cl\/web\/wp-content\/plugins\/page-views-count\/ajax-loader-2x.gif\" border=0 \/><\/p><div class=\"pvc_clear\"><\/div>\n<p>Durante una ceremonia desarrollada en la noche de este viernes en el frontis de la Tercera Compa\u00f1\u00eda \u201cBomba Germania\u201d, en avenida Prieto Norte, asumieron los nuevos oficiales generales que regir\u00e1n los destinos del Cuerpo de Bomberos de Temuco durante los a\u00f1os 2023 y 2024.<\/p>\n\n\n\n<p>Como Superintendente tom\u00f3 el mando el bombero de la Quinta Compa\u00f1\u00eda, Alfredo Lassalle Calfunao, quien recibi\u00f3 el cargo de manos de Armin Llanos L\u00f3pez, de la Tercera, quien a su vez asumi\u00f3 como vicesuperintendente.<\/p>\n\n\n\n<p>Armin Llanos, destac\u00f3 el aporte del personal rentado de la instituci\u00f3n y el voluntariado, cuyos esfuerzos conjuntos permiten la operatividad del Cuerpo de Bomberos de Temuco, como tambi\u00e9n el significativo aporte econ\u00f3mico del municipio de la capital regional, que ha permitido afrontar la crisis econ\u00f3mica que afecta a todo el pa\u00eds y de la que la instituci\u00f3n no ha estado ajena, \u201clo que ha ido en directo beneficio de los ciudadanos de nuestra comuna\u201d, afirm\u00f3.<\/p>\n\n\n\n<p>Llanos tambi\u00e9n agradeci\u00f3 el apoyo del gobernador regional, Luciano Rivas y del Consejo Regional, que han comprometido todos sus esfuerzos por otorgar financiamiento a siete carrobombas y otros tantos que se proyectan a futuro, como tambi\u00e9n para un millonario proyecto de modernizaci\u00f3n de las telecomunicaciones institucionales.<\/p>\n\n\n\n<p>En tanto, el nuevo Superintendente, Alfredo Lassalle, agradeci\u00f3 la votaci\u00f3n obtenida en las \u00faltimas elecciones del Cuerpo de Bomberos de Temuco, donde participaron los voluntarios de las 13 compa\u00f1\u00edas y la Brigada Metrenco, que mediante su sufragio lo eligieron a la cabeza de la instituci\u00f3n durante los pr\u00f3ximos dos a\u00f1os.<\/p>\n\n\n\n<p>Lassalle destac\u00f3 la gesti\u00f3n de su antecesor, Armin Llanos, quien dej\u00f3 en marcha diversos proyectos de infraestructura y equipamiento que se encuentran prontos a ser materializados, como tambi\u00e9n agradeci\u00f3 que contin\u00fae aportando activamente en el Directorio General de la instituci\u00f3n, ahora en calidad de vicesuperintendente.<\/p>\n\n\n\n<p><strong>DESAF\u00cdOS<\/strong><br>La nueva autoridad puntualiz\u00f3 que \u201cnuestro desaf\u00edo es seguir cumpliendo nuestro plan estrat\u00e9gico, continuar el avance en la modernizaci\u00f3n institucional\u201d, a\u00f1adiendo que, si bien hubo una buena acogida de la comunidad en esta \u00faltima Rifa Monumental 2022, \u201cde todos modos tenemos un d\u00e9ficit, hay algunas dificultades para financiar el presupuesto que requerimos y ya estamos trabajando en ello, para establecer algunas v\u00edas de financiamiento mediante campa\u00f1as y otras formas de generar recursos. Creo que esto nos est\u00e1 pasando a todos, pues hay un significativo aumento en el costo de la vida y eso para nosotros representa mayores gastos en \u00edtems como combustibles, insumos, honorarios, etc\u00e9tera. Todo eso impacta en nuestro presupuesto y por ello vamos a solicitar el apoyo de la comunidad para subsanar este d\u00e9ficit que enfrenta el Cuerpo de Bomberos\u201d.<\/p>\n\n\n\n<p>Junto a Alfredo Lassalle como Superintendente y Armin Llanos como vicesuperintendente, en esta ceremonia asumieron como secretario general, Enoc Vidal Saravia (Quinta Compa\u00f1\u00eda); prosecretaria general, Laura del Valle del Valle (Primera Compa\u00f1\u00eda); tesorero general reelecto, Carlos Beltr\u00e1n Quezada (Segunda Compa\u00f1\u00eda) y protesorero general reelecto, Felipe V\u00e9liz Rebolledo (Segunda Compa\u00f1\u00eda).<\/p>\n\n\n\n<p>Como comandante fue reelecto Claudio Fuentes Pacheco (Cuarta Compa\u00f1\u00eda); segundo comandante se eligi\u00f3 a Mowgli Arroyo Celed\u00f3n (Quinta Compa\u00f1\u00eda); tercer comandante, Claudio Shinya Dur\u00e1n (Tercera Compa\u00f1\u00eda); y cuarto comandante, Carlos Ram\u00edrez Leal (Segunda Compa\u00f1\u00eda).<\/p>\n\n\n\n<figure class=\"wp-block-image size-large\"><img loading=\"lazy\" decoding=\"async\" width=\"1024\" height=\"683\" src=\"https:\/\/temucotelevision.cl\/web\/wp-content\/uploads\/2023\/01\/Ceremonia2-1024x683.jpg\" alt=\"\" class=\"wp-image-37784\" srcset=\"https:\/\/temucotelevision.cl\/web\/wp-content\/uploads\/2023\/01\/Ceremonia2-1024x683.jpg 1024w, https:\/\/temucotelevision.cl\/web\/wp-content\/uploads\/2023\/01\/Ceremonia2-768x512.jpg 768w, https:\/\/temucotelevision.cl\/web\/wp-content\/uploads\/2023\/01\/Ceremonia2-1536x1024.jpg 1536w, https:\/\/temucotelevision.cl\/web\/wp-content\/uploads\/2023\/01\/Ceremonia2.jpg 1920w\" sizes=\"auto, (max-width: 1024px) 100vw, 1024px\" \/><\/figure>\n\n\n\n<figure class=\"wp-block-image size-large\"><img loading=\"lazy\" decoding=\"async\" width=\"1024\" height=\"683\" src=\"https:\/\/temucotelevision.cl\/web\/wp-content\/uploads\/2023\/01\/Ceremonia1-1024x683.jpg\" alt=\"\" class=\"wp-image-37783\" srcset=\"https:\/\/temucotelevision.cl\/web\/wp-content\/uploads\/2023\/01\/Ceremonia1-1024x683.jpg 1024w, https:\/\/temucotelevision.cl\/web\/wp-content\/uploads\/2023\/01\/Ceremonia1-768x512.jpg 768w, https:\/\/temucotelevision.cl\/web\/wp-content\/uploads\/2023\/01\/Ceremonia1-1536x1024.jpg 1536w, https:\/\/temucotelevision.cl\/web\/wp-content\/uploads\/2023\/01\/Ceremonia1.jpg 1920w\" sizes=\"auto, (max-width: 1024px) 100vw, 1024px\" \/><\/figure>\n","protected":false},"excerpt":{"rendered":"<div class=\"pvc_clear\"><\/div>\n<p id=\"pvc_stats_37781\" class=\"pvc_stats total_only  \" data-element-id=\"37781\" style=\"\"><i class=\"pvc-stats-icon large\" aria-hidden=\"true\"><svg aria-hidden=\"true\" focusable=\"false\" data-prefix=\"far\" data-icon=\"chart-bar\" role=\"img\" xmlns=\"http:\/\/www.w3.org\/2000\/svg\" viewBox=\"0 0 512 512\" class=\"svg-inline--fa fa-chart-bar fa-w-16 fa-2x\"><path fill=\"currentColor\" d=\"M396.8 352h22.4c6.4 0 12.8-6.4 12.8-12.8V108.8c0-6.4-6.4-12.8-12.8-12.8h-22.4c-6.4 0-12.8 6.4-12.8 12.8v230.4c0 6.4 6.4 12.8 12.8 12.8zm-192 0h22.4c6.4 0 12.8-6.4 12.8-12.8V140.8c0-6.4-6.4-12.8-12.8-12.8h-22.4c-6.4 0-12.8 6.4-12.8 12.8v198.4c0 6.4 6.4 12.8 12.8 12.8zm96 0h22.4c6.4 0 12.8-6.4 12.8-12.8V204.8c0-6.4-6.4-12.8-12.8-12.8h-22.4c-6.4 0-12.8 6.4-12.8 12.8v134.4c0 6.4 6.4 12.8 12.8 12.8zM496 400H48V80c0-8.84-7.16-16-16-16H16C7.16 64 0 71.16 0 80v336c0 17.67 14.33 32 32 32h464c8.84 0 16-7.16 16-16v-16c0-8.84-7.16-16-16-16zm-387.2-48h22.4c6.4 0 12.8-6.4 12.8-12.8v-70.4c0-6.4-6.4-12.8-12.8-12.8h-22.4c-6.4 0-12.8 6.4-12.8 12.8v70.4c0 6.4 6.4 12.8 12.8 12.8z\" class=\"\"><\/path><\/svg><\/i> <img loading=\"lazy\" decoding=\"async\" width=\"16\" height=\"16\" alt=\"Loading\" src=\"https:\/\/temucotelevision.cl\/web\/wp-content\/plugins\/page-views-count\/ajax-loader-2x.gif\" border=0 \/><\/p>\n<div class=\"pvc_clear\"><\/div>\n<p>Durante una ceremonia desarrollada en la noche de este viernes en el frontis de la Tercera Compa\u00f1\u00eda \u201cBomba Germania\u201d, en<\/p>\n","protected":false},"author":1,"featured_media":37782,"comment_status":"open","ping_status":"open","sticky":false,"template":"","format":"standard","meta":{"colormag_page_container_layout":"default_layout","colormag_page_sidebar_layout":"default_layout","footnotes":""},"categories":[14],"tags":[745,304,1720],"class_list":["post-37781","post","type-post","status-publish","format-standard","has-post-thumbnail","hentry","category-temuco","tag-autoridades","tag-bomberos","tag-ceremonia"],"a3_pvc":{"activated":true,"total_views":131,"today_views":0},"_links":{"self":[{"href":"https:\/\/temucotelevision.cl\/web\/wp-json\/wp\/v2\/posts\/37781","targetHints":{"allow":["GET"]}}],"collection":[{"href":"https:\/\/temucotelevision.cl\/web\/wp-json\/wp\/v2\/posts"}],"about":[{"href":"https:\/\/temucotelevision.cl\/web\/wp-json\/wp\/v2\/types\/post"}],"author":[{"embeddable":true,"href":"https:\/\/temucotelevision.cl\/web\/wp-json\/wp\/v2\/users\/1"}],"replies":[{"embeddable":true,"href":"https:\/\/temucotelevision.cl\/web\/wp-json\/wp\/v2\/comments?post=37781"}],"version-history":[{"count":1,"href":"https:\/\/temucotelevision.cl\/web\/wp-json\/wp\/v2\/posts\/37781\/revisions"}],"predecessor-version":[{"id":37785,"href":"https:\/\/temucotelevision.cl\/web\/wp-json\/wp\/v2\/posts\/37781\/revisions\/37785"}],"wp:featuredmedia":[{"embeddable":true,"href":"https:\/\/temucotelevision.cl\/web\/wp-json\/wp\/v2\/media\/37782"}],"wp:attachment":[{"href":"https:\/\/temucotelevision.cl\/web\/wp-json\/wp\/v2\/media?parent=37781"}],"wp:term":[{"taxonomy":"category","embeddable":true,"href":"https:\/\/temucotelevision.cl\/web\/wp-json\/wp\/v2\/categories?post=37781"},{"taxonomy":"post_tag","embeddable":true,"href":"https:\/\/temucotelevision.cl\/web\/wp-json\/wp\/v2\/tags?post=37781"}],"curies":[{"name":"wp","href":"https:\/\/api.w.org\/{rel}","templated":true}]}}