{"id":37774,"date":"2023-01-07T11:03:14","date_gmt":"2023-01-07T14:03:14","guid":{"rendered":"https:\/\/temucotelevision.cl\/web\/?p=37774"},"modified":"2023-01-07T20:16:39","modified_gmt":"2023-01-07T23:16:39","slug":"os7-detecta-plantacion-de-marihuana-de-pucon-496-plantas-incautadas","status":"publish","type":"post","link":"https:\/\/temucotelevision.cl\/web\/2023\/01\/07\/os7-detecta-plantacion-de-marihuana-de-pucon-496-plantas-incautadas\/","title":{"rendered":"OS7 detecta plantaci\u00f3n de marihuana en Puc\u00f3n: 496 plantas incautadas"},"content":{"rendered":"<div class=\"pvc_clear\"><\/div><p id=\"pvc_stats_37774\" class=\"pvc_stats total_only  \" data-element-id=\"37774\" style=\"\"><i class=\"pvc-stats-icon large\" aria-hidden=\"true\"><svg aria-hidden=\"true\" focusable=\"false\" data-prefix=\"far\" data-icon=\"chart-bar\" role=\"img\" xmlns=\"http:\/\/www.w3.org\/2000\/svg\" viewBox=\"0 0 512 512\" class=\"svg-inline--fa fa-chart-bar fa-w-16 fa-2x\"><path fill=\"currentColor\" d=\"M396.8 352h22.4c6.4 0 12.8-6.4 12.8-12.8V108.8c0-6.4-6.4-12.8-12.8-12.8h-22.4c-6.4 0-12.8 6.4-12.8 12.8v230.4c0 6.4 6.4 12.8 12.8 12.8zm-192 0h22.4c6.4 0 12.8-6.4 12.8-12.8V140.8c0-6.4-6.4-12.8-12.8-12.8h-22.4c-6.4 0-12.8 6.4-12.8 12.8v198.4c0 6.4 6.4 12.8 12.8 12.8zm96 0h22.4c6.4 0 12.8-6.4 12.8-12.8V204.8c0-6.4-6.4-12.8-12.8-12.8h-22.4c-6.4 0-12.8 6.4-12.8 12.8v134.4c0 6.4 6.4 12.8 12.8 12.8zM496 400H48V80c0-8.84-7.16-16-16-16H16C7.16 64 0 71.16 0 80v336c0 17.67 14.33 32 32 32h464c8.84 0 16-7.16 16-16v-16c0-8.84-7.16-16-16-16zm-387.2-48h22.4c6.4 0 12.8-6.4 12.8-12.8v-70.4c0-6.4-6.4-12.8-12.8-12.8h-22.4c-6.4 0-12.8 6.4-12.8 12.8v70.4c0 6.4 6.4 12.8 12.8 12.8z\" class=\"\"><\/path><\/svg><\/i> <img loading=\"lazy\" decoding=\"async\" width=\"16\" height=\"16\" alt=\"Loading\" src=\"https:\/\/temucotelevision.cl\/web\/wp-content\/plugins\/page-views-count\/ajax-loader-2x.gif\" border=0 \/><\/p><div class=\"pvc_clear\"><\/div>\n<p>La secci\u00f3n especializada junto a Carabineros de la Tenencia Fronteriza de Curarrehue lograron a su vez la detenci\u00f3n de un sujeto el cual se dedicaba al cultivo, producci\u00f3n y eventual comercializaci\u00f3n de la droga en la comuna de Puc\u00f3n y sus alrededores, la que manten\u00eda en un invernadero en el patio de su domicilio<\/p>\n\n\n\n<p>En las \u00faltimas horas y con una orden de investigar emanada por la Fiscal\u00eda Local de Puc\u00f3n, Carabineros del OS-7 Araucan\u00eda apoyados por la Tenencia Fronteriza Curarrehue llevaron a cabo las diligencias que lograron detectar y comprobar que un sujeto de 25 a\u00f1os manten\u00eda 496 plantas de marihuana en su domicilio ubicado en sector Huitraco Bajo de la comuna de Curarrehue, adem\u00e1s de 1 kilo 655 gramos de la misma droga ya elaborada.<\/p>\n\n\n\n<p>El trabajo, desarrollado en el marco del Plan Verano Seguro y en el refuerzo de los servicios preventivos ad portas del aumento de la poblaci\u00f3n flotante con motivo del Ironman 70.3 Puc\u00f3n en su versi\u00f3n 2023, permiti\u00f3 sacar de circulaci\u00f3n 3.310 dosis de la droga y un potencial procesamiento de m\u00e1s de 396 kilos en el caso que las 496 plantas incautadas (desde 3 cent\u00edmetros la m\u00e1s peque\u00f1a hasta 2 metros 15 cms la m\u00e1s alta) hubiesen alcanzado su etapa terminal de crecimiento.<\/p>\n\n\n\n<p>Por su parte, el Coronel Maximiliano N\u00fa\u00f1ez, Prefecto Villarrica, agreg\u00f3 adem\u00e1s que \u201cpersonal del OS-7 logr\u00f3 corroborar antecedentes que la persona adulta se dedicaba al cultivo, producci\u00f3n y comercializaci\u00f3n de marihuana del tipo elaborada en la comuna de Puc\u00f3n y sus alrededores. Previa orden judicial ingresaron al domicilio incautando las plantas de cannabis sativa en diferentes tama\u00f1os en proceso de cultivo y tipo elaborada (\u2026) el detenido no registra antecedentes penales y fue puesto a disposici\u00f3n del Juzgado de Garant\u00eda de Puc\u00f3n\u201d, puntualiz\u00f3.<\/p>\n\n\n\n<p>La incautaci\u00f3n tiene un aval\u00fao cercano a los 17 millones de pesos, mientras que el detenido tras su control de detenci\u00f3n result\u00f3 con firma quincenal, arraigo nacional y un plazo de 4 meses para la investigaci\u00f3n.<\/p>\n\n\n\n<figure class=\"wp-block-image size-large\"><img loading=\"lazy\" decoding=\"async\" width=\"1024\" height=\"575\" src=\"https:\/\/temucotelevision.cl\/web\/wp-content\/uploads\/2023\/01\/Captura-de-pantalla-2023-01-07-a-las-11.01.47-1024x575.png\" alt=\"\" class=\"wp-image-37776\" srcset=\"https:\/\/temucotelevision.cl\/web\/wp-content\/uploads\/2023\/01\/Captura-de-pantalla-2023-01-07-a-las-11.01.47-1024x575.png 1024w, https:\/\/temucotelevision.cl\/web\/wp-content\/uploads\/2023\/01\/Captura-de-pantalla-2023-01-07-a-las-11.01.47-768x431.png 768w, https:\/\/temucotelevision.cl\/web\/wp-content\/uploads\/2023\/01\/Captura-de-pantalla-2023-01-07-a-las-11.01.47-1536x862.png 1536w, https:\/\/temucotelevision.cl\/web\/wp-content\/uploads\/2023\/01\/Captura-de-pantalla-2023-01-07-a-las-11.01.47.png 1760w\" sizes=\"auto, (max-width: 1024px) 100vw, 1024px\" \/><\/figure>\n\n\n\n<figure class=\"wp-block-image size-large\"><img loading=\"lazy\" decoding=\"async\" width=\"1024\" height=\"577\" src=\"https:\/\/temucotelevision.cl\/web\/wp-content\/uploads\/2023\/01\/Captura-de-pantalla-2023-01-07-a-las-11.01.11-1024x577.png\" alt=\"\" class=\"wp-image-37775\" srcset=\"https:\/\/temucotelevision.cl\/web\/wp-content\/uploads\/2023\/01\/Captura-de-pantalla-2023-01-07-a-las-11.01.11-1024x577.png 1024w, https:\/\/temucotelevision.cl\/web\/wp-content\/uploads\/2023\/01\/Captura-de-pantalla-2023-01-07-a-las-11.01.11-768x433.png 768w, https:\/\/temucotelevision.cl\/web\/wp-content\/uploads\/2023\/01\/Captura-de-pantalla-2023-01-07-a-las-11.01.11-1536x866.png 1536w, https:\/\/temucotelevision.cl\/web\/wp-content\/uploads\/2023\/01\/Captura-de-pantalla-2023-01-07-a-las-11.01.11.png 1742w\" sizes=\"auto, (max-width: 1024px) 100vw, 1024px\" \/><\/figure>\n","protected":false},"excerpt":{"rendered":"<div class=\"pvc_clear\"><\/div>\n<p id=\"pvc_stats_37774\" class=\"pvc_stats total_only  \" data-element-id=\"37774\" style=\"\"><i class=\"pvc-stats-icon large\" aria-hidden=\"true\"><svg aria-hidden=\"true\" focusable=\"false\" data-prefix=\"far\" data-icon=\"chart-bar\" role=\"img\" xmlns=\"http:\/\/www.w3.org\/2000\/svg\" viewBox=\"0 0 512 512\" class=\"svg-inline--fa fa-chart-bar fa-w-16 fa-2x\"><path fill=\"currentColor\" d=\"M396.8 352h22.4c6.4 0 12.8-6.4 12.8-12.8V108.8c0-6.4-6.4-12.8-12.8-12.8h-22.4c-6.4 0-12.8 6.4-12.8 12.8v230.4c0 6.4 6.4 12.8 12.8 12.8zm-192 0h22.4c6.4 0 12.8-6.4 12.8-12.8V140.8c0-6.4-6.4-12.8-12.8-12.8h-22.4c-6.4 0-12.8 6.4-12.8 12.8v198.4c0 6.4 6.4 12.8 12.8 12.8zm96 0h22.4c6.4 0 12.8-6.4 12.8-12.8V204.8c0-6.4-6.4-12.8-12.8-12.8h-22.4c-6.4 0-12.8 6.4-12.8 12.8v134.4c0 6.4 6.4 12.8 12.8 12.8zM496 400H48V80c0-8.84-7.16-16-16-16H16C7.16 64 0 71.16 0 80v336c0 17.67 14.33 32 32 32h464c8.84 0 16-7.16 16-16v-16c0-8.84-7.16-16-16-16zm-387.2-48h22.4c6.4 0 12.8-6.4 12.8-12.8v-70.4c0-6.4-6.4-12.8-12.8-12.8h-22.4c-6.4 0-12.8 6.4-12.8 12.8v70.4c0 6.4 6.4 12.8 12.8 12.8z\" class=\"\"><\/path><\/svg><\/i> <img loading=\"lazy\" decoding=\"async\" width=\"16\" height=\"16\" alt=\"Loading\" src=\"https:\/\/temucotelevision.cl\/web\/wp-content\/plugins\/page-views-count\/ajax-loader-2x.gif\" border=0 \/><\/p>\n<div class=\"pvc_clear\"><\/div>\n<p>La secci\u00f3n especializada junto a Carabineros de la Tenencia Fronteriza de Curarrehue lograron a su vez la detenci\u00f3n de un<\/p>\n","protected":false},"author":1,"featured_media":37777,"comment_status":"open","ping_status":"open","sticky":false,"template":"","format":"standard","meta":{"colormag_page_container_layout":"default_layout","colormag_page_sidebar_layout":"default_layout","footnotes":""},"categories":[16],"tags":[618,160,537,161],"class_list":["post-37774","post","type-post","status-publish","format-standard","has-post-thumbnail","hentry","category-policial","tag-marihuana","tag-os7","tag-plantas","tag-pucon"],"a3_pvc":{"activated":true,"total_views":120,"today_views":0},"_links":{"self":[{"href":"https:\/\/temucotelevision.cl\/web\/wp-json\/wp\/v2\/posts\/37774","targetHints":{"allow":["GET"]}}],"collection":[{"href":"https:\/\/temucotelevision.cl\/web\/wp-json\/wp\/v2\/posts"}],"about":[{"href":"https:\/\/temucotelevision.cl\/web\/wp-json\/wp\/v2\/types\/post"}],"author":[{"embeddable":true,"href":"https:\/\/temucotelevision.cl\/web\/wp-json\/wp\/v2\/users\/1"}],"replies":[{"embeddable":true,"href":"https:\/\/temucotelevision.cl\/web\/wp-json\/wp\/v2\/comments?post=37774"}],"version-history":[{"count":2,"href":"https:\/\/temucotelevision.cl\/web\/wp-json\/wp\/v2\/posts\/37774\/revisions"}],"predecessor-version":[{"id":37790,"href":"https:\/\/temucotelevision.cl\/web\/wp-json\/wp\/v2\/posts\/37774\/revisions\/37790"}],"wp:featuredmedia":[{"embeddable":true,"href":"https:\/\/temucotelevision.cl\/web\/wp-json\/wp\/v2\/media\/37777"}],"wp:attachment":[{"href":"https:\/\/temucotelevision.cl\/web\/wp-json\/wp\/v2\/media?parent=37774"}],"wp:term":[{"taxonomy":"category","embeddable":true,"href":"https:\/\/temucotelevision.cl\/web\/wp-json\/wp\/v2\/categories?post=37774"},{"taxonomy":"post_tag","embeddable":true,"href":"https:\/\/temucotelevision.cl\/web\/wp-json\/wp\/v2\/tags?post=37774"}],"curies":[{"name":"wp","href":"https:\/\/api.w.org\/{rel}","templated":true}]}}