{"id":37767,"date":"2023-01-07T10:47:33","date_gmt":"2023-01-07T13:47:33","guid":{"rendered":"https:\/\/temucotelevision.cl\/web\/?p=37767"},"modified":"2023-01-07T10:52:40","modified_gmt":"2023-01-07T13:52:40","slug":"senadora-carmen-gloria-aravena-por-decision-del-minsal-de-distribuir-antiviral-para-el-covid-solo-en-el-sistema-publico","status":"publish","type":"post","link":"https:\/\/temucotelevision.cl\/web\/2023\/01\/07\/senadora-carmen-gloria-aravena-por-decision-del-minsal-de-distribuir-antiviral-para-el-covid-solo-en-el-sistema-publico\/","title":{"rendered":"Senadora Carmen Gloria Aravena por decisi\u00f3n del Minsal de distribuir antiviral para el Covid s\u00f3lo en el sistema p\u00fablico"},"content":{"rendered":"<div class=\"pvc_clear\"><\/div><p id=\"pvc_stats_37767\" class=\"pvc_stats total_only  \" data-element-id=\"37767\" style=\"\"><i class=\"pvc-stats-icon large\" aria-hidden=\"true\"><svg aria-hidden=\"true\" focusable=\"false\" data-prefix=\"far\" data-icon=\"chart-bar\" role=\"img\" xmlns=\"http:\/\/www.w3.org\/2000\/svg\" viewBox=\"0 0 512 512\" class=\"svg-inline--fa fa-chart-bar fa-w-16 fa-2x\"><path fill=\"currentColor\" d=\"M396.8 352h22.4c6.4 0 12.8-6.4 12.8-12.8V108.8c0-6.4-6.4-12.8-12.8-12.8h-22.4c-6.4 0-12.8 6.4-12.8 12.8v230.4c0 6.4 6.4 12.8 12.8 12.8zm-192 0h22.4c6.4 0 12.8-6.4 12.8-12.8V140.8c0-6.4-6.4-12.8-12.8-12.8h-22.4c-6.4 0-12.8 6.4-12.8 12.8v198.4c0 6.4 6.4 12.8 12.8 12.8zm96 0h22.4c6.4 0 12.8-6.4 12.8-12.8V204.8c0-6.4-6.4-12.8-12.8-12.8h-22.4c-6.4 0-12.8 6.4-12.8 12.8v134.4c0 6.4 6.4 12.8 12.8 12.8zM496 400H48V80c0-8.84-7.16-16-16-16H16C7.16 64 0 71.16 0 80v336c0 17.67 14.33 32 32 32h464c8.84 0 16-7.16 16-16v-16c0-8.84-7.16-16-16-16zm-387.2-48h22.4c6.4 0 12.8-6.4 12.8-12.8v-70.4c0-6.4-6.4-12.8-12.8-12.8h-22.4c-6.4 0-12.8 6.4-12.8 12.8v70.4c0 6.4 6.4 12.8 12.8 12.8z\" class=\"\"><\/path><\/svg><\/i> <img loading=\"lazy\" decoding=\"async\" width=\"16\" height=\"16\" alt=\"Loading\" src=\"https:\/\/temucotelevision.cl\/web\/wp-content\/plugins\/page-views-count\/ajax-loader-2x.gif\" border=0 \/><\/p><div class=\"pvc_clear\"><\/div>\n<p>Esta decisi\u00f3n es grav\u00edsima y un tremendo error. Las pol\u00edticas sanitarias en el pa\u00eds no pueden tener sesgos de ning\u00fan tipo, sobre todo cuando se trata de la distribuci\u00f3n de medicamentos para segmentos de la poblaci\u00f3n de mayor riesgo.<\/p>\n\n\n\n<p>Dejar afuera a quienes est\u00e1n en el sistema de isapres o de las Fuerzas Armadas es una discriminaci\u00f3n inexcusable que el gobierno y el Ministerio de Salud deben revertir.<\/p>\n\n\n\n<p>Esto es como si en su momento se hubiese determinado que a las vacunas contra el Covid s\u00f3lo tendr\u00eda acceso un grupo de personas. En este caso, es un acto discrecional inaceptable, porque es un medicamento que el laboratorio que lo fabrica s\u00f3lo lo vende a los Estados para que estos lo distribuyan, por lo que no se puede comprar en farmacias ni obtenerse de otra forma que no sea a trav\u00e9s del Estado.<\/p>\n\n\n\n<p>El gobierno le debe una explicaci\u00f3n a los chilenos por esta discriminaci\u00f3n.<\/p>\n\n\n\n<figure class=\"wp-block-audio\"><audio controls src=\"https:\/\/temucotelevision.cl\/web\/wp-content\/uploads\/2023\/01\/WhatsApp-Audio-2023-01-07-at-09.52.11.mp3\"><\/audio><\/figure>\n","protected":false},"excerpt":{"rendered":"<div class=\"pvc_clear\"><\/div>\n<p id=\"pvc_stats_37767\" class=\"pvc_stats total_only  \" data-element-id=\"37767\" style=\"\"><i class=\"pvc-stats-icon large\" aria-hidden=\"true\"><svg aria-hidden=\"true\" focusable=\"false\" data-prefix=\"far\" data-icon=\"chart-bar\" role=\"img\" xmlns=\"http:\/\/www.w3.org\/2000\/svg\" viewBox=\"0 0 512 512\" class=\"svg-inline--fa fa-chart-bar fa-w-16 fa-2x\"><path fill=\"currentColor\" d=\"M396.8 352h22.4c6.4 0 12.8-6.4 12.8-12.8V108.8c0-6.4-6.4-12.8-12.8-12.8h-22.4c-6.4 0-12.8 6.4-12.8 12.8v230.4c0 6.4 6.4 12.8 12.8 12.8zm-192 0h22.4c6.4 0 12.8-6.4 12.8-12.8V140.8c0-6.4-6.4-12.8-12.8-12.8h-22.4c-6.4 0-12.8 6.4-12.8 12.8v198.4c0 6.4 6.4 12.8 12.8 12.8zm96 0h22.4c6.4 0 12.8-6.4 12.8-12.8V204.8c0-6.4-6.4-12.8-12.8-12.8h-22.4c-6.4 0-12.8 6.4-12.8 12.8v134.4c0 6.4 6.4 12.8 12.8 12.8zM496 400H48V80c0-8.84-7.16-16-16-16H16C7.16 64 0 71.16 0 80v336c0 17.67 14.33 32 32 32h464c8.84 0 16-7.16 16-16v-16c0-8.84-7.16-16-16-16zm-387.2-48h22.4c6.4 0 12.8-6.4 12.8-12.8v-70.4c0-6.4-6.4-12.8-12.8-12.8h-22.4c-6.4 0-12.8 6.4-12.8 12.8v70.4c0 6.4 6.4 12.8 12.8 12.8z\" class=\"\"><\/path><\/svg><\/i> <img loading=\"lazy\" decoding=\"async\" width=\"16\" height=\"16\" alt=\"Loading\" src=\"https:\/\/temucotelevision.cl\/web\/wp-content\/plugins\/page-views-count\/ajax-loader-2x.gif\" border=0 \/><\/p>\n<div class=\"pvc_clear\"><\/div>\n<p>Esta decisi\u00f3n es grav\u00edsima y un tremendo error. Las pol\u00edticas sanitarias en el pa\u00eds no pueden tener sesgos de ning\u00fan<\/p>\n","protected":false},"author":1,"featured_media":37707,"comment_status":"open","ping_status":"open","sticky":false,"template":"","format":"standard","meta":{"colormag_page_container_layout":"default_layout","colormag_page_sidebar_layout":"default_layout","footnotes":""},"categories":[84],"tags":[6073,2326,2624,2065],"class_list":["post-37767","post","type-post","status-publish","format-standard","has-post-thumbnail","hentry","category-politica","tag-antiviral","tag-covid","tag-minsal","tag-senadora"],"a3_pvc":{"activated":true,"total_views":99,"today_views":0},"_links":{"self":[{"href":"https:\/\/temucotelevision.cl\/web\/wp-json\/wp\/v2\/posts\/37767","targetHints":{"allow":["GET"]}}],"collection":[{"href":"https:\/\/temucotelevision.cl\/web\/wp-json\/wp\/v2\/posts"}],"about":[{"href":"https:\/\/temucotelevision.cl\/web\/wp-json\/wp\/v2\/types\/post"}],"author":[{"embeddable":true,"href":"https:\/\/temucotelevision.cl\/web\/wp-json\/wp\/v2\/users\/1"}],"replies":[{"embeddable":true,"href":"https:\/\/temucotelevision.cl\/web\/wp-json\/wp\/v2\/comments?post=37767"}],"version-history":[{"count":3,"href":"https:\/\/temucotelevision.cl\/web\/wp-json\/wp\/v2\/posts\/37767\/revisions"}],"predecessor-version":[{"id":37773,"href":"https:\/\/temucotelevision.cl\/web\/wp-json\/wp\/v2\/posts\/37767\/revisions\/37773"}],"wp:featuredmedia":[{"embeddable":true,"href":"https:\/\/temucotelevision.cl\/web\/wp-json\/wp\/v2\/media\/37707"}],"wp:attachment":[{"href":"https:\/\/temucotelevision.cl\/web\/wp-json\/wp\/v2\/media?parent=37767"}],"wp:term":[{"taxonomy":"category","embeddable":true,"href":"https:\/\/temucotelevision.cl\/web\/wp-json\/wp\/v2\/categories?post=37767"},{"taxonomy":"post_tag","embeddable":true,"href":"https:\/\/temucotelevision.cl\/web\/wp-json\/wp\/v2\/tags?post=37767"}],"curies":[{"name":"wp","href":"https:\/\/api.w.org\/{rel}","templated":true}]}}