{"id":37762,"date":"2023-01-06T21:37:40","date_gmt":"2023-01-07T00:37:40","guid":{"rendered":"https:\/\/temucotelevision.cl\/web\/?p=37762"},"modified":"2023-01-06T21:37:43","modified_gmt":"2023-01-07T00:37:43","slug":"un-puntaje-maximo-nacional-y-una-triatleta-la-historia-de-los-pacientes-de-teleton-temuco-que-destacaron-en-la-paes","status":"publish","type":"post","link":"https:\/\/temucotelevision.cl\/web\/2023\/01\/06\/un-puntaje-maximo-nacional-y-una-triatleta-la-historia-de-los-pacientes-de-teleton-temuco-que-destacaron-en-la-paes\/","title":{"rendered":"Un puntaje m\u00e1ximo nacional y una triatleta: la historia de los pacientes de Telet\u00f3n Temuco que destacaron en la PAES"},"content":{"rendered":"<div class=\"pvc_clear\"><\/div><p id=\"pvc_stats_37762\" class=\"pvc_stats total_only  \" data-element-id=\"37762\" style=\"\"><i class=\"pvc-stats-icon large\" aria-hidden=\"true\"><svg aria-hidden=\"true\" focusable=\"false\" data-prefix=\"far\" data-icon=\"chart-bar\" role=\"img\" xmlns=\"http:\/\/www.w3.org\/2000\/svg\" viewBox=\"0 0 512 512\" class=\"svg-inline--fa fa-chart-bar fa-w-16 fa-2x\"><path fill=\"currentColor\" d=\"M396.8 352h22.4c6.4 0 12.8-6.4 12.8-12.8V108.8c0-6.4-6.4-12.8-12.8-12.8h-22.4c-6.4 0-12.8 6.4-12.8 12.8v230.4c0 6.4 6.4 12.8 12.8 12.8zm-192 0h22.4c6.4 0 12.8-6.4 12.8-12.8V140.8c0-6.4-6.4-12.8-12.8-12.8h-22.4c-6.4 0-12.8 6.4-12.8 12.8v198.4c0 6.4 6.4 12.8 12.8 12.8zm96 0h22.4c6.4 0 12.8-6.4 12.8-12.8V204.8c0-6.4-6.4-12.8-12.8-12.8h-22.4c-6.4 0-12.8 6.4-12.8 12.8v134.4c0 6.4 6.4 12.8 12.8 12.8zM496 400H48V80c0-8.84-7.16-16-16-16H16C7.16 64 0 71.16 0 80v336c0 17.67 14.33 32 32 32h464c8.84 0 16-7.16 16-16v-16c0-8.84-7.16-16-16-16zm-387.2-48h22.4c6.4 0 12.8-6.4 12.8-12.8v-70.4c0-6.4-6.4-12.8-12.8-12.8h-22.4c-6.4 0-12.8 6.4-12.8 12.8v70.4c0 6.4 6.4 12.8 12.8 12.8z\" class=\"\"><\/path><\/svg><\/i> <img loading=\"lazy\" decoding=\"async\" width=\"16\" height=\"16\" alt=\"Loading\" src=\"https:\/\/temucotelevision.cl\/web\/wp-content\/plugins\/page-views-count\/ajax-loader-2x.gif\" border=0 \/><\/p><div class=\"pvc_clear\"><\/div>\n<p>&#8220;<strong>Es una alegr\u00eda tremenda, que cierra todo el esfuerzo que puse en estos cuatro a\u00f1os de ense\u00f1anza media y en estos dos a\u00f1os de estudiar para la prueba\u201d, dice Alonso Baier.\u00a0\u00a0<\/strong><\/p>\n\n\n\n<p><strong>G\u00e9nesis Gonz\u00e1lez, quien obtuvo 815 puntos en la prueba de Lenguaje y fue protagonista de uno de los reportajes de la \u00faltima campa\u00f1a, quiere estudiar Medicina, inspirada por lo que vivido en sus a\u00f1os de rehabilitaci\u00f3n.<\/strong><\/p>\n\n\n\n<p><strong>Cerca de 400 usuarios de Telet\u00f3n a nivel nacional rindieron la prueba. La instituci\u00f3n les entrega apoyo psicosocial y orientaci\u00f3n para buscar alternativas de estudio de acuerdo a sus intereses.<\/strong><\/p>\n\n\n\n<p>Una verdadera celebraci\u00f3n se vivi\u00f3 en las casas de Alonso Baier, Felipe Paredes y Rosario Cea, pacientes de Telet\u00f3n que obtuvieron el puntaje m\u00e1ximo en la Prueba de Acceso a la Educaci\u00f3n Superior (PAES), como se denomina a la nueva medici\u00f3n para acceder a la educaci\u00f3n superior en universidades del Consejo de Rectores y otras casas de estudio adscritas a dicho sistema.&nbsp;<\/p>\n\n\n\n<p>Para Alonso -quien es usuario de Telet\u00f3n Temuco desde que tiene uso de raz\u00f3n debido a una hemiparesia izquierda-&nbsp;&nbsp;el haber obtenido el m\u00e1ximo puntaje en la prueba de Matem\u00e1tica \u201ces una alegr\u00eda tremenda, que cierra todo el esfuerzo que puse en estos cuatro a\u00f1os de ense\u00f1anza media y en estos dos a\u00f1os de estudiar para la prueba. La prueba la rend\u00ed s\u00faper tranquilo y recibir esta sorpresa fue algo s\u00faper grato, gritamos por toda la casa, fue s\u00faper emocionante\u201d.&nbsp;<\/p>\n\n\n\n<p>\u201cSer parte de Telet\u00f3n me ha significado mi vida. Sin la Telet\u00f3n no hubiera podido lograr lo que he logrado hasta el d\u00eda de hoy. Ha sido mi soporte durante todos estos a\u00f1os\u201d, agrega el futuro estudiante de ingenier\u00eda civil industrial, quien fue uno de los dos puntajes m\u00e1ximos que registr\u00f3 la regi\u00f3n de La Araucan\u00eda.<\/p>\n\n\n\n<p>Durante su paso por Telet\u00f3n, Alonso descubri\u00f3 la importancia del deporte, partiendo por el b\u00e1squetbol para luego descubrir en el f\u00fatbol adaptado su pasi\u00f3n. Hoy es seleccionado nacional de la Selecci\u00f3n F\u00fatbol Paral\u00edmpico de Chile, y hace poco represent\u00f3 a Chile en el Mundial de Italia 2022.&nbsp;<\/p>\n\n\n\n<p>Rosario Cea, en tanto, se\u00f1ala que el haber conseguido este reconocimiento es un logro s\u00faper importante. \u201cSiempre me imagin\u00e9 estudiando, siempre me vi como todos mis compa\u00f1eros. Nunca pens\u00e9 que no iba a poder por mi discapacidad, nunca fue esa mi mentalidad, pero s\u00ed s\u00e9 que llegar a la educaci\u00f3n superior es un logro\u201d.<\/p>\n\n\n\n<p>La estudiante, proveniente de Talcahuano, se moviliza en silla de ruedas, lo que consider\u00f3 al momento de elegir d\u00f3nde estudiar. Decidi\u00f3 quedarse en su regi\u00f3n y elegir la Universidad de Concepci\u00f3n como la sede para cursar sus estudios de Ingenier\u00eda Civil Biom\u00e9dica. Aunque eligi\u00f3 esta carrera principalmente porque le interesa la investigaci\u00f3n e innovaciones cient\u00edficas, se\u00f1ala que \u201cesta es una carrera del futuro y s\u00e9 que puede ayudar a gente con discapacidad frente a necesidades que puedan tener\u201d.<\/p>\n\n\n\n<p>De hecho, como parte de su proceso de elegir una carrera, Rosario se reuni\u00f3 con la bioingenier\u00eda Stephan\u00eda Y\u00e1\u00f1ez, del instituto Telet\u00f3n de Concepci\u00f3n, para conocer su experiencia, y c\u00f3mo se vincula esta \u00e1rea con las personas con discapacidad y los equipos m\u00e9dicos. En esa oportunidad, la estudiante pudo conocer el funcionamiento del Laboratorio&nbsp;<\/p>\n\n\n\n<p>Felipe Paredes, quien tambi\u00e9n es usuario de Telet\u00f3n Concepci\u00f3n, cuenta que, si bien sab\u00eda que le hab\u00eda ido bien, \u201cno me esperaba un puntaje m\u00e1ximo\u201d.&nbsp;<\/p>\n\n\n\n<p>El joven de Concepci\u00f3n ha estado vinculado al centro de rehabilitaci\u00f3n durante toda su vida, debido a su diagn\u00f3stico de S\u00edndrome de regresi\u00f3n caudal (denominado coloquialmente como \u201cs\u00edndrome de ni\u00f1o acorde\u00f3n\u201d), por la que se ha tenido que someter a m\u00e1s de 35 cirug\u00edas durante su vida. Es este nexo con los doctores lo que lo motiv\u00f3 a estudiar medicina: \u201cHa sido una carrera que he visto toda mi vida, s\u00e9 la labor que hacen y no me veo haciendo otra cosa\u201d. Al igual que Alonso, Felipe es un fan\u00e1tico del deporte y es seleccionado nacional de basquetbol adaptado.<\/p>\n\n\n\n<p>Se estima que cerca de 400 usuarios de Telet\u00f3n rindieron la prueba PAES. Una tarea donde Telet\u00f3n entrega apoyo a los usuarios, que van desde la orientaci\u00f3n vocacional hasta la entrega de beneficios, entre ellos el acceso gratuito a preuniversitario, a trav\u00e9s de un convenio que existe con Cpech.&nbsp;<\/p>\n\n\n\n<p>Entre las beneficiarias de esta beca est\u00e1 G\u00e9nesis Gonz\u00e1lez, usuaria del instituto Telet\u00f3n de Temuco, y que obtuvo 815 puntos en la prueba de Lenguaje.&nbsp;<\/p>\n\n\n\n<p>\u201cMe siento muy conforme con mis resultados. No ten\u00eda muchas expectativas, as\u00ed que estoy muy contenta. Yo quiero estudiar Medicina desde peque\u00f1a por mi rehabilitaci\u00f3n en Telet\u00f3n. Al estar tanto en contacto con el \u00e1rea m\u00e9dica, siempre me llam\u00f3 la atenci\u00f3n, entonces ah\u00ed me inspir\u00e9 y decid\u00ed. Me gustaba mucho ver a los doctores que me atend\u00edan en Telet\u00f3n\u201d, cuenta G\u00e9nesis, cuya historia sobre c\u00f3mo se convirti\u00f3 en triatleta paral\u00edmpica fue parte del programa Telet\u00f3n 2021&nbsp;&nbsp;(<a href=\"https:\/\/www.youtube.com\/watch?v=OM6Aula31WQ\">https:\/\/www.youtube.com\/watch?v=OM6Aula31WQ<\/a>).<\/p>\n\n\n\n<p>Junto con el acceso a la beca de preuniversitario, G\u00e9nesis destaca que \u201cTelet\u00f3n ha sido un gran aporte para el proceso de postulaci\u00f3n y para todo lo que ha significado este \u00faltimo a\u00f1o. Me han ido ayudando en diferentes cosas\u201d.&nbsp;<\/p>\n\n\n\n<p>\u201cPor ejemplo, me ofrecieron un preuniversitario, me ayudaron con la postulaci\u00f3n y el proceso de admisi\u00f3n especial, ya que a trav\u00e9s de Telet\u00f3n tengo una admisi\u00f3n especial para Medicina en la universidad que quiero estudiar\u201d, cuenta.<\/p>\n\n\n\n<p>Al igual que G\u00e9nesis, Catalina Aguad -del instituto de Antofagasta- logr\u00f3 un puntaje ponderado de m\u00e1s de 700 puntos e ingresar\u00e1 a estudiar Derecho en la Universidad Cat\u00f3lica del Norte. Lo suyo, dice, es \u201cdefender a quienes no se pueden defender por s\u00ed mismos\u201d.<\/p>\n\n\n\n<p>\u201cQuiero ser un agente de cambio. Hay cosas que hay que defender legalmente y para eso se necesitan abogados que sean buenas personas. Hay muchas causas en temas de discriminaci\u00f3n donde no basta simplemente con pedir que te traten bien, se necesita de un abogado\u201d, explica Catalina.<\/p>\n\n\n\n<p>Desde peque\u00f1a, la joven -quien naci\u00f3 sin brazos- ha demostrado que no existen l\u00edmites: primero, aprendiendo a bailar ballet y luego perfeccionando su t\u00e9cnica para pintar con sus pies. Una habilidad que, en noviembre de 2022, durante la gira de la Telet\u00f3n, emocion\u00f3 al animador Francisco Saavedra, quien ofreci\u00f3 a la entonces estudiante de cuarto medio subastar uno de sus cuadros en la \u201cLucat\u00f3n\u201d, un remate virtual en que se subastaron, entre otros, art\u00edculos donados por Daddy Yankee y Paris Hilton, y que permiti\u00f3 reunir 200 millones de pesos para la meta de la campa\u00f1a anual de recaudaci\u00f3n.<\/p>\n\n\n\n<p>En el instituto m\u00e1s austral del pa\u00eds -Telet\u00f3n Ays\u00e9n- Cristofer Rojas vivi\u00f3 la entrega de resultados con sentimientos encontrados. \u201cSi bien mi puntaje no es malo, no es suficiente para entrar a la universidad que quiero, porque mi sue\u00f1o es entrar a la Universidad de Chile\u201d.&nbsp;<\/p>\n\n\n\n<p>Con todo, dice estar esperanzado de que baje el puntaje de corte y poder trasladarse a estudiar a la regi\u00f3n Metropolitana. Se trata de un doble desaf\u00edo, ya que este joven de 18 a\u00f1os es sobreviviente de c\u00e1ncer, tras ser diagnosticado de una leucemia linfobl\u00e1stica aguda, que le provoc\u00f3 dificultades motoras en el lado izquierdo del cuerpo.&nbsp;<\/p>\n\n\n\n<p>\u201cMe siento s\u00faper apoyado en este proceso de volver a la vida -como un adulto funcional- despu\u00e9s de todo el camino del c\u00e1ncer. Es una mezcla de emoci\u00f3n y de desaf\u00edo. Emoci\u00f3n y miedo, porque es una ciudad nueva. Si bien conoc\u00ed Santiago por mi tratamiento, no es lo mismo estar en un hospital que salir a estudiar por mi cuenta\u201d, explica.<\/p>\n\n\n\n<p>Tras recibir sus resultados, Cristofer cuenta que recibi\u00f3 varios llamados, tanto de personas de Telet\u00f3n como del equipo m\u00e9dico que lo apoy\u00f3 en la capital durante su tratamiento contra el c\u00e1ncer. \u201cMi experiencia en Telet\u00f3n ha sido muy grata, siempre me han tratado de la mejor forma posible, y en este periodo de postular a la universidad me dieron apoyo vocacional y en el \u00e1rea de educaci\u00f3n me ayudaron bastante\u201d, cuenta.<\/p>\n\n\n\n<p>Desde la primera infancia a la universidad: El acompa\u00f1amiento que entrega Telet\u00f3n a sus pacientes&nbsp;<\/p>\n\n\n\n<p>Macarena Rivas, subdirectora de Servicios Sociales y Comunitarios de Telet\u00f3n, explica que \u201cla formaci\u00f3n profesional de una persona inicia desde la primera infancia, cuando su familia proyecta su futuro e invierte tiempo, recursos y apoya la construcci\u00f3n de su proyecto de vida, el cual muchas veces tiene como eje la educaci\u00f3n superior\u201d.<\/p>\n\n\n\n<p>En este contexto, cuando los estudiantes llegan a esta etapa de transici\u00f3n del colegio a la vida universitaria, se realiza un trabajo de acuerdo a las aspiraciones de cada joven y sus estilos de aprendizajes. En este punto, explica Rivas, \u201cdebemos promover su autonom\u00eda y participaci\u00f3n activa, contribuyendo al proceso de transici\u00f3n a la vida adulta, como tambi\u00e9n entregar informaci\u00f3n y orientaciones para acceder a los beneficios existentes en las diferentes casas de estudios y en ocasiones articular becas de gratuidad\u201d.<\/p>\n\n\n\n<p>Luego, una vez que ingresan a la educaci\u00f3n superior, \u201cnuestro desaf\u00edo es mantenernos conectados, ya que una vez que han egresado, el equipo de la Unidad Laboral Telet\u00f3n puede brindar acompa\u00f1amiento y guiar el proceso de b\u00fasqueda y postulaci\u00f3n a empleos\u201d.<\/p>\n\n\n\n<p>Una de las usuarias Telet\u00f3n que ha recibido este acompa\u00f1amiento es Catalina Paillamilla, del instituto de Temuco. La ex ni\u00f1a embajadora del a\u00f1o 2004 se encuentra preparando su examen de grado para titularse como abogada, tarea para la cual destina entre 4 a 5 horas diarias para estudiar. \u201cTelet\u00f3n fue s\u00faper importante, porque sin la Telet\u00f3n no habr\u00eda tenido las herramientas que tengo\u201d, cuenta la estudiante, quien -al igual que Catalina Aguad- naci\u00f3 sin brazos y debe realizar todas sus tareas cotidianas con sus pies.&nbsp;<\/p>\n\n\n\n<p>Seg\u00fan detalla, al ingresar a la Universidad no exist\u00edan ascensores. Sin embargo, la casa de estudios organiz\u00f3 todas sus clases para que se realizar\u00e1n en el primer piso. A pocos meses de convertirse en abogada, Catalina sigue con su sue\u00f1o de convertirse en jueza de familia. Su objetivo, dice poder ayudar a ni\u00f1os, ni\u00f1as y adolescentes.<\/p>\n\n\n\n<figure class=\"wp-block-image size-full\"><img loading=\"lazy\" decoding=\"async\" width=\"1024\" height=\"768\" src=\"https:\/\/temucotelevision.cl\/web\/wp-content\/uploads\/2023\/01\/Catalina-Paillamilla-1.jpeg\" alt=\"\" class=\"wp-image-37765\" srcset=\"https:\/\/temucotelevision.cl\/web\/wp-content\/uploads\/2023\/01\/Catalina-Paillamilla-1.jpeg 1024w, https:\/\/temucotelevision.cl\/web\/wp-content\/uploads\/2023\/01\/Catalina-Paillamilla-1-768x576.jpeg 768w\" sizes=\"auto, (max-width: 1024px) 100vw, 1024px\" \/><\/figure>\n\n\n\n<figure class=\"wp-block-image size-large\"><img loading=\"lazy\" decoding=\"async\" width=\"1024\" height=\"682\" src=\"https:\/\/temucotelevision.cl\/web\/wp-content\/uploads\/2023\/01\/Catalina-Aguad-2-1024x682.jpeg\" alt=\"\" class=\"wp-image-37764\" srcset=\"https:\/\/temucotelevision.cl\/web\/wp-content\/uploads\/2023\/01\/Catalina-Aguad-2-1024x682.jpeg 1024w, https:\/\/temucotelevision.cl\/web\/wp-content\/uploads\/2023\/01\/Catalina-Aguad-2-768x511.jpeg 768w, https:\/\/temucotelevision.cl\/web\/wp-content\/uploads\/2023\/01\/Catalina-Aguad-2.jpeg 1280w\" sizes=\"auto, (max-width: 1024px) 100vw, 1024px\" \/><\/figure>\n","protected":false},"excerpt":{"rendered":"<div class=\"pvc_clear\"><\/div>\n<p id=\"pvc_stats_37762\" class=\"pvc_stats total_only  \" data-element-id=\"37762\" style=\"\"><i class=\"pvc-stats-icon large\" aria-hidden=\"true\"><svg aria-hidden=\"true\" focusable=\"false\" data-prefix=\"far\" data-icon=\"chart-bar\" role=\"img\" xmlns=\"http:\/\/www.w3.org\/2000\/svg\" viewBox=\"0 0 512 512\" class=\"svg-inline--fa fa-chart-bar fa-w-16 fa-2x\"><path fill=\"currentColor\" d=\"M396.8 352h22.4c6.4 0 12.8-6.4 12.8-12.8V108.8c0-6.4-6.4-12.8-12.8-12.8h-22.4c-6.4 0-12.8 6.4-12.8 12.8v230.4c0 6.4 6.4 12.8 12.8 12.8zm-192 0h22.4c6.4 0 12.8-6.4 12.8-12.8V140.8c0-6.4-6.4-12.8-12.8-12.8h-22.4c-6.4 0-12.8 6.4-12.8 12.8v198.4c0 6.4 6.4 12.8 12.8 12.8zm96 0h22.4c6.4 0 12.8-6.4 12.8-12.8V204.8c0-6.4-6.4-12.8-12.8-12.8h-22.4c-6.4 0-12.8 6.4-12.8 12.8v134.4c0 6.4 6.4 12.8 12.8 12.8zM496 400H48V80c0-8.84-7.16-16-16-16H16C7.16 64 0 71.16 0 80v336c0 17.67 14.33 32 32 32h464c8.84 0 16-7.16 16-16v-16c0-8.84-7.16-16-16-16zm-387.2-48h22.4c6.4 0 12.8-6.4 12.8-12.8v-70.4c0-6.4-6.4-12.8-12.8-12.8h-22.4c-6.4 0-12.8 6.4-12.8 12.8v70.4c0 6.4 6.4 12.8 12.8 12.8z\" class=\"\"><\/path><\/svg><\/i> <img loading=\"lazy\" decoding=\"async\" width=\"16\" height=\"16\" alt=\"Loading\" src=\"https:\/\/temucotelevision.cl\/web\/wp-content\/plugins\/page-views-count\/ajax-loader-2x.gif\" border=0 \/><\/p>\n<div class=\"pvc_clear\"><\/div>\n<p>&#8220;Es una alegr\u00eda tremenda, que cierra todo el esfuerzo que puse en estos cuatro a\u00f1os de ense\u00f1anza media y en<\/p>\n","protected":false},"author":1,"featured_media":37763,"comment_status":"open","ping_status":"open","sticky":false,"template":"","format":"standard","meta":{"colormag_page_container_layout":"default_layout","colormag_page_sidebar_layout":"default_layout","footnotes":""},"categories":[14],"tags":[1070,5681,1989,6072],"class_list":["post-37762","post","type-post","status-publish","format-standard","has-post-thumbnail","hentry","category-temuco","tag-pacientes","tag-paes","tag-teleton","tag-triatleta"],"a3_pvc":{"activated":true,"total_views":114,"today_views":0},"_links":{"self":[{"href":"https:\/\/temucotelevision.cl\/web\/wp-json\/wp\/v2\/posts\/37762","targetHints":{"allow":["GET"]}}],"collection":[{"href":"https:\/\/temucotelevision.cl\/web\/wp-json\/wp\/v2\/posts"}],"about":[{"href":"https:\/\/temucotelevision.cl\/web\/wp-json\/wp\/v2\/types\/post"}],"author":[{"embeddable":true,"href":"https:\/\/temucotelevision.cl\/web\/wp-json\/wp\/v2\/users\/1"}],"replies":[{"embeddable":true,"href":"https:\/\/temucotelevision.cl\/web\/wp-json\/wp\/v2\/comments?post=37762"}],"version-history":[{"count":1,"href":"https:\/\/temucotelevision.cl\/web\/wp-json\/wp\/v2\/posts\/37762\/revisions"}],"predecessor-version":[{"id":37766,"href":"https:\/\/temucotelevision.cl\/web\/wp-json\/wp\/v2\/posts\/37762\/revisions\/37766"}],"wp:featuredmedia":[{"embeddable":true,"href":"https:\/\/temucotelevision.cl\/web\/wp-json\/wp\/v2\/media\/37763"}],"wp:attachment":[{"href":"https:\/\/temucotelevision.cl\/web\/wp-json\/wp\/v2\/media?parent=37762"}],"wp:term":[{"taxonomy":"category","embeddable":true,"href":"https:\/\/temucotelevision.cl\/web\/wp-json\/wp\/v2\/categories?post=37762"},{"taxonomy":"post_tag","embeddable":true,"href":"https:\/\/temucotelevision.cl\/web\/wp-json\/wp\/v2\/tags?post=37762"}],"curies":[{"name":"wp","href":"https:\/\/api.w.org\/{rel}","templated":true}]}}