{"id":37758,"date":"2023-01-06T21:26:44","date_gmt":"2023-01-07T00:26:44","guid":{"rendered":"https:\/\/temucotelevision.cl\/web\/?p=37758"},"modified":"2023-01-06T21:30:07","modified_gmt":"2023-01-07T00:30:07","slug":"se-amplia-perimetro-de-seguridad-a-1-kilometro-en-torno-al-crater-del-volcan-villarrica","status":"publish","type":"post","link":"https:\/\/temucotelevision.cl\/web\/2023\/01\/06\/se-amplia-perimetro-de-seguridad-a-1-kilometro-en-torno-al-crater-del-volcan-villarrica\/","title":{"rendered":"Se ampl\u00eda per\u00edmetro de seguridad a 1 kil\u00f3metro en torno al cr\u00e1ter del volc\u00e1n Villarrica"},"content":{"rendered":"<div class=\"pvc_clear\"><\/div><p id=\"pvc_stats_37758\" class=\"pvc_stats total_only  \" data-element-id=\"37758\" style=\"\"><i class=\"pvc-stats-icon large\" aria-hidden=\"true\"><svg aria-hidden=\"true\" focusable=\"false\" data-prefix=\"far\" data-icon=\"chart-bar\" role=\"img\" xmlns=\"http:\/\/www.w3.org\/2000\/svg\" viewBox=\"0 0 512 512\" class=\"svg-inline--fa fa-chart-bar fa-w-16 fa-2x\"><path fill=\"currentColor\" d=\"M396.8 352h22.4c6.4 0 12.8-6.4 12.8-12.8V108.8c0-6.4-6.4-12.8-12.8-12.8h-22.4c-6.4 0-12.8 6.4-12.8 12.8v230.4c0 6.4 6.4 12.8 12.8 12.8zm-192 0h22.4c6.4 0 12.8-6.4 12.8-12.8V140.8c0-6.4-6.4-12.8-12.8-12.8h-22.4c-6.4 0-12.8 6.4-12.8 12.8v198.4c0 6.4 6.4 12.8 12.8 12.8zm96 0h22.4c6.4 0 12.8-6.4 12.8-12.8V204.8c0-6.4-6.4-12.8-12.8-12.8h-22.4c-6.4 0-12.8 6.4-12.8 12.8v134.4c0 6.4 6.4 12.8 12.8 12.8zM496 400H48V80c0-8.84-7.16-16-16-16H16C7.16 64 0 71.16 0 80v336c0 17.67 14.33 32 32 32h464c8.84 0 16-7.16 16-16v-16c0-8.84-7.16-16-16-16zm-387.2-48h22.4c6.4 0 12.8-6.4 12.8-12.8v-70.4c0-6.4-6.4-12.8-12.8-12.8h-22.4c-6.4 0-12.8 6.4-12.8 12.8v70.4c0 6.4 6.4 12.8 12.8 12.8z\" class=\"\"><\/path><\/svg><\/i> <img loading=\"lazy\" decoding=\"async\" width=\"16\" height=\"16\" alt=\"Loading\" src=\"https:\/\/temucotelevision.cl\/web\/wp-content\/plugins\/page-views-count\/ajax-loader-2x.gif\" border=0 \/><\/p><div class=\"pvc_clear\"><\/div>\n<p>-En base a la informaci\u00f3n t\u00e9cnica de Sernageomin, al momento no existe un peligro inminente de erupci\u00f3n del volc\u00e1n, pero si se ha registrado un aumento de la actividad superficial alrededor del cr\u00e1ter.<\/p>\n\n\n\n<iframe loading=\"lazy\" src=\"https:\/\/www.facebook.com\/plugins\/video.php?height=317&#038;href=https%3A%2F%2Fwww.facebook.com%2FTemucoTelevision%2Fvideos%2F1176787262958908%2F&#038;show_text=true&#038;width=560&#038;t=0\" width=\"560\" height=\"432\" style=\"border:none;overflow:hidden\" scrolling=\"no\" frameborder=\"0\" allowfullscreen=\"true\" allow=\"autoplay; clipboard-write; encrypted-media; picture-in-picture; web-share\" allowFullScreen=\"true\"><\/iframe>\n\n\n\n<p>-Esta medida en ning\u00fan caso entorpece las actividades que se desarrollan m\u00e1s all\u00e1 de los 1.000 metros en torno al cr\u00e1ter<\/p>\n\n\n\n<p>&#8211; Se mantiene la Alerta Amarilla para las comunas de Villarrica, Puc\u00f3n y Curarrehue, en la Regi\u00f3n de La Araucan\u00eda, y para la comuna de Panguipulli en la Regi\u00f3n de Los R\u00edos<\/p>\n\n\n\n<p>De acuerdo con el an\u00e1lisis instrumental reportado a trav\u00e9s de la Red Nacional de Vigilancia Volc\u00e1nica (RNVV) del Servicio Nacional de Geolog\u00eda y Miner\u00eda, Sernageomin,&nbsp; y en base al Reporte actualizado de actividad volc\u00e1nica de Sernageomin, se ha identificado en las \u00faltimas semanas un aumento de la actividad superficial alrededor del cr\u00e1ter del volc\u00e1n Villarrica, lo que se ha traducido en la expulsi\u00f3n del material que ha ca\u00eddo cerca de los 500 metros, lo que es muy pr\u00f3ximo del per\u00edmetro de seguridad originalmente definido para este efecto.<\/p>\n\n\n\n<p>Esta determinaci\u00f3n se estableci\u00f3 en una mesa t\u00e9cnica realizada esta ma\u00f1ana, que cont\u00f3 con la presencia de representantes de Senapred, Sernageomin y el municipio de Puc\u00f3n.<\/p>\n\n\n\n<p>En virtud a esta informaci\u00f3n, se ha considerado de manera preventiva, aumentar el per\u00edmetro de seguridad en base al escenario actual, defini\u00e9ndose un \u00e1rea de 1.000 metros desde el cr\u00e1ter. Esta medida indica que se restringe el acceso a dicha zona por parte de la ciudadan\u00eda.<\/p>\n\n\n\n<p>Al respecto, \u00c1lvaro Amigo, Subdirector Nacional de Geolog\u00eda (s) de Sernageomin, se\u00f1al\u00f3 que \u201cdurante la \u00faltima quincena se ha mantenido la actividad interna del volc\u00e1n Villarrica sin mayores variaciones en su energ\u00eda y cantidad de eventos s\u00edsmicos. No obstante, s\u00ed se ha observado un leve aumento de la actividad superficial, han ocurrido explosiones a nivel de cr\u00e1ter, donde hemos podido medir el alcance a trav\u00e9s de nuestras c\u00e1maras de vigilancia de las part\u00edculas incandescentes, sobre todo en hora de la noche, donde hemos medido alcances de hasta 480 metros desde el centro del cr\u00e1ter.<\/p>\n\n\n\n<p>Actualmente, nuestra zona de peligro es de 500 metros desde el centro del cr\u00e1ter, por lo tanto ya que se observa este incremento, se procede a un cambio a un kil\u00f3metro para asegurarnos de que estas proyecciones de part\u00edculas incandescentes y de bombas pirocl\u00e1sticas queden dentro de la zona de peligro que define Sernageomin como ente t\u00e9cnico\u201d.<\/p>\n\n\n\n<p>Agrega que \u201ccabe destacar, que la actividad superficial est\u00e1 enmarcada en la zona alta del volc\u00e1n, por lo tanto, no representa ning\u00fan riesgo a las poblaciones aleda\u00f1as, tanto urbanas como rurales, de Puc\u00f3n, Villarrica y Panguipulli. Esencialmente, el potencial impacto que tendr\u00eda esta actividad es para turistas que ascienden a la zona alta del volc\u00e1n, por lo tanto, el llamado es a respetar esta zonificaci\u00f3n ahora de 1 kil\u00f3metro desde el centro del cr\u00e1ter\u201d<\/p>\n\n\n\n<p>Respecto a la modificaci\u00f3n del per\u00edmetro de seguridad, el Director Nacional (s) del SENAPRED, Mauricio Tapia, recalc\u00f3 que \u201cesta medida de restricci\u00f3n solo est\u00e1 circunscrita a los 1.000 metros desde el cr\u00e1ter. Quiero ser claro en se\u00f1alar que la determinaci\u00f3n, adoptada en base a la informaci\u00f3n t\u00e9cnica que nos ha proporcionado SERNAGEOMIN, es de car\u00e1cter preventiva y no significa que estemos ante un peligro inminente de erupci\u00f3n\u201d.<\/p>\n\n\n\n<p>\u201cEsta determinaci\u00f3n en ning\u00fan caso entorpece las actividades que se desarrollan m\u00e1s all\u00e1 de los 1.000 metros en torno al cr\u00e1ter. Asimismo, el Sistema Regional mantendr\u00e1 en un monitoreo continuo, para determinar la reducci\u00f3n o la ampliaci\u00f3n de este per\u00edmetro\u201d, se\u00f1al\u00f3 el director.<\/p>\n\n\n\n<p>Por su parte, el Alcalde de Puc\u00f3n, Carlos Barra Matamala, manifest\u00f3 que \u201chemos sido notificados de que se amplia el per\u00edmetro de restricci\u00f3n (del volc\u00e1n Villarrica) de 500 a 1.000 metros. Nosotros estamos ejerciendo la fiscalizaci\u00f3n puntual. Hemos cursado dos infracciones a personas que fueron sorprendidas traspasando el l\u00edmite de los 500 metros. Entonces, la Municipalidad (de Puc\u00f3n) seguir\u00e1 en alerta, porque tenemos la obligaci\u00f3n de la protecci\u00f3n de la poblaci\u00f3n civil de la comuna, tal y como lo tienen los organismos del Estado de Chile\u201d.<\/p>\n\n\n\n<p>\u201cEl resto de la actividad en el Parque Nacional est\u00e1 normal, y esta medida obedece, solamente, al sector del cr\u00e1ter del volc\u00e1n que est\u00e1 muy lejano de ac\u00e1, donde est\u00e1 la cafeter\u00eda y las actividades que los turistas van a disfrutar\u201d, se\u00f1al\u00f3 la autoridad.<\/p>\n\n\n\n<p>Finalmente, Sernageomin, a trav\u00e9s de su Red Nacional de Vigilancia Volc\u00e1nica (RNVV), se\u00f1al\u00f3 que est\u00e1 medida se evaluar\u00e1 en las pr\u00f3ximas dos semanas. Por su parte, las Direcciones Regionales de SENAPRED La Araucan\u00eda y Los R\u00edos, en coordinaci\u00f3n con las Delegaciones Presidenciales Regionales mantienen la Alerta Amarilla para las comunas de Villarrica, Puc\u00f3n y Curarrehue, en la Regi\u00f3n de La Araucan\u00eda, y para la comuna de Panguipulli en la Regi\u00f3n de Los R\u00edos, por actividad del volc\u00e1n Villarrica.<\/p>\n\n\n\n<figure class=\"wp-block-image aligncenter size-full\"><img loading=\"lazy\" decoding=\"async\" width=\"600\" height=\"338\" src=\"https:\/\/temucotelevision.cl\/web\/wp-content\/uploads\/2023\/01\/Perimetro.jpg\" alt=\"\" class=\"wp-image-37760\"\/><\/figure>\n","protected":false},"excerpt":{"rendered":"<div class=\"pvc_clear\"><\/div>\n<p id=\"pvc_stats_37758\" class=\"pvc_stats total_only  \" data-element-id=\"37758\" style=\"\"><i class=\"pvc-stats-icon large\" aria-hidden=\"true\"><svg aria-hidden=\"true\" focusable=\"false\" data-prefix=\"far\" data-icon=\"chart-bar\" role=\"img\" xmlns=\"http:\/\/www.w3.org\/2000\/svg\" viewBox=\"0 0 512 512\" class=\"svg-inline--fa fa-chart-bar fa-w-16 fa-2x\"><path fill=\"currentColor\" d=\"M396.8 352h22.4c6.4 0 12.8-6.4 12.8-12.8V108.8c0-6.4-6.4-12.8-12.8-12.8h-22.4c-6.4 0-12.8 6.4-12.8 12.8v230.4c0 6.4 6.4 12.8 12.8 12.8zm-192 0h22.4c6.4 0 12.8-6.4 12.8-12.8V140.8c0-6.4-6.4-12.8-12.8-12.8h-22.4c-6.4 0-12.8 6.4-12.8 12.8v198.4c0 6.4 6.4 12.8 12.8 12.8zm96 0h22.4c6.4 0 12.8-6.4 12.8-12.8V204.8c0-6.4-6.4-12.8-12.8-12.8h-22.4c-6.4 0-12.8 6.4-12.8 12.8v134.4c0 6.4 6.4 12.8 12.8 12.8zM496 400H48V80c0-8.84-7.16-16-16-16H16C7.16 64 0 71.16 0 80v336c0 17.67 14.33 32 32 32h464c8.84 0 16-7.16 16-16v-16c0-8.84-7.16-16-16-16zm-387.2-48h22.4c6.4 0 12.8-6.4 12.8-12.8v-70.4c0-6.4-6.4-12.8-12.8-12.8h-22.4c-6.4 0-12.8 6.4-12.8 12.8v70.4c0 6.4 6.4 12.8 12.8 12.8z\" class=\"\"><\/path><\/svg><\/i> <img loading=\"lazy\" decoding=\"async\" width=\"16\" height=\"16\" alt=\"Loading\" src=\"https:\/\/temucotelevision.cl\/web\/wp-content\/plugins\/page-views-count\/ajax-loader-2x.gif\" border=0 \/><\/p>\n<div class=\"pvc_clear\"><\/div>\n<p>-En base a la informaci\u00f3n t\u00e9cnica de Sernageomin, al momento no existe un peligro inminente de erupci\u00f3n del volc\u00e1n, pero<\/p>\n","protected":false},"author":1,"featured_media":5893,"comment_status":"open","ping_status":"open","sticky":false,"template":"","format":"standard","meta":{"colormag_page_container_layout":"default_layout","colormag_page_sidebar_layout":"default_layout","footnotes":""},"categories":[101,14],"tags":[1860,3589,399,1510],"class_list":["post-37758","post","type-post","status-publish","format-standard","has-post-thumbnail","hentry","category-actualidad","category-temuco","tag-crater","tag-perimetro","tag-seguridad","tag-volcan"],"a3_pvc":{"activated":true,"total_views":26,"today_views":0},"_links":{"self":[{"href":"https:\/\/temucotelevision.cl\/web\/wp-json\/wp\/v2\/posts\/37758","targetHints":{"allow":["GET"]}}],"collection":[{"href":"https:\/\/temucotelevision.cl\/web\/wp-json\/wp\/v2\/posts"}],"about":[{"href":"https:\/\/temucotelevision.cl\/web\/wp-json\/wp\/v2\/types\/post"}],"author":[{"embeddable":true,"href":"https:\/\/temucotelevision.cl\/web\/wp-json\/wp\/v2\/users\/1"}],"replies":[{"embeddable":true,"href":"https:\/\/temucotelevision.cl\/web\/wp-json\/wp\/v2\/comments?post=37758"}],"version-history":[{"count":2,"href":"https:\/\/temucotelevision.cl\/web\/wp-json\/wp\/v2\/posts\/37758\/revisions"}],"predecessor-version":[{"id":37761,"href":"https:\/\/temucotelevision.cl\/web\/wp-json\/wp\/v2\/posts\/37758\/revisions\/37761"}],"wp:featuredmedia":[{"embeddable":true,"href":"https:\/\/temucotelevision.cl\/web\/wp-json\/wp\/v2\/media\/5893"}],"wp:attachment":[{"href":"https:\/\/temucotelevision.cl\/web\/wp-json\/wp\/v2\/media?parent=37758"}],"wp:term":[{"taxonomy":"category","embeddable":true,"href":"https:\/\/temucotelevision.cl\/web\/wp-json\/wp\/v2\/categories?post=37758"},{"taxonomy":"post_tag","embeddable":true,"href":"https:\/\/temucotelevision.cl\/web\/wp-json\/wp\/v2\/tags?post=37758"}],"curies":[{"name":"wp","href":"https:\/\/api.w.org\/{rel}","templated":true}]}}