{"id":37751,"date":"2023-01-06T21:19:09","date_gmt":"2023-01-07T00:19:09","guid":{"rendered":"https:\/\/temucotelevision.cl\/web\/?p=37751"},"modified":"2023-01-06T21:19:09","modified_gmt":"2023-01-07T00:19:09","slug":"tolten-presenta-variado-programa-para-disfrutar-este-verano-2023","status":"publish","type":"post","link":"https:\/\/temucotelevision.cl\/web\/2023\/01\/06\/tolten-presenta-variado-programa-para-disfrutar-este-verano-2023\/","title":{"rendered":"Tolt\u00e9n presenta variado programa para disfrutar este verano 2023\u00a0"},"content":{"rendered":"<div class=\"pvc_clear\"><\/div><p id=\"pvc_stats_37751\" class=\"pvc_stats total_only  \" data-element-id=\"37751\" style=\"\"><i class=\"pvc-stats-icon large\" aria-hidden=\"true\"><svg aria-hidden=\"true\" focusable=\"false\" data-prefix=\"far\" data-icon=\"chart-bar\" role=\"img\" xmlns=\"http:\/\/www.w3.org\/2000\/svg\" viewBox=\"0 0 512 512\" class=\"svg-inline--fa fa-chart-bar fa-w-16 fa-2x\"><path fill=\"currentColor\" d=\"M396.8 352h22.4c6.4 0 12.8-6.4 12.8-12.8V108.8c0-6.4-6.4-12.8-12.8-12.8h-22.4c-6.4 0-12.8 6.4-12.8 12.8v230.4c0 6.4 6.4 12.8 12.8 12.8zm-192 0h22.4c6.4 0 12.8-6.4 12.8-12.8V140.8c0-6.4-6.4-12.8-12.8-12.8h-22.4c-6.4 0-12.8 6.4-12.8 12.8v198.4c0 6.4 6.4 12.8 12.8 12.8zm96 0h22.4c6.4 0 12.8-6.4 12.8-12.8V204.8c0-6.4-6.4-12.8-12.8-12.8h-22.4c-6.4 0-12.8 6.4-12.8 12.8v134.4c0 6.4 6.4 12.8 12.8 12.8zM496 400H48V80c0-8.84-7.16-16-16-16H16C7.16 64 0 71.16 0 80v336c0 17.67 14.33 32 32 32h464c8.84 0 16-7.16 16-16v-16c0-8.84-7.16-16-16-16zm-387.2-48h22.4c6.4 0 12.8-6.4 12.8-12.8v-70.4c0-6.4-6.4-12.8-12.8-12.8h-22.4c-6.4 0-12.8 6.4-12.8 12.8v70.4c0 6.4 6.4 12.8 12.8 12.8z\" class=\"\"><\/path><\/svg><\/i> <img loading=\"lazy\" decoding=\"async\" width=\"16\" height=\"16\" alt=\"Loading\" src=\"https:\/\/temucotelevision.cl\/web\/wp-content\/plugins\/page-views-count\/ajax-loader-2x.gif\" border=0 \/><\/p><div class=\"pvc_clear\"><\/div>\n<p>Con una diversidad de actividades y panoramas como son: ferias costumbristas, competencias deportivas y eventos recreativos, el municipio de Tolt\u00e9n prepar\u00f3 un variado calendario de verano 2023. Este tiene como objetivo entregar panoramas a los vecinos y visitantes que elijan la comuna de Tolt\u00e9n durante la \u00e9poca estival.<\/p>\n\n\n\n<p>Todas las actividades ser\u00e1n gratuitas para los asistentes y pretenden fomentar el turismo en este territorio. Guillermo Mart\u00ednez Soto, alcalde de Tolt\u00e9n, expres\u00f3 que \u201cestamos preparados para recibir a los turistas y visitantes que elijan nuestra comuna como alternativa de vacaciones\u201d.&nbsp;<\/p>\n\n\n\n<p>La comuna de Tolt\u00e9n es parte del territorio Costa Araucan\u00eda, en el cual destacan sus hermosos paisajes y bellezas naturales como son el r\u00edo Tolt\u00e9n, el r\u00edo Boldo y los 24 kil\u00f3metros de playas de Nigue, los cuales ofrecen una variedad de emprendimientos ligados a la gastronom\u00eda,&nbsp;etnoturismo, alojamiento, avistamiento de aves y actividades al aire libre.&nbsp;&nbsp;<\/p>\n\n\n\n<p>Durante los meses de enero y febrero se realizan las tradicionales ferias costumbristas de Queule, Nueva Tolt\u00e9n, Villa los Boldos y Pocoyan sumado a diversas fiestas locales de gran tradici\u00f3n como Fritanga y fiesta del Chinook en Caleta La Barra. Adem\u00e1s, nuevamente regresan las actividades deportivas como la competencia a aguas abiertas Tolt\u00e9n Wolf y la Triatl\u00f3n de Tolt\u00e9n.&nbsp;<\/p>\n\n\n\n<p>La comuna de Tolt\u00e9n se emplaza a 100 km desde Temuco hacia la costa y se puede ingresar por las comunas de Freire, Pitrufquen y por el sur por la comuna de San Jos\u00e9 de la Mariquina.\u00a0<\/p>\n\n\n\n<figure class=\"wp-block-image size-large\"><img loading=\"lazy\" decoding=\"async\" width=\"1024\" height=\"768\" src=\"https:\/\/temucotelevision.cl\/web\/wp-content\/uploads\/2023\/01\/feria-queule-1024x768.jpg\" alt=\"\" class=\"wp-image-37756\" srcset=\"https:\/\/temucotelevision.cl\/web\/wp-content\/uploads\/2023\/01\/feria-queule-1024x768.jpg 1024w, https:\/\/temucotelevision.cl\/web\/wp-content\/uploads\/2023\/01\/feria-queule-768x576.jpg 768w, https:\/\/temucotelevision.cl\/web\/wp-content\/uploads\/2023\/01\/feria-queule-1536x1152.jpg 1536w, https:\/\/temucotelevision.cl\/web\/wp-content\/uploads\/2023\/01\/feria-queule-2048x1536.jpg 2048w\" sizes=\"auto, (max-width: 1024px) 100vw, 1024px\" \/><\/figure>\n\n\n\n<p>f<\/p>\n\n\n\n<figure class=\"wp-block-image size-large\"><img loading=\"lazy\" decoding=\"async\" width=\"1024\" height=\"683\" src=\"https:\/\/temucotelevision.cl\/web\/wp-content\/uploads\/2023\/01\/Queule-1024x683.jpg\" alt=\"\" class=\"wp-image-37755\" srcset=\"https:\/\/temucotelevision.cl\/web\/wp-content\/uploads\/2023\/01\/Queule-1024x683.jpg 1024w, https:\/\/temucotelevision.cl\/web\/wp-content\/uploads\/2023\/01\/Queule-768x512.jpg 768w, https:\/\/temucotelevision.cl\/web\/wp-content\/uploads\/2023\/01\/Queule-1536x1024.jpg 1536w, https:\/\/temucotelevision.cl\/web\/wp-content\/uploads\/2023\/01\/Queule-2048x1365.jpg 2048w\" sizes=\"auto, (max-width: 1024px) 100vw, 1024px\" \/><\/figure>\n\n\n\n<figure class=\"wp-block-image aligncenter size-large\"><img loading=\"lazy\" decoding=\"async\" width=\"1024\" height=\"768\" src=\"https:\/\/temucotelevision.cl\/web\/wp-content\/uploads\/2023\/01\/Feria-Queule-2-1024x768.jpg\" alt=\"\" class=\"wp-image-37754\" srcset=\"https:\/\/temucotelevision.cl\/web\/wp-content\/uploads\/2023\/01\/Feria-Queule-2-1024x768.jpg 1024w, https:\/\/temucotelevision.cl\/web\/wp-content\/uploads\/2023\/01\/Feria-Queule-2-768x576.jpg 768w, https:\/\/temucotelevision.cl\/web\/wp-content\/uploads\/2023\/01\/Feria-Queule-2-1536x1152.jpg 1536w, https:\/\/temucotelevision.cl\/web\/wp-content\/uploads\/2023\/01\/Feria-Queule-2-2048x1536.jpg 2048w\" sizes=\"auto, (max-width: 1024px) 100vw, 1024px\" \/><\/figure>\n\n\n\n<figure class=\"wp-block-image aligncenter size-large\"><img loading=\"lazy\" decoding=\"async\" width=\"723\" height=\"1024\" src=\"https:\/\/temucotelevision.cl\/web\/wp-content\/uploads\/2023\/01\/Programa-Verano-Tolten-2023-723x1024.jpeg\" alt=\"\" class=\"wp-image-37752\" srcset=\"https:\/\/temucotelevision.cl\/web\/wp-content\/uploads\/2023\/01\/Programa-Verano-Tolten-2023-723x1024.jpeg 723w, https:\/\/temucotelevision.cl\/web\/wp-content\/uploads\/2023\/01\/Programa-Verano-Tolten-2023-768x1087.jpeg 768w, https:\/\/temucotelevision.cl\/web\/wp-content\/uploads\/2023\/01\/Programa-Verano-Tolten-2023.jpeg 904w\" sizes=\"auto, (max-width: 723px) 100vw, 723px\" \/><\/figure>\n","protected":false},"excerpt":{"rendered":"<div class=\"pvc_clear\"><\/div>\n<p id=\"pvc_stats_37751\" class=\"pvc_stats total_only  \" data-element-id=\"37751\" style=\"\"><i class=\"pvc-stats-icon large\" aria-hidden=\"true\"><svg aria-hidden=\"true\" focusable=\"false\" data-prefix=\"far\" data-icon=\"chart-bar\" role=\"img\" xmlns=\"http:\/\/www.w3.org\/2000\/svg\" viewBox=\"0 0 512 512\" class=\"svg-inline--fa fa-chart-bar fa-w-16 fa-2x\"><path fill=\"currentColor\" d=\"M396.8 352h22.4c6.4 0 12.8-6.4 12.8-12.8V108.8c0-6.4-6.4-12.8-12.8-12.8h-22.4c-6.4 0-12.8 6.4-12.8 12.8v230.4c0 6.4 6.4 12.8 12.8 12.8zm-192 0h22.4c6.4 0 12.8-6.4 12.8-12.8V140.8c0-6.4-6.4-12.8-12.8-12.8h-22.4c-6.4 0-12.8 6.4-12.8 12.8v198.4c0 6.4 6.4 12.8 12.8 12.8zm96 0h22.4c6.4 0 12.8-6.4 12.8-12.8V204.8c0-6.4-6.4-12.8-12.8-12.8h-22.4c-6.4 0-12.8 6.4-12.8 12.8v134.4c0 6.4 6.4 12.8 12.8 12.8zM496 400H48V80c0-8.84-7.16-16-16-16H16C7.16 64 0 71.16 0 80v336c0 17.67 14.33 32 32 32h464c8.84 0 16-7.16 16-16v-16c0-8.84-7.16-16-16-16zm-387.2-48h22.4c6.4 0 12.8-6.4 12.8-12.8v-70.4c0-6.4-6.4-12.8-12.8-12.8h-22.4c-6.4 0-12.8 6.4-12.8 12.8v70.4c0 6.4 6.4 12.8 12.8 12.8z\" class=\"\"><\/path><\/svg><\/i> <img loading=\"lazy\" decoding=\"async\" width=\"16\" height=\"16\" alt=\"Loading\" src=\"https:\/\/temucotelevision.cl\/web\/wp-content\/plugins\/page-views-count\/ajax-loader-2x.gif\" border=0 \/><\/p>\n<div class=\"pvc_clear\"><\/div>\n<p>Con una diversidad de actividades y panoramas como son: ferias costumbristas, competencias deportivas y eventos recreativos, el municipio de Tolt\u00e9n<\/p>\n","protected":false},"author":1,"featured_media":37753,"comment_status":"open","ping_status":"open","sticky":false,"template":"","format":"standard","meta":{"colormag_page_container_layout":"default_layout","colormag_page_sidebar_layout":"default_layout","footnotes":""},"categories":[15,86],"tags":[5394,6065,2327,521,215,93],"class_list":["post-37751","post","type-post","status-publish","format-standard","has-post-thumbnail","hentry","category-la-araucania","category-panoramas","tag-5394","tag-costumbristas","tag-ferias","tag-programa","tag-tolten","tag-verano"],"a3_pvc":{"activated":true,"total_views":127,"today_views":0},"_links":{"self":[{"href":"https:\/\/temucotelevision.cl\/web\/wp-json\/wp\/v2\/posts\/37751","targetHints":{"allow":["GET"]}}],"collection":[{"href":"https:\/\/temucotelevision.cl\/web\/wp-json\/wp\/v2\/posts"}],"about":[{"href":"https:\/\/temucotelevision.cl\/web\/wp-json\/wp\/v2\/types\/post"}],"author":[{"embeddable":true,"href":"https:\/\/temucotelevision.cl\/web\/wp-json\/wp\/v2\/users\/1"}],"replies":[{"embeddable":true,"href":"https:\/\/temucotelevision.cl\/web\/wp-json\/wp\/v2\/comments?post=37751"}],"version-history":[{"count":1,"href":"https:\/\/temucotelevision.cl\/web\/wp-json\/wp\/v2\/posts\/37751\/revisions"}],"predecessor-version":[{"id":37757,"href":"https:\/\/temucotelevision.cl\/web\/wp-json\/wp\/v2\/posts\/37751\/revisions\/37757"}],"wp:featuredmedia":[{"embeddable":true,"href":"https:\/\/temucotelevision.cl\/web\/wp-json\/wp\/v2\/media\/37753"}],"wp:attachment":[{"href":"https:\/\/temucotelevision.cl\/web\/wp-json\/wp\/v2\/media?parent=37751"}],"wp:term":[{"taxonomy":"category","embeddable":true,"href":"https:\/\/temucotelevision.cl\/web\/wp-json\/wp\/v2\/categories?post=37751"},{"taxonomy":"post_tag","embeddable":true,"href":"https:\/\/temucotelevision.cl\/web\/wp-json\/wp\/v2\/tags?post=37751"}],"curies":[{"name":"wp","href":"https:\/\/api.w.org\/{rel}","templated":true}]}}