{"id":37746,"date":"2023-01-06T16:18:57","date_gmt":"2023-01-06T19:18:57","guid":{"rendered":"https:\/\/temucotelevision.cl\/web\/?p=37746"},"modified":"2023-01-06T16:45:56","modified_gmt":"2023-01-06T19:45:56","slug":"medio-millar-de-competidores-se-daran-cita-este-verano-en-el-kutralkura-trail-2023","status":"publish","type":"post","link":"https:\/\/temucotelevision.cl\/web\/2023\/01\/06\/medio-millar-de-competidores-se-daran-cita-este-verano-en-el-kutralkura-trail-2023\/","title":{"rendered":"Medio millar de competidores se dar\u00e1n cita este verano en el Kutralkura Trail 2023"},"content":{"rendered":"<div class=\"pvc_clear\"><\/div><p id=\"pvc_stats_37746\" class=\"pvc_stats total_only  \" data-element-id=\"37746\" style=\"\"><i class=\"pvc-stats-icon large\" aria-hidden=\"true\"><svg aria-hidden=\"true\" focusable=\"false\" data-prefix=\"far\" data-icon=\"chart-bar\" role=\"img\" xmlns=\"http:\/\/www.w3.org\/2000\/svg\" viewBox=\"0 0 512 512\" class=\"svg-inline--fa fa-chart-bar fa-w-16 fa-2x\"><path fill=\"currentColor\" d=\"M396.8 352h22.4c6.4 0 12.8-6.4 12.8-12.8V108.8c0-6.4-6.4-12.8-12.8-12.8h-22.4c-6.4 0-12.8 6.4-12.8 12.8v230.4c0 6.4 6.4 12.8 12.8 12.8zm-192 0h22.4c6.4 0 12.8-6.4 12.8-12.8V140.8c0-6.4-6.4-12.8-12.8-12.8h-22.4c-6.4 0-12.8 6.4-12.8 12.8v198.4c0 6.4 6.4 12.8 12.8 12.8zm96 0h22.4c6.4 0 12.8-6.4 12.8-12.8V204.8c0-6.4-6.4-12.8-12.8-12.8h-22.4c-6.4 0-12.8 6.4-12.8 12.8v134.4c0 6.4 6.4 12.8 12.8 12.8zM496 400H48V80c0-8.84-7.16-16-16-16H16C7.16 64 0 71.16 0 80v336c0 17.67 14.33 32 32 32h464c8.84 0 16-7.16 16-16v-16c0-8.84-7.16-16-16-16zm-387.2-48h22.4c6.4 0 12.8-6.4 12.8-12.8v-70.4c0-6.4-6.4-12.8-12.8-12.8h-22.4c-6.4 0-12.8 6.4-12.8 12.8v70.4c0 6.4 6.4 12.8 12.8 12.8z\" class=\"\"><\/path><\/svg><\/i> <img loading=\"lazy\" decoding=\"async\" width=\"16\" height=\"16\" alt=\"Loading\" src=\"https:\/\/temucotelevision.cl\/web\/wp-content\/plugins\/page-views-count\/ajax-loader-2x.gif\" border=0 \/><\/p><div class=\"pvc_clear\"><\/div>\n<p>\u00b7\u00a0\u00a0\u00a0\u00a0\u00a0\u00a0\u00a0\u00a0\u00a0<strong>El lanzamiento oficial de la competencia running se realiz\u00f3 este martes en Temuco con la presentaci\u00f3n de la camiseta oficial y la entrega de los detalles del evento que tendr\u00e1 lugar el 21 de enero en el Parque Nacional Conguill\u00edo, en el sur de Chile.\u00a0<\/strong><\/p>\n\n\n\n<iframe loading=\"lazy\" width=\"560\" height=\"315\" src=\"https:\/\/www.youtube.com\/embed\/JtDlZw63VGA\" title=\"YouTube video player\" frameborder=\"0\" allow=\"accelerometer; autoplay; clipboard-write; encrypted-media; gyroscope; picture-in-picture; web-share\" allowfullscreen><\/iframe>\n\n\n\n<p> Cerca de medio millar de corredores de Chile y el extranjero se esperan para el Kutralkura Trail 2023 que se disputar\u00e1 el pr\u00f3ximo 21 de enero en el Parque Nacional Conguill\u00edo, en la regi\u00f3n de la Araucan\u00eda.<\/p>\n\n\n\n<p>El evento fue lanzado oficialmente la ma\u00f1ana de este martes en una ceremonia en dependencias de Espacio Fibra Local, en Temuco, ocasi\u00f3n en que se present\u00f3 la camiseta oficial y se entregaron todos los detalles del desaf\u00edo outdoor.<\/p>\n\n\n\n<p>La presentaci\u00f3n oficial fue encabezada por Verenna Dalmazzo, directora ejecutiva de la Fundaci\u00f3n Vida en Movimiento Chile; la alcaldesa de Vilc\u00fan, Katherinne Migueles; Juan Pablo Fuentes Mej\u00edas, subgerente de relacionamiento Sur del holding CMPC; y el representante de Sport Identity Producciones, Carlos Zurita.<\/p>\n\n\n\n<p>La primera versi\u00f3n de Kutralkura Trail recorrer\u00e1 las inmediaciones del Geoparque Kutralkura, en la localidad de Cherquenco, perteneciente a la comuna de Vilc\u00fan, y el sector Paraguas del Parque Nacional Conguillio.<\/p>\n\n\n\n<p>La carrera contar\u00e1 con cinco distancias, las que fueron pensadas para la participaci\u00f3n de principiantes como expertos en trail running, as\u00ed como tambi\u00e9n para asistir en familia. Adem\u00e1s, presentar\u00e1n niveles de dificultades que van desde los 300 a los 1.200 de altimetr\u00eda positiva.<\/p>\n\n\n\n<p>&nbsp;Las distancias ser\u00e1n &nbsp;Kids, de 2 kil\u00f3metros, ideal para ni\u00f1os de 5 a 10 a\u00f1os; Familiar 5K, para 11 a\u00f1os en adelante; Sprint, de 16K para 14 a\u00f1os en adelante; Half Marat\u00f3n 28Km; y Marat\u00f3n de 42K.<\/p>\n\n\n\n<p>Las inscripciones, entrega de informaci\u00f3n t\u00e9cnica &nbsp;y consultas pueden hacerse en el link&nbsp;<a href=\"https:\/\/n9.cl\/2l5qnd\" target=\"_blank\" rel=\"noreferrer noopener\">https:\/\/n9.cl\/2l5qnd<\/a>&nbsp;o en&nbsp;&nbsp;<a href=\"https:\/\/welcu.com\/fundacion-vida-en-movimiento\/kutralkura-trail\" target=\"_blank\" rel=\"noreferrer noopener\">https:\/\/welcu.com\/fundacion-vida-en-movimiento\/kutralkura-trail<\/a>&nbsp;.M\u00e1s detalles tambi\u00e9n en el fono &nbsp;whatsapp +56 9 7190 9130.<\/p>\n\n\n\n<p><br><strong>Organizadores<\/strong><\/p>\n\n\n\n<p>La corrida es organizada por Fundaci\u00f3n Vida en Movimiento Chile con el apoyo de la Municipalidad de Vilc\u00fan, producida por Sport Identity y patrocinada por CMPC.<\/p>\n\n\n\n<p>Fundaci\u00f3n Vida en Movimiento, organizador de esta competencia, se form\u00f3 a mediados del a\u00f1o 2022. Su principal objetivo es estimular por medio de diferentes actividades la mejora y mantenci\u00f3n de la&nbsp;calidad de vida&nbsp;instruyendo a las personas los conocimientos y herramientas&nbsp;necesarias&nbsp;que existen para&nbsp;desarrollarla.<\/p>\n\n\n\n<p>Alvaro Ponce, presidente de la Fundaci\u00f3n, explic\u00f3 que Vida en Movimiento fue creada \u201cante la necesidad urgente sanitaria generada por la pandemia de abordar lo que es el sedentarismo, la obesidad y todas la patolog\u00edas que conlleva el caso\u201d.<\/p>\n\n\n\n<p>En ese sentido, agreg\u00f3 que la Fundaci\u00f3n \u201cnace para que este tipo de actividades como Kutralkura Trail lleguen a todas las personas por igual\u201d.<\/p>\n\n\n\n<p>Por su parte, Juan Pablo Fuentes,&nbsp;subgerente de relacionamiento Sur de CMPC \u2013patrocinador principal del evento- , se\u00f1al\u00f3 que para el grupo empresarial \u201ces muy&nbsp;relevante participar en esta carrera para potenciar no solo las actividades deportivas, sino tambi\u00e9n para dar a conocer la comuna de Vilc\u00fan, donde la belleza del paisaje es fant\u00e1stica\u201d.<\/p>\n\n\n\n<p>\u201cComo CMPC estamos muy contentos de ser parte de Kutralkura Trail, que conecta mucho con nuestro programa Bosque Vivo, con los parques que tenemos asociados a la red en Pumalal, en Loncoche y en la Cordillera de Nahuelbuta, y ojal\u00e1 esta carrera se repita pronto en uno de nuestros parques\u201d, precis\u00f3 el ejecutivo.<\/p>\n\n\n\n<p>Desde la municipalidad de Vilc\u00fan, su representante Camila Jara indic\u00f3 que \u201cestamos muy agradecidos porque se desarrollen este tipo de actividades en nuestra comuna\u201d y que \u201csi bien el geoparque es parte de un patrimonio geol\u00f3gico de relevancia internacional, distintas iniciativas que lo componen se han levantado gracias al deporte y el turismo\u201d.<\/p>\n\n\n\n<p>\u201cHoy en este calendario recreativo se disponen distintas actividades para los visitantes y para la comunidad local, y qu\u00e9 mejor que hacerlo dentro del territorio y a trav\u00e9s de la puesta en valor de los recursos naturales y culturales que se encuentran presentes en las faldas del volc\u00e1n Llaima\u201d, puntualiz\u00f3.<\/p>\n\n\n\n<p><strong>Deportistas<\/strong><\/p>\n\n\n\n<p>En el lanzamiento &nbsp;de este martes estuvieron presentes en calidad de invitados los corredores Margarita Mec\u00edas y Luis Soto, quienes recibieron la camiseta oficial de la carrera.&nbsp;<\/p>\n\n\n\n<p>En la ocasi\u00f3n, Mac\u00edas sostuvo que \u201cla pandemia dej\u00f3 mucha gente depresiva, que no pod\u00eda salir de casa, y que &nbsp;siguen a\u00fan con problemas para salir del estado en que quedaron. Entonces que se promuevan este tipo de actividades es sumamente importante y ojal\u00e1 cada vez m\u00e1s organizaciones y marcas se sumen\u201d.<\/p>\n\n\n\n<p>Soto por su lado, llam\u00f3 a la comunidad nacional a que se atrevan a participar. \u201cEl cerro lo tenemos al lado, Chile tiene cuatro mil kil\u00f3metros de monta\u00f1a pero les estamos dando la espalda. Este es un deporte que Chile debe potenciar, en todas las regiones tenemos monta\u00f1a\u2026 es el deporte que viene fuerte\u201d, sentenci\u00f3.&nbsp;<\/p>\n\n\n\n<p>La producci\u00f3n de Kutralkura Trail 2023 est\u00e1 en manos de &nbsp;Sport Identity, productora con m\u00e1s de cinco a\u00f1os de experiencia en eventos outdoor en el sur de Chile, entre ellos, la Triatl\u00f3n y la Media Marat\u00f3n de Villarrica, la Marat\u00f3n Panguipulli y el Duatl\u00f3n Sur, entre otros.<\/p>\n","protected":false},"excerpt":{"rendered":"<div class=\"pvc_clear\"><\/div>\n<p id=\"pvc_stats_37746\" class=\"pvc_stats total_only  \" data-element-id=\"37746\" style=\"\"><i class=\"pvc-stats-icon large\" aria-hidden=\"true\"><svg aria-hidden=\"true\" focusable=\"false\" data-prefix=\"far\" data-icon=\"chart-bar\" role=\"img\" xmlns=\"http:\/\/www.w3.org\/2000\/svg\" viewBox=\"0 0 512 512\" class=\"svg-inline--fa fa-chart-bar fa-w-16 fa-2x\"><path fill=\"currentColor\" d=\"M396.8 352h22.4c6.4 0 12.8-6.4 12.8-12.8V108.8c0-6.4-6.4-12.8-12.8-12.8h-22.4c-6.4 0-12.8 6.4-12.8 12.8v230.4c0 6.4 6.4 12.8 12.8 12.8zm-192 0h22.4c6.4 0 12.8-6.4 12.8-12.8V140.8c0-6.4-6.4-12.8-12.8-12.8h-22.4c-6.4 0-12.8 6.4-12.8 12.8v198.4c0 6.4 6.4 12.8 12.8 12.8zm96 0h22.4c6.4 0 12.8-6.4 12.8-12.8V204.8c0-6.4-6.4-12.8-12.8-12.8h-22.4c-6.4 0-12.8 6.4-12.8 12.8v134.4c0 6.4 6.4 12.8 12.8 12.8zM496 400H48V80c0-8.84-7.16-16-16-16H16C7.16 64 0 71.16 0 80v336c0 17.67 14.33 32 32 32h464c8.84 0 16-7.16 16-16v-16c0-8.84-7.16-16-16-16zm-387.2-48h22.4c6.4 0 12.8-6.4 12.8-12.8v-70.4c0-6.4-6.4-12.8-12.8-12.8h-22.4c-6.4 0-12.8 6.4-12.8 12.8v70.4c0 6.4 6.4 12.8 12.8 12.8z\" class=\"\"><\/path><\/svg><\/i> <img loading=\"lazy\" decoding=\"async\" width=\"16\" height=\"16\" alt=\"Loading\" src=\"https:\/\/temucotelevision.cl\/web\/wp-content\/plugins\/page-views-count\/ajax-loader-2x.gif\" border=0 \/><\/p>\n<div class=\"pvc_clear\"><\/div>\n<p>\u00b7\u00a0\u00a0\u00a0\u00a0\u00a0\u00a0\u00a0\u00a0\u00a0El lanzamiento oficial de la competencia running se realiz\u00f3 este martes en Temuco con la presentaci\u00f3n de la camiseta oficial<\/p>\n","protected":false},"author":1,"featured_media":37747,"comment_status":"open","ping_status":"open","sticky":false,"template":"","format":"standard","meta":{"colormag_page_container_layout":"default_layout","colormag_page_sidebar_layout":"default_layout","footnotes":""},"categories":[86],"tags":[5669,6071,247,93],"class_list":["post-37746","post","type-post","status-publish","format-standard","has-post-thumbnail","hentry","category-panoramas","tag-competidores","tag-kutalkura","tag-trail","tag-verano"],"a3_pvc":{"activated":true,"total_views":81,"today_views":0},"_links":{"self":[{"href":"https:\/\/temucotelevision.cl\/web\/wp-json\/wp\/v2\/posts\/37746","targetHints":{"allow":["GET"]}}],"collection":[{"href":"https:\/\/temucotelevision.cl\/web\/wp-json\/wp\/v2\/posts"}],"about":[{"href":"https:\/\/temucotelevision.cl\/web\/wp-json\/wp\/v2\/types\/post"}],"author":[{"embeddable":true,"href":"https:\/\/temucotelevision.cl\/web\/wp-json\/wp\/v2\/users\/1"}],"replies":[{"embeddable":true,"href":"https:\/\/temucotelevision.cl\/web\/wp-json\/wp\/v2\/comments?post=37746"}],"version-history":[{"count":1,"href":"https:\/\/temucotelevision.cl\/web\/wp-json\/wp\/v2\/posts\/37746\/revisions"}],"predecessor-version":[{"id":37748,"href":"https:\/\/temucotelevision.cl\/web\/wp-json\/wp\/v2\/posts\/37746\/revisions\/37748"}],"wp:featuredmedia":[{"embeddable":true,"href":"https:\/\/temucotelevision.cl\/web\/wp-json\/wp\/v2\/media\/37747"}],"wp:attachment":[{"href":"https:\/\/temucotelevision.cl\/web\/wp-json\/wp\/v2\/media?parent=37746"}],"wp:term":[{"taxonomy":"category","embeddable":true,"href":"https:\/\/temucotelevision.cl\/web\/wp-json\/wp\/v2\/categories?post=37746"},{"taxonomy":"post_tag","embeddable":true,"href":"https:\/\/temucotelevision.cl\/web\/wp-json\/wp\/v2\/tags?post=37746"}],"curies":[{"name":"wp","href":"https:\/\/api.w.org\/{rel}","templated":true}]}}