{"id":37740,"date":"2023-01-06T14:17:13","date_gmt":"2023-01-06T17:17:13","guid":{"rendered":"https:\/\/temucotelevision.cl\/web\/?p=37740"},"modified":"2023-01-06T14:17:14","modified_gmt":"2023-01-06T17:17:14","slug":"diputado-rathgeb-solicita-exhaustiva-investigacion-por-incendios-rurales-y-del-tipo-forestal-registrados-en-la-araucania","status":"publish","type":"post","link":"https:\/\/temucotelevision.cl\/web\/2023\/01\/06\/diputado-rathgeb-solicita-exhaustiva-investigacion-por-incendios-rurales-y-del-tipo-forestal-registrados-en-la-araucania\/","title":{"rendered":"Diputado Rathgeb solicita exhaustiva investigaci\u00f3n por incendios rurales y del tipo forestal registrados en La Araucan\u00eda"},"content":{"rendered":"<div class=\"pvc_clear\"><\/div><p id=\"pvc_stats_37740\" class=\"pvc_stats total_only  \" data-element-id=\"37740\" style=\"\"><i class=\"pvc-stats-icon large\" aria-hidden=\"true\"><svg aria-hidden=\"true\" focusable=\"false\" data-prefix=\"far\" data-icon=\"chart-bar\" role=\"img\" xmlns=\"http:\/\/www.w3.org\/2000\/svg\" viewBox=\"0 0 512 512\" class=\"svg-inline--fa fa-chart-bar fa-w-16 fa-2x\"><path fill=\"currentColor\" d=\"M396.8 352h22.4c6.4 0 12.8-6.4 12.8-12.8V108.8c0-6.4-6.4-12.8-12.8-12.8h-22.4c-6.4 0-12.8 6.4-12.8 12.8v230.4c0 6.4 6.4 12.8 12.8 12.8zm-192 0h22.4c6.4 0 12.8-6.4 12.8-12.8V140.8c0-6.4-6.4-12.8-12.8-12.8h-22.4c-6.4 0-12.8 6.4-12.8 12.8v198.4c0 6.4 6.4 12.8 12.8 12.8zm96 0h22.4c6.4 0 12.8-6.4 12.8-12.8V204.8c0-6.4-6.4-12.8-12.8-12.8h-22.4c-6.4 0-12.8 6.4-12.8 12.8v134.4c0 6.4 6.4 12.8 12.8 12.8zM496 400H48V80c0-8.84-7.16-16-16-16H16C7.16 64 0 71.16 0 80v336c0 17.67 14.33 32 32 32h464c8.84 0 16-7.16 16-16v-16c0-8.84-7.16-16-16-16zm-387.2-48h22.4c6.4 0 12.8-6.4 12.8-12.8v-70.4c0-6.4-6.4-12.8-12.8-12.8h-22.4c-6.4 0-12.8 6.4-12.8 12.8v70.4c0 6.4 6.4 12.8 12.8 12.8z\" class=\"\"><\/path><\/svg><\/i> <img loading=\"lazy\" decoding=\"async\" width=\"16\" height=\"16\" alt=\"Loading\" src=\"https:\/\/temucotelevision.cl\/web\/wp-content\/plugins\/page-views-count\/ajax-loader-2x.gif\" border=0 \/><\/p><div class=\"pvc_clear\"><\/div>\n<p><strong>El parlamentario solicit\u00f3 a las autoridades respectivas las indagatorias correspondientes y a los vecinos de sectores donde se han originado siniestros a entregar los antecedentes respectivos.<\/strong><\/p>\n\n\n\n<p>Miles de hect\u00e1reas consumidas por el efecto de las llamas, siembras agr\u00edcolas, viviendas destruidas y el consiguiente riesgo de que se ponga en riesgo la vida de los vecinos, han sido parte de los efectos de los incendios rurales y del tipo forestal de los \u00faltimos d\u00edas en la Regi\u00f3n.<\/p>\n\n\n\n<p>El diputado de Renovaci\u00f3n Nacional por La Araucan\u00eda y presidente regional de la colectividad, Jorge Rathgeb, hizo un llamado a las autoridades a instruir una minuciosa investigaci\u00f3n para as\u00ed clarificar las causas de los siniestros.<\/p>\n\n\n\n<p>Rathgeb en su calidad de integrante de la comisi\u00f3n de Agricultura y de Bomberos de la C\u00e1mara de Diputados, se\u00f1al\u00f3 que ac\u00e1 es importante contar con respuestas concretas y as\u00ed dilucidar si existi\u00f3 intencionalidad.<\/p>\n\n\n\n<p>El legislador tambi\u00e9n llam\u00f3 a los vecinos que han visto movimientos extra\u00f1os a realizar las denuncias y a entregar los antecedentes respectivos.<\/p>\n\n\n\n<p>&#8220;A las autoridades el llamado es a realizar una investigaci\u00f3n a fondo e indagar intencionalidad en los siniestros que han dejado enormes da\u00f1os y que esto repercutir\u00e1 en la producci\u00f3n de alimentos del pa\u00eds como ocurri\u00f3 en Collipulli. Ac\u00e1 no le debemos bajar el perfil a estos incendios y por eso se debe investigar todo y tambi\u00e9n reparar a quienes han sufrido por estas emergencias&#8221;, fueron las palabras de Rathgeb.<\/p>\n\n\n\n<p>El diputado tambi\u00e9n llam\u00f3 a agilizar la construcci\u00f3n de cortafuegos y la eliminaci\u00f3n de pastizales y rastrojos para prevenir el efecto de los siniestros y a los municipios a tomar acciones que vayan en pos de la seguridad de los vecinos.<\/p>\n","protected":false},"excerpt":{"rendered":"<div class=\"pvc_clear\"><\/div>\n<p id=\"pvc_stats_37740\" class=\"pvc_stats total_only  \" data-element-id=\"37740\" style=\"\"><i class=\"pvc-stats-icon large\" aria-hidden=\"true\"><svg aria-hidden=\"true\" focusable=\"false\" data-prefix=\"far\" data-icon=\"chart-bar\" role=\"img\" xmlns=\"http:\/\/www.w3.org\/2000\/svg\" viewBox=\"0 0 512 512\" class=\"svg-inline--fa fa-chart-bar fa-w-16 fa-2x\"><path fill=\"currentColor\" d=\"M396.8 352h22.4c6.4 0 12.8-6.4 12.8-12.8V108.8c0-6.4-6.4-12.8-12.8-12.8h-22.4c-6.4 0-12.8 6.4-12.8 12.8v230.4c0 6.4 6.4 12.8 12.8 12.8zm-192 0h22.4c6.4 0 12.8-6.4 12.8-12.8V140.8c0-6.4-6.4-12.8-12.8-12.8h-22.4c-6.4 0-12.8 6.4-12.8 12.8v198.4c0 6.4 6.4 12.8 12.8 12.8zm96 0h22.4c6.4 0 12.8-6.4 12.8-12.8V204.8c0-6.4-6.4-12.8-12.8-12.8h-22.4c-6.4 0-12.8 6.4-12.8 12.8v134.4c0 6.4 6.4 12.8 12.8 12.8zM496 400H48V80c0-8.84-7.16-16-16-16H16C7.16 64 0 71.16 0 80v336c0 17.67 14.33 32 32 32h464c8.84 0 16-7.16 16-16v-16c0-8.84-7.16-16-16-16zm-387.2-48h22.4c6.4 0 12.8-6.4 12.8-12.8v-70.4c0-6.4-6.4-12.8-12.8-12.8h-22.4c-6.4 0-12.8 6.4-12.8 12.8v70.4c0 6.4 6.4 12.8 12.8 12.8z\" class=\"\"><\/path><\/svg><\/i> <img loading=\"lazy\" decoding=\"async\" width=\"16\" height=\"16\" alt=\"Loading\" src=\"https:\/\/temucotelevision.cl\/web\/wp-content\/plugins\/page-views-count\/ajax-loader-2x.gif\" border=0 \/><\/p>\n<div class=\"pvc_clear\"><\/div>\n<p>El parlamentario solicit\u00f3 a las autoridades respectivas las indagatorias correspondientes y a los vecinos de sectores donde se han originado<\/p>\n","protected":false},"author":1,"featured_media":37628,"comment_status":"open","ping_status":"open","sticky":false,"template":"","format":"standard","meta":{"colormag_page_container_layout":"default_layout","colormag_page_sidebar_layout":"default_layout","footnotes":""},"categories":[84],"tags":[154,240,6070,1006,170],"class_list":["post-37740","post","type-post","status-publish","format-standard","has-post-thumbnail","hentry","category-politica","tag-diputado","tag-forestal","tag-incendios-rurales","tag-investigacion","tag-region"],"a3_pvc":{"activated":true,"total_views":40,"today_views":0},"_links":{"self":[{"href":"https:\/\/temucotelevision.cl\/web\/wp-json\/wp\/v2\/posts\/37740","targetHints":{"allow":["GET"]}}],"collection":[{"href":"https:\/\/temucotelevision.cl\/web\/wp-json\/wp\/v2\/posts"}],"about":[{"href":"https:\/\/temucotelevision.cl\/web\/wp-json\/wp\/v2\/types\/post"}],"author":[{"embeddable":true,"href":"https:\/\/temucotelevision.cl\/web\/wp-json\/wp\/v2\/users\/1"}],"replies":[{"embeddable":true,"href":"https:\/\/temucotelevision.cl\/web\/wp-json\/wp\/v2\/comments?post=37740"}],"version-history":[{"count":1,"href":"https:\/\/temucotelevision.cl\/web\/wp-json\/wp\/v2\/posts\/37740\/revisions"}],"predecessor-version":[{"id":37741,"href":"https:\/\/temucotelevision.cl\/web\/wp-json\/wp\/v2\/posts\/37740\/revisions\/37741"}],"wp:featuredmedia":[{"embeddable":true,"href":"https:\/\/temucotelevision.cl\/web\/wp-json\/wp\/v2\/media\/37628"}],"wp:attachment":[{"href":"https:\/\/temucotelevision.cl\/web\/wp-json\/wp\/v2\/media?parent=37740"}],"wp:term":[{"taxonomy":"category","embeddable":true,"href":"https:\/\/temucotelevision.cl\/web\/wp-json\/wp\/v2\/categories?post=37740"},{"taxonomy":"post_tag","embeddable":true,"href":"https:\/\/temucotelevision.cl\/web\/wp-json\/wp\/v2\/tags?post=37740"}],"curies":[{"name":"wp","href":"https:\/\/api.w.org\/{rel}","templated":true}]}}