{"id":37738,"date":"2023-01-06T14:09:51","date_gmt":"2023-01-06T17:09:51","guid":{"rendered":"https:\/\/temucotelevision.cl\/web\/?p=37738"},"modified":"2023-01-06T14:09:52","modified_gmt":"2023-01-06T17:09:52","slug":"gobierno-confirma-que-sii-emitira-resolucion-para-eximir-del-pago-de-contribuciones-a-propietarios-de-inmuebles-usurpados-por-ataques-incendiarios","status":"publish","type":"post","link":"https:\/\/temucotelevision.cl\/web\/2023\/01\/06\/gobierno-confirma-que-sii-emitira-resolucion-para-eximir-del-pago-de-contribuciones-a-propietarios-de-inmuebles-usurpados-por-ataques-incendiarios\/","title":{"rendered":"Gobierno confirma que SII emitir\u00e1 resoluci\u00f3n para eximir del pago de contribuciones a propietarios de inmuebles usurpados por ataques incendiarios"},"content":{"rendered":"<div class=\"pvc_clear\"><\/div><p id=\"pvc_stats_37738\" class=\"pvc_stats total_only  \" data-element-id=\"37738\" style=\"\"><i class=\"pvc-stats-icon large\" aria-hidden=\"true\"><svg aria-hidden=\"true\" focusable=\"false\" data-prefix=\"far\" data-icon=\"chart-bar\" role=\"img\" xmlns=\"http:\/\/www.w3.org\/2000\/svg\" viewBox=\"0 0 512 512\" class=\"svg-inline--fa fa-chart-bar fa-w-16 fa-2x\"><path fill=\"currentColor\" d=\"M396.8 352h22.4c6.4 0 12.8-6.4 12.8-12.8V108.8c0-6.4-6.4-12.8-12.8-12.8h-22.4c-6.4 0-12.8 6.4-12.8 12.8v230.4c0 6.4 6.4 12.8 12.8 12.8zm-192 0h22.4c6.4 0 12.8-6.4 12.8-12.8V140.8c0-6.4-6.4-12.8-12.8-12.8h-22.4c-6.4 0-12.8 6.4-12.8 12.8v198.4c0 6.4 6.4 12.8 12.8 12.8zm96 0h22.4c6.4 0 12.8-6.4 12.8-12.8V204.8c0-6.4-6.4-12.8-12.8-12.8h-22.4c-6.4 0-12.8 6.4-12.8 12.8v134.4c0 6.4 6.4 12.8 12.8 12.8zM496 400H48V80c0-8.84-7.16-16-16-16H16C7.16 64 0 71.16 0 80v336c0 17.67 14.33 32 32 32h464c8.84 0 16-7.16 16-16v-16c0-8.84-7.16-16-16-16zm-387.2-48h22.4c6.4 0 12.8-6.4 12.8-12.8v-70.4c0-6.4-6.4-12.8-12.8-12.8h-22.4c-6.4 0-12.8 6.4-12.8 12.8v70.4c0 6.4 6.4 12.8 12.8 12.8z\" class=\"\"><\/path><\/svg><\/i> <img loading=\"lazy\" decoding=\"async\" width=\"16\" height=\"16\" alt=\"Loading\" src=\"https:\/\/temucotelevision.cl\/web\/wp-content\/plugins\/page-views-count\/ajax-loader-2x.gif\" border=0 \/><\/p><div class=\"pvc_clear\"><\/div>\n<p>Como un \u201cacto de justicia\u201d calific\u00f3 el senador por la Araucan\u00eda, Felipe Kast, la informaci\u00f3n dada a conocer el d\u00eda de hoy por la subsecretaria de la Segpres, Macarena Lobos, quien en plena sesi\u00f3n de la comisi\u00f3n de Hacienda, confirm\u00f3 que el Ejecutivo se encuentra a la espera de una resoluci\u00f3n del Servicio de Impuestos de Internos (SII), que permitir\u00e1 eximir del pago de contribuciones a los propietarios de inmuebles que se encuentren usurpados o destruidos por ataques incendiarios.<\/p>\n\n\n\n<p>A juicio de Kast, quien ha sido uno de los impulsores de esta medida, \u201cesta condonaci\u00f3n es una buena noticia, pero que de todas maneras representa una retribuci\u00f3n insuficiente de parte del Estado, pensando en todos aquellos ciudadanos que, por la inoperancia estatal, no pueden usar y gozar pac\u00edficamente de sus bienes ra\u00edces\u201d.<\/p>\n\n\n\n<p>\u201cValoramos que el gobierno haya recogido la inquietud que hemos planteado con el senador Garc\u00eda y otros parlamentarios m\u00e1s de la Araucan\u00eda y el Biob\u00edo, pero aqu\u00ed a\u00fan queda mucho por hacer para restituir a las v\u00edctimas parte de los perdido\u201d, a\u00f1adi\u00f3 el legislador.<\/p>\n\n\n\n<p>Por \u00faltimo, el legislador se\u00f1al\u00f3 que envi\u00f3 un oficio al SII para solicitar el estado de tramitaci\u00f3n de esta resoluci\u00f3n. \u201cEsperamos que en los pr\u00f3ximos d\u00edas tengamos un cronograma claro respecto a c\u00f3mo se va a operativizar este dictamen. Aqu\u00ed hay personas afectadas que no pueden seguir esperando y es un deber de las autoridades agilizar su implementaci\u00f3n&#8221;.<\/p>\n","protected":false},"excerpt":{"rendered":"<div class=\"pvc_clear\"><\/div>\n<p id=\"pvc_stats_37738\" class=\"pvc_stats total_only  \" data-element-id=\"37738\" style=\"\"><i class=\"pvc-stats-icon large\" aria-hidden=\"true\"><svg aria-hidden=\"true\" focusable=\"false\" data-prefix=\"far\" data-icon=\"chart-bar\" role=\"img\" xmlns=\"http:\/\/www.w3.org\/2000\/svg\" viewBox=\"0 0 512 512\" class=\"svg-inline--fa fa-chart-bar fa-w-16 fa-2x\"><path fill=\"currentColor\" d=\"M396.8 352h22.4c6.4 0 12.8-6.4 12.8-12.8V108.8c0-6.4-6.4-12.8-12.8-12.8h-22.4c-6.4 0-12.8 6.4-12.8 12.8v230.4c0 6.4 6.4 12.8 12.8 12.8zm-192 0h22.4c6.4 0 12.8-6.4 12.8-12.8V140.8c0-6.4-6.4-12.8-12.8-12.8h-22.4c-6.4 0-12.8 6.4-12.8 12.8v198.4c0 6.4 6.4 12.8 12.8 12.8zm96 0h22.4c6.4 0 12.8-6.4 12.8-12.8V204.8c0-6.4-6.4-12.8-12.8-12.8h-22.4c-6.4 0-12.8 6.4-12.8 12.8v134.4c0 6.4 6.4 12.8 12.8 12.8zM496 400H48V80c0-8.84-7.16-16-16-16H16C7.16 64 0 71.16 0 80v336c0 17.67 14.33 32 32 32h464c8.84 0 16-7.16 16-16v-16c0-8.84-7.16-16-16-16zm-387.2-48h22.4c6.4 0 12.8-6.4 12.8-12.8v-70.4c0-6.4-6.4-12.8-12.8-12.8h-22.4c-6.4 0-12.8 6.4-12.8 12.8v70.4c0 6.4 6.4 12.8 12.8 12.8z\" class=\"\"><\/path><\/svg><\/i> <img loading=\"lazy\" decoding=\"async\" width=\"16\" height=\"16\" alt=\"Loading\" src=\"https:\/\/temucotelevision.cl\/web\/wp-content\/plugins\/page-views-count\/ajax-loader-2x.gif\" border=0 \/><\/p>\n<div class=\"pvc_clear\"><\/div>\n<p>Como un \u201cacto de justicia\u201d calific\u00f3 el senador por la Araucan\u00eda, Felipe Kast, la informaci\u00f3n dada a conocer el d\u00eda<\/p>\n","protected":false},"author":1,"featured_media":34273,"comment_status":"open","ping_status":"open","sticky":false,"template":"","format":"standard","meta":{"colormag_page_container_layout":"default_layout","colormag_page_sidebar_layout":"default_layout","footnotes":""},"categories":[84,14],"tags":[1236,2998,206,810,523,2101],"class_list":["post-37738","post","type-post","status-publish","format-standard","has-post-thumbnail","hentry","category-politica","category-temuco","tag-ataques","tag-contribuciones","tag-gobierno","tag-pago","tag-predios","tag-terrenos"],"a3_pvc":{"activated":true,"total_views":83,"today_views":0},"_links":{"self":[{"href":"https:\/\/temucotelevision.cl\/web\/wp-json\/wp\/v2\/posts\/37738","targetHints":{"allow":["GET"]}}],"collection":[{"href":"https:\/\/temucotelevision.cl\/web\/wp-json\/wp\/v2\/posts"}],"about":[{"href":"https:\/\/temucotelevision.cl\/web\/wp-json\/wp\/v2\/types\/post"}],"author":[{"embeddable":true,"href":"https:\/\/temucotelevision.cl\/web\/wp-json\/wp\/v2\/users\/1"}],"replies":[{"embeddable":true,"href":"https:\/\/temucotelevision.cl\/web\/wp-json\/wp\/v2\/comments?post=37738"}],"version-history":[{"count":1,"href":"https:\/\/temucotelevision.cl\/web\/wp-json\/wp\/v2\/posts\/37738\/revisions"}],"predecessor-version":[{"id":37739,"href":"https:\/\/temucotelevision.cl\/web\/wp-json\/wp\/v2\/posts\/37738\/revisions\/37739"}],"wp:featuredmedia":[{"embeddable":true,"href":"https:\/\/temucotelevision.cl\/web\/wp-json\/wp\/v2\/media\/34273"}],"wp:attachment":[{"href":"https:\/\/temucotelevision.cl\/web\/wp-json\/wp\/v2\/media?parent=37738"}],"wp:term":[{"taxonomy":"category","embeddable":true,"href":"https:\/\/temucotelevision.cl\/web\/wp-json\/wp\/v2\/categories?post=37738"},{"taxonomy":"post_tag","embeddable":true,"href":"https:\/\/temucotelevision.cl\/web\/wp-json\/wp\/v2\/tags?post=37738"}],"curies":[{"name":"wp","href":"https:\/\/api.w.org\/{rel}","templated":true}]}}