{"id":37727,"date":"2023-01-06T10:58:25","date_gmt":"2023-01-06T13:58:25","guid":{"rendered":"https:\/\/temucotelevision.cl\/web\/?p=37727"},"modified":"2023-01-06T10:58:26","modified_gmt":"2023-01-06T13:58:26","slug":"ruta-de-la-araucania-habilita-ramal-que-conecta-ruta-s-199-villarrica-freire-con-ruta-5-sur","status":"publish","type":"post","link":"https:\/\/temucotelevision.cl\/web\/2023\/01\/06\/ruta-de-la-araucania-habilita-ramal-que-conecta-ruta-s-199-villarrica-freire-con-ruta-5-sur\/","title":{"rendered":"Ruta de La Araucan\u00eda habilita Ramal que conecta Ruta S-199 Villarrica Freire con Ruta 5 Sur"},"content":{"rendered":"<div class=\"pvc_clear\"><\/div><p id=\"pvc_stats_37727\" class=\"pvc_stats total_only  \" data-element-id=\"37727\" style=\"\"><i class=\"pvc-stats-icon large\" aria-hidden=\"true\"><svg aria-hidden=\"true\" focusable=\"false\" data-prefix=\"far\" data-icon=\"chart-bar\" role=\"img\" xmlns=\"http:\/\/www.w3.org\/2000\/svg\" viewBox=\"0 0 512 512\" class=\"svg-inline--fa fa-chart-bar fa-w-16 fa-2x\"><path fill=\"currentColor\" d=\"M396.8 352h22.4c6.4 0 12.8-6.4 12.8-12.8V108.8c0-6.4-6.4-12.8-12.8-12.8h-22.4c-6.4 0-12.8 6.4-12.8 12.8v230.4c0 6.4 6.4 12.8 12.8 12.8zm-192 0h22.4c6.4 0 12.8-6.4 12.8-12.8V140.8c0-6.4-6.4-12.8-12.8-12.8h-22.4c-6.4 0-12.8 6.4-12.8 12.8v198.4c0 6.4 6.4 12.8 12.8 12.8zm96 0h22.4c6.4 0 12.8-6.4 12.8-12.8V204.8c0-6.4-6.4-12.8-12.8-12.8h-22.4c-6.4 0-12.8 6.4-12.8 12.8v134.4c0 6.4 6.4 12.8 12.8 12.8zM496 400H48V80c0-8.84-7.16-16-16-16H16C7.16 64 0 71.16 0 80v336c0 17.67 14.33 32 32 32h464c8.84 0 16-7.16 16-16v-16c0-8.84-7.16-16-16-16zm-387.2-48h22.4c6.4 0 12.8-6.4 12.8-12.8v-70.4c0-6.4-6.4-12.8-12.8-12.8h-22.4c-6.4 0-12.8 6.4-12.8 12.8v70.4c0 6.4 6.4 12.8 12.8 12.8z\" class=\"\"><\/path><\/svg><\/i> <img loading=\"lazy\" decoding=\"async\" width=\"16\" height=\"16\" alt=\"Loading\" src=\"https:\/\/temucotelevision.cl\/web\/wp-content\/plugins\/page-views-count\/ajax-loader-2x.gif\" border=0 \/><\/p><div class=\"pvc_clear\"><\/div>\n<ul class=\"wp-block-list\"><li><strong>Mayor seguridad y fluidez en el tr\u00e1nsito&nbsp;en las rutas, son parte de los beneficios de este nuevo Ramal de Conexi\u00f3n desde la zona Lacustre, que beneficiar\u00e1 a usuarios y mejorar\u00e1 la conectividad peatonal para los vecinos.<\/strong><\/li><\/ul>\n\n\n\n<ul class=\"wp-block-list\"><li><strong>La inversi\u00f3n contempla cerca de mil doscientos millones de pesos e incluye renovaci\u00f3n en las aceras, nuevas luminarias y conexi\u00f3n con la pasarela existente.&nbsp;<\/strong><\/li><\/ul>\n\n\n\n<p><strong>\u00a0<\/strong>El pasado martes 3 de enero, tras un periodo de 12 meses\u00a0\u00a0de construcci\u00f3n, y una inversi\u00f3n de UF 36.000 se habilit\u00f3 al tr\u00e1nsito el nuevo ramal de conexi\u00f3n entre la Ruta Villarrica-Freire (S-199) y la Ruta 5 Sur. En la actividad participaron el alcalde de Freire, Luis Armando Arias, y el gerente de construcci\u00f3n de Ruta de la Araucan\u00eda, Carlos Y\u00e1\u00f1ez.<\/p>\n\n\n\n<p>La iniciativa para crear el proyecto naci\u00f3 desde Ruta de la Araucan\u00eda debido a la alta siniestralidad y congesti\u00f3n que exist\u00eda en la zona. La intersecci\u00f3n entre las rutas se hab\u00eda convertido en un punto de riesgo para los usuarios debido al cruce entre los flujos que proven\u00edan de sur a norte por la Ruta 5 y los que, desde el oriente, quer\u00edan integrarse a la carretera, situaci\u00f3n que empeoraba en horarios y d\u00edas de m\u00e1s demanda.<\/p>\n\n\n\n<p>\u201cEs un cruce complicado debido a la geometr\u00eda que necesitaba la construcci\u00f3n. Este nuevo ramal de conexi\u00f3n cumple con todas las normas de seguridad para evitar accidentes y congesti\u00f3n\u201d, explic\u00f3 Carlos Y\u00e1\u00f1ez. La habilitaci\u00f3n al tr\u00e1nsito coincide con el inicio del per\u00edodo de vacaciones de verano, donde la Ruta 5 Sur aumenta su flujo y el tr\u00e1nsito normal de los vecinos se ve afectado. En relaci\u00f3n a eso, Y\u00e1\u00f1ez agreg\u00f3 que la obra busca \u201cmejorar la calidad en el traslado de los usuarios y los peatones. Es un cruce muy importante para la comuna y los vecinos\u201d.<\/p>\n\n\n\n<p>\u201cCreemos que logramos una obra muy completa. Con un nuevo dise\u00f1o geom\u00e9trico del ramal que considera una pista de incorporaci\u00f3n a la Ruta 5, Instalamos nuevas luminarias, un nuevo refugio peatonal para los buses que vienen de la zona lacustre, se construyeron cruces y v\u00edas segregadas para peatones, junto a la renovaci\u00f3n de aceras, se crearon accesos para personas con movilidad reducida y la obra conecta con la pasarela ya existente en el lugar\u201d, detall\u00f3\u00a0\u00a0Ya\u00f1ez.\u00a0<\/p>\n\n\n\n<figure class=\"wp-block-image size-large\"><img loading=\"lazy\" decoding=\"async\" width=\"1024\" height=\"576\" src=\"https:\/\/temucotelevision.cl\/web\/wp-content\/uploads\/2023\/01\/Ruta-5-Freire-1024x576.jpg\" alt=\"\" class=\"wp-image-37729\" srcset=\"https:\/\/temucotelevision.cl\/web\/wp-content\/uploads\/2023\/01\/Ruta-5-Freire-1024x576.jpg 1024w, https:\/\/temucotelevision.cl\/web\/wp-content\/uploads\/2023\/01\/Ruta-5-Freire-768x432.jpg 768w, https:\/\/temucotelevision.cl\/web\/wp-content\/uploads\/2023\/01\/Ruta-5-Freire-1536x864.jpg 1536w, https:\/\/temucotelevision.cl\/web\/wp-content\/uploads\/2023\/01\/Ruta-5-Freire-2048x1152.jpg 2048w\" sizes=\"auto, (max-width: 1024px) 100vw, 1024px\" \/><figcaption>default<\/figcaption><\/figure>\n","protected":false},"excerpt":{"rendered":"<div class=\"pvc_clear\"><\/div>\n<p id=\"pvc_stats_37727\" class=\"pvc_stats total_only  \" data-element-id=\"37727\" style=\"\"><i class=\"pvc-stats-icon large\" aria-hidden=\"true\"><svg aria-hidden=\"true\" focusable=\"false\" data-prefix=\"far\" data-icon=\"chart-bar\" role=\"img\" xmlns=\"http:\/\/www.w3.org\/2000\/svg\" viewBox=\"0 0 512 512\" class=\"svg-inline--fa fa-chart-bar fa-w-16 fa-2x\"><path fill=\"currentColor\" d=\"M396.8 352h22.4c6.4 0 12.8-6.4 12.8-12.8V108.8c0-6.4-6.4-12.8-12.8-12.8h-22.4c-6.4 0-12.8 6.4-12.8 12.8v230.4c0 6.4 6.4 12.8 12.8 12.8zm-192 0h22.4c6.4 0 12.8-6.4 12.8-12.8V140.8c0-6.4-6.4-12.8-12.8-12.8h-22.4c-6.4 0-12.8 6.4-12.8 12.8v198.4c0 6.4 6.4 12.8 12.8 12.8zm96 0h22.4c6.4 0 12.8-6.4 12.8-12.8V204.8c0-6.4-6.4-12.8-12.8-12.8h-22.4c-6.4 0-12.8 6.4-12.8 12.8v134.4c0 6.4 6.4 12.8 12.8 12.8zM496 400H48V80c0-8.84-7.16-16-16-16H16C7.16 64 0 71.16 0 80v336c0 17.67 14.33 32 32 32h464c8.84 0 16-7.16 16-16v-16c0-8.84-7.16-16-16-16zm-387.2-48h22.4c6.4 0 12.8-6.4 12.8-12.8v-70.4c0-6.4-6.4-12.8-12.8-12.8h-22.4c-6.4 0-12.8 6.4-12.8 12.8v70.4c0 6.4 6.4 12.8 12.8 12.8z\" class=\"\"><\/path><\/svg><\/i> <img loading=\"lazy\" decoding=\"async\" width=\"16\" height=\"16\" alt=\"Loading\" src=\"https:\/\/temucotelevision.cl\/web\/wp-content\/plugins\/page-views-count\/ajax-loader-2x.gif\" border=0 \/><\/p>\n<div class=\"pvc_clear\"><\/div>\n<p>Mayor seguridad y fluidez en el tr\u00e1nsito&nbsp;en las rutas, son parte de los beneficios de este nuevo Ramal de Conexi\u00f3n<\/p>\n","protected":false},"author":1,"featured_media":37728,"comment_status":"open","ping_status":"open","sticky":false,"template":"","format":"standard","meta":{"colormag_page_container_layout":"default_layout","colormag_page_sidebar_layout":"default_layout","footnotes":""},"categories":[15],"tags":[1123,1623,566,6069,695,204],"class_list":["post-37727","post","type-post","status-publish","format-standard","has-post-thumbnail","hentry","category-la-araucania","tag-conductores","tag-conectividad","tag-freire","tag-ramal","tag-ruta","tag-villarrica"],"a3_pvc":{"activated":true,"total_views":298,"today_views":0},"_links":{"self":[{"href":"https:\/\/temucotelevision.cl\/web\/wp-json\/wp\/v2\/posts\/37727","targetHints":{"allow":["GET"]}}],"collection":[{"href":"https:\/\/temucotelevision.cl\/web\/wp-json\/wp\/v2\/posts"}],"about":[{"href":"https:\/\/temucotelevision.cl\/web\/wp-json\/wp\/v2\/types\/post"}],"author":[{"embeddable":true,"href":"https:\/\/temucotelevision.cl\/web\/wp-json\/wp\/v2\/users\/1"}],"replies":[{"embeddable":true,"href":"https:\/\/temucotelevision.cl\/web\/wp-json\/wp\/v2\/comments?post=37727"}],"version-history":[{"count":1,"href":"https:\/\/temucotelevision.cl\/web\/wp-json\/wp\/v2\/posts\/37727\/revisions"}],"predecessor-version":[{"id":37730,"href":"https:\/\/temucotelevision.cl\/web\/wp-json\/wp\/v2\/posts\/37727\/revisions\/37730"}],"wp:featuredmedia":[{"embeddable":true,"href":"https:\/\/temucotelevision.cl\/web\/wp-json\/wp\/v2\/media\/37728"}],"wp:attachment":[{"href":"https:\/\/temucotelevision.cl\/web\/wp-json\/wp\/v2\/media?parent=37727"}],"wp:term":[{"taxonomy":"category","embeddable":true,"href":"https:\/\/temucotelevision.cl\/web\/wp-json\/wp\/v2\/categories?post=37727"},{"taxonomy":"post_tag","embeddable":true,"href":"https:\/\/temucotelevision.cl\/web\/wp-json\/wp\/v2\/tags?post=37727"}],"curies":[{"name":"wp","href":"https:\/\/api.w.org\/{rel}","templated":true}]}}