{"id":37724,"date":"2023-01-06T10:48:21","date_gmt":"2023-01-06T13:48:21","guid":{"rendered":"https:\/\/temucotelevision.cl\/web\/?p=37724"},"modified":"2023-01-06T10:48:22","modified_gmt":"2023-01-06T13:48:22","slug":"proyecto-tradicion-de-talladores-inaugura-la-primera-escultura-en-madera-de-la-comuna-de-loncoche","status":"publish","type":"post","link":"https:\/\/temucotelevision.cl\/web\/2023\/01\/06\/proyecto-tradicion-de-talladores-inaugura-la-primera-escultura-en-madera-de-la-comuna-de-loncoche\/","title":{"rendered":"Proyecto Tradici\u00f3n de Talladores inaugura la primera escultura en madera de la comuna de Loncoche\u00a0"},"content":{"rendered":"<div class=\"pvc_clear\"><\/div><p id=\"pvc_stats_37724\" class=\"pvc_stats total_only  \" data-element-id=\"37724\" style=\"\"><i class=\"pvc-stats-icon large\" aria-hidden=\"true\"><svg aria-hidden=\"true\" focusable=\"false\" data-prefix=\"far\" data-icon=\"chart-bar\" role=\"img\" xmlns=\"http:\/\/www.w3.org\/2000\/svg\" viewBox=\"0 0 512 512\" class=\"svg-inline--fa fa-chart-bar fa-w-16 fa-2x\"><path fill=\"currentColor\" d=\"M396.8 352h22.4c6.4 0 12.8-6.4 12.8-12.8V108.8c0-6.4-6.4-12.8-12.8-12.8h-22.4c-6.4 0-12.8 6.4-12.8 12.8v230.4c0 6.4 6.4 12.8 12.8 12.8zm-192 0h22.4c6.4 0 12.8-6.4 12.8-12.8V140.8c0-6.4-6.4-12.8-12.8-12.8h-22.4c-6.4 0-12.8 6.4-12.8 12.8v198.4c0 6.4 6.4 12.8 12.8 12.8zm96 0h22.4c6.4 0 12.8-6.4 12.8-12.8V204.8c0-6.4-6.4-12.8-12.8-12.8h-22.4c-6.4 0-12.8 6.4-12.8 12.8v134.4c0 6.4 6.4 12.8 12.8 12.8zM496 400H48V80c0-8.84-7.16-16-16-16H16C7.16 64 0 71.16 0 80v336c0 17.67 14.33 32 32 32h464c8.84 0 16-7.16 16-16v-16c0-8.84-7.16-16-16-16zm-387.2-48h22.4c6.4 0 12.8-6.4 12.8-12.8v-70.4c0-6.4-6.4-12.8-12.8-12.8h-22.4c-6.4 0-12.8 6.4-12.8 12.8v70.4c0 6.4 6.4 12.8 12.8 12.8z\" class=\"\"><\/path><\/svg><\/i> <img loading=\"lazy\" decoding=\"async\" width=\"16\" height=\"16\" alt=\"Loading\" src=\"https:\/\/temucotelevision.cl\/web\/wp-content\/plugins\/page-views-count\/ajax-loader-2x.gif\" border=0 \/><\/p><div class=\"pvc_clear\"><\/div>\n<ul class=\"wp-block-list\"><li><em>La iniciativa es financiada por el Ministerio de las Culturas, las Artes y el Patrimonio a trav\u00e9s del Fondart Regional de La Araucan\u00eda, convocatoria 2022, del gestor cultural y responsable Gabriel Salazar Araya.&nbsp;<\/em><\/li><li><em>\u201cNi\u00f1o Artesano\u201d es la obra creada por el escultor y artesano loncochense, Filem\u00f3n Gonz\u00e1lez Castillo.&nbsp;<\/em><\/li><li><em>La escultura se mantendr\u00e1 ubicada de manera permanente en la Plaza de Armas, frente a la Municipalidad de Loncoche.&nbsp;<\/em><\/li><\/ul>\n\n\n\n<p>En Loncoche se inaugur\u00f3 la Escultura en Madera \u201cNi\u00f1o Artesano\u201d, del escultor y artesano loncochense Filem\u00f3n Gonz\u00e1lez Castillo, miembro de la tercera generaci\u00f3n de artesanos de la familia Gonz\u00e1lez de esta comuna, reconocida a nivel nacional e internacional por el desarrollo del oficio en madera. Asimismo, cont\u00f3 con el apoyo de los cultores Marck Gonz\u00e1lez Castillo y Soraya Gonz\u00e1lez Gonz\u00e1lez.&nbsp;<\/p>\n\n\n\n<p>La actividad se enmarca en el cierre del proyecto \u201cTradici\u00f3n de Talladores: visibilizaci\u00f3n y puesta en valor de la artesan\u00eda en madera de Loncoche\u201d del gestor cultural y responsable Gabriel Salazar Araya, iniciativa financiada por el Ministerio de las Culturas, las Artes y el Patrimonio a trav\u00e9s del Fondart Regional de La Araucan\u00eda, convocatoria 2022. &nbsp;<\/p>\n\n\n\n<p>Con una duraci\u00f3n de nueve meses de trabajo y elaborada en laurel, \u201cNi\u00f1o Artesano\u201d corresponde a la primera Escultura P\u00fablica en Madera de la comuna de Loncoche, obra que permitir\u00e1 establecer una relaci\u00f3n entre los habitantes del territorio y el oficio de la artesan\u00eda local. &nbsp;<\/p>\n\n\n\n<p>En palabras de Gabriel Salazar Araya: \u201cNi\u00f1o Artesano, es un homenaje al oficio de los artesanos locales y un esfuerzo por visibilizar y difundir una tradici\u00f3n propia del territorio. Filem\u00f3n, miembro de la conocida familia Gonz\u00e1lez, es quien merece llevarse el reconocimiento por su magn\u00edfico trabajo, una obra que esperamos la comunidad sepa apreciar y cuidar\u201d.&nbsp;<\/p>\n\n\n\n<p>La seremi de las Culturas, Jeannette Paillan, felicit\u00f3 el trabajo cultural que se est\u00e1 realizando tanto desde la Municipalidad,&nbsp;a trav\u00e9s de su Unidad de Cultura, como la labor que surge de los propios artistas y gestores. \u201cEsta iniciativa es muy relevante porque aporta al posicionamiento de un quehacer muy propio de la comuna, revitalizando el patrimonio cultural y&nbsp;fortaleciendo la identidad local. El proyecto Tradici\u00f3n de Talladores: visibilizaci\u00f3n y puesta en valor de la artesan\u00eda en madera de Loncoche est\u00e1 muy en sinton\u00eda con los lineamientos del Gobierno del presidente Gabriel Boric que busca poner en valor y promover la cultura que nace en cada territorio con sus caracter\u00edsticas y particularidades\u201d. &nbsp;<\/p>\n\n\n\n<p>La Escultura se encuentra instalada de manera permanente en la Plaza de Armas, frente a la Municipalidad de Loncoche.&nbsp;<\/p>\n","protected":false},"excerpt":{"rendered":"<div class=\"pvc_clear\"><\/div>\n<p id=\"pvc_stats_37724\" class=\"pvc_stats total_only  \" data-element-id=\"37724\" style=\"\"><i class=\"pvc-stats-icon large\" aria-hidden=\"true\"><svg aria-hidden=\"true\" focusable=\"false\" data-prefix=\"far\" data-icon=\"chart-bar\" role=\"img\" xmlns=\"http:\/\/www.w3.org\/2000\/svg\" viewBox=\"0 0 512 512\" class=\"svg-inline--fa fa-chart-bar fa-w-16 fa-2x\"><path fill=\"currentColor\" d=\"M396.8 352h22.4c6.4 0 12.8-6.4 12.8-12.8V108.8c0-6.4-6.4-12.8-12.8-12.8h-22.4c-6.4 0-12.8 6.4-12.8 12.8v230.4c0 6.4 6.4 12.8 12.8 12.8zm-192 0h22.4c6.4 0 12.8-6.4 12.8-12.8V140.8c0-6.4-6.4-12.8-12.8-12.8h-22.4c-6.4 0-12.8 6.4-12.8 12.8v198.4c0 6.4 6.4 12.8 12.8 12.8zm96 0h22.4c6.4 0 12.8-6.4 12.8-12.8V204.8c0-6.4-6.4-12.8-12.8-12.8h-22.4c-6.4 0-12.8 6.4-12.8 12.8v134.4c0 6.4 6.4 12.8 12.8 12.8zM496 400H48V80c0-8.84-7.16-16-16-16H16C7.16 64 0 71.16 0 80v336c0 17.67 14.33 32 32 32h464c8.84 0 16-7.16 16-16v-16c0-8.84-7.16-16-16-16zm-387.2-48h22.4c6.4 0 12.8-6.4 12.8-12.8v-70.4c0-6.4-6.4-12.8-12.8-12.8h-22.4c-6.4 0-12.8 6.4-12.8 12.8v70.4c0 6.4 6.4 12.8 12.8 12.8z\" class=\"\"><\/path><\/svg><\/i> <img loading=\"lazy\" decoding=\"async\" width=\"16\" height=\"16\" alt=\"Loading\" src=\"https:\/\/temucotelevision.cl\/web\/wp-content\/plugins\/page-views-count\/ajax-loader-2x.gif\" border=0 \/><\/p>\n<div class=\"pvc_clear\"><\/div>\n<p>La iniciativa es financiada por el Ministerio de las Culturas, las Artes y el Patrimonio a trav\u00e9s del Fondart Regional<\/p>\n","protected":false},"author":1,"featured_media":37725,"comment_status":"open","ping_status":"open","sticky":false,"template":"","format":"standard","meta":{"colormag_page_container_layout":"default_layout","colormag_page_sidebar_layout":"default_layout","footnotes":""},"categories":[14],"tags":[925,155,6068],"class_list":["post-37724","post","type-post","status-publish","format-standard","has-post-thumbnail","hentry","category-temuco","tag-obra","tag-proyecto","tag-talladores"],"a3_pvc":{"activated":true,"total_views":271,"today_views":1},"_links":{"self":[{"href":"https:\/\/temucotelevision.cl\/web\/wp-json\/wp\/v2\/posts\/37724","targetHints":{"allow":["GET"]}}],"collection":[{"href":"https:\/\/temucotelevision.cl\/web\/wp-json\/wp\/v2\/posts"}],"about":[{"href":"https:\/\/temucotelevision.cl\/web\/wp-json\/wp\/v2\/types\/post"}],"author":[{"embeddable":true,"href":"https:\/\/temucotelevision.cl\/web\/wp-json\/wp\/v2\/users\/1"}],"replies":[{"embeddable":true,"href":"https:\/\/temucotelevision.cl\/web\/wp-json\/wp\/v2\/comments?post=37724"}],"version-history":[{"count":1,"href":"https:\/\/temucotelevision.cl\/web\/wp-json\/wp\/v2\/posts\/37724\/revisions"}],"predecessor-version":[{"id":37726,"href":"https:\/\/temucotelevision.cl\/web\/wp-json\/wp\/v2\/posts\/37724\/revisions\/37726"}],"wp:featuredmedia":[{"embeddable":true,"href":"https:\/\/temucotelevision.cl\/web\/wp-json\/wp\/v2\/media\/37725"}],"wp:attachment":[{"href":"https:\/\/temucotelevision.cl\/web\/wp-json\/wp\/v2\/media?parent=37724"}],"wp:term":[{"taxonomy":"category","embeddable":true,"href":"https:\/\/temucotelevision.cl\/web\/wp-json\/wp\/v2\/categories?post=37724"},{"taxonomy":"post_tag","embeddable":true,"href":"https:\/\/temucotelevision.cl\/web\/wp-json\/wp\/v2\/tags?post=37724"}],"curies":[{"name":"wp","href":"https:\/\/api.w.org\/{rel}","templated":true}]}}