{"id":37720,"date":"2023-01-05T16:22:15","date_gmt":"2023-01-05T19:22:15","guid":{"rendered":"https:\/\/temucotelevision.cl\/web\/?p=37720"},"modified":"2023-01-06T10:30:44","modified_gmt":"2023-01-06T13:30:44","slug":"caso-luchsinger-mackay-corte-suprema-anula-resolucion-que-ordeno-tramitar-libertad-condicional-de-condenado","status":"publish","type":"post","link":"https:\/\/temucotelevision.cl\/web\/2023\/01\/05\/caso-luchsinger-mackay-corte-suprema-anula-resolucion-que-ordeno-tramitar-libertad-condicional-de-condenado\/","title":{"rendered":"Caso Luchsinger Mackay: Corte Suprema anula resoluci\u00f3n que orden\u00f3 tramitar libertad condicional de condenado"},"content":{"rendered":"<div class=\"pvc_clear\"><\/div><p id=\"pvc_stats_37720\" class=\"pvc_stats total_only  \" data-element-id=\"37720\" style=\"\"><i class=\"pvc-stats-icon large\" aria-hidden=\"true\"><svg aria-hidden=\"true\" focusable=\"false\" data-prefix=\"far\" data-icon=\"chart-bar\" role=\"img\" xmlns=\"http:\/\/www.w3.org\/2000\/svg\" viewBox=\"0 0 512 512\" class=\"svg-inline--fa fa-chart-bar fa-w-16 fa-2x\"><path fill=\"currentColor\" d=\"M396.8 352h22.4c6.4 0 12.8-6.4 12.8-12.8V108.8c0-6.4-6.4-12.8-12.8-12.8h-22.4c-6.4 0-12.8 6.4-12.8 12.8v230.4c0 6.4 6.4 12.8 12.8 12.8zm-192 0h22.4c6.4 0 12.8-6.4 12.8-12.8V140.8c0-6.4-6.4-12.8-12.8-12.8h-22.4c-6.4 0-12.8 6.4-12.8 12.8v198.4c0 6.4 6.4 12.8 12.8 12.8zm96 0h22.4c6.4 0 12.8-6.4 12.8-12.8V204.8c0-6.4-6.4-12.8-12.8-12.8h-22.4c-6.4 0-12.8 6.4-12.8 12.8v134.4c0 6.4 6.4 12.8 12.8 12.8zM496 400H48V80c0-8.84-7.16-16-16-16H16C7.16 64 0 71.16 0 80v336c0 17.67 14.33 32 32 32h464c8.84 0 16-7.16 16-16v-16c0-8.84-7.16-16-16-16zm-387.2-48h22.4c6.4 0 12.8-6.4 12.8-12.8v-70.4c0-6.4-6.4-12.8-12.8-12.8h-22.4c-6.4 0-12.8 6.4-12.8 12.8v70.4c0 6.4 6.4 12.8 12.8 12.8z\" class=\"\"><\/path><\/svg><\/i> <img loading=\"lazy\" decoding=\"async\" width=\"16\" height=\"16\" alt=\"Loading\" src=\"https:\/\/temucotelevision.cl\/web\/wp-content\/plugins\/page-views-count\/ajax-loader-2x.gif\" border=0 \/><\/p><div class=\"pvc_clear\"><\/div>\n<p>&#8220;(&#8230;) se revoca la sentencia apelada de quince de diciembre de dos mil veintid\u00f3s, dictada por la Corte de Apelaciones de Temuco, se declara que se rechaza el recurso de amparo interpuesto a favor de Jos\u00e9 Sergio Tralcal Coche\u201d.<\/p>\n\n\n\n<p>La Corte Suprema revoc\u00f3 hoy \u2013jueves 5 de enero\u2013 la resoluci\u00f3n de la Corte de Apelaciones de Temuco que orden\u00f3 tramitar la libertad condicional de Jos\u00e9 Sergio Tralcal Coche, quien cumple condena de 18 a\u00f1os de presidio, como autor del delito consumado de incendio con resultado de muerte del matrimonio conformado por Werner Luchsinger Lemp y Vivian Mackay Gonz\u00e1lez. Il\u00edcito perpetrado en el fundo Granja Lumahue, de la comuna de Vilc\u00fan, en enero de 2013.<\/p>\n\n\n\n<p>En fallo un\u00e1nime, la Segunda Sala del m\u00e1ximo tribunal \u2013integrada por los ministros y ministras Haroldo Brito, Manuel Antonio Valderrama, Leopoldo Llanos, Mar\u00eda Teresa Letelier y Eliana Quezada\u2013 descart\u00f3 actuar arbitrario de la Comisi\u00f3n de Libertad Condicional de la Corte de Apelaciones de Temuco que deneg\u00f3 la solicitud del condenado, por no cumplir con los requisitos para acceder al beneficio.<\/p>\n\n\n\n<p><br>\u201cQue del m\u00e9rito de los informes allegados, especialmente en cuanto se\u00f1ala una deficiente capacidad de resoluci\u00f3n de conflictos y habilidades de autocontrol, encontr\u00e1ndose en proceso de resignificaci\u00f3n de patrones racionalizadores cognitivos de elaboraci\u00f3n del delito y funcionamiento impulsivo, justificado en base a elementos culturales, dando cuenta de actitud y orientaci\u00f3n procriminal con tendencia a favor del delito, por no reconocer participaci\u00f3n en los hechos\u201d, sostiene el fallo.<\/p>\n\n\n\n<p>La resoluci\u00f3n agrega: \u201cQue seg\u00fan el informe de la Comisi\u00f3n respectiva, su decisi\u00f3n un\u00e1nime se funda, entre otras, en que \u2018\u2026 en el caso concreto, y respecto del art\u00edculo 2 N\u00b0 1 y N\u00b0 3 de la normativa indicada, el informe de postulaci\u00f3n psicosocial de Gendarmer\u00eda da cuenta de factores de riesgo de reincidencia del condenado, que no permiten demostrar, a la \u00e9poca de postulaci\u00f3n, una adecuada reinserci\u00f3n en la sociedad. En efecto, seg\u00fan el informe de psicopat\u00eda \u2018Har\u00e9 SV\u2019, el amparo presenta caracter\u00edsticas de personalidad con potencial criminol\u00f3gico y deficiente resoluci\u00f3n de conflictos\/habilidades de autocontrol\u201d.<\/p>\n\n\n\n<p>Para el m\u00e1ximo tribunal: \u201c(\u2026) en tales condiciones, la decisi\u00f3n ha sido pronunciada por organismo competente, ejerciendo sus facultades legales y esta ha sido fundada, por lo que solo cabe desestimar el amparo impetrado en estos autos\u201d.<\/p>\n\n\n\n<p>Por tanto, se resuelve que: \u201c<strong>se revoca<\/strong> la sentencia apelada de quince de diciembre de dos mil veintid\u00f3s, dictada por la Corte de Apelaciones de Temuco, en el Ingreso Corte N\u00b0 <a href=\"tel:303-2022\">303-2022<\/a> y, en su lugar, se declara que <strong>se rechaza<\/strong> el recurso de amparo interpuesto a favor de Jos\u00e9 Sergio Tralcal Coche\u201d.<\/p>\n","protected":false},"excerpt":{"rendered":"<div class=\"pvc_clear\"><\/div>\n<p id=\"pvc_stats_37720\" class=\"pvc_stats total_only  \" data-element-id=\"37720\" style=\"\"><i class=\"pvc-stats-icon large\" aria-hidden=\"true\"><svg aria-hidden=\"true\" focusable=\"false\" data-prefix=\"far\" data-icon=\"chart-bar\" role=\"img\" xmlns=\"http:\/\/www.w3.org\/2000\/svg\" viewBox=\"0 0 512 512\" class=\"svg-inline--fa fa-chart-bar fa-w-16 fa-2x\"><path fill=\"currentColor\" d=\"M396.8 352h22.4c6.4 0 12.8-6.4 12.8-12.8V108.8c0-6.4-6.4-12.8-12.8-12.8h-22.4c-6.4 0-12.8 6.4-12.8 12.8v230.4c0 6.4 6.4 12.8 12.8 12.8zm-192 0h22.4c6.4 0 12.8-6.4 12.8-12.8V140.8c0-6.4-6.4-12.8-12.8-12.8h-22.4c-6.4 0-12.8 6.4-12.8 12.8v198.4c0 6.4 6.4 12.8 12.8 12.8zm96 0h22.4c6.4 0 12.8-6.4 12.8-12.8V204.8c0-6.4-6.4-12.8-12.8-12.8h-22.4c-6.4 0-12.8 6.4-12.8 12.8v134.4c0 6.4 6.4 12.8 12.8 12.8zM496 400H48V80c0-8.84-7.16-16-16-16H16C7.16 64 0 71.16 0 80v336c0 17.67 14.33 32 32 32h464c8.84 0 16-7.16 16-16v-16c0-8.84-7.16-16-16-16zm-387.2-48h22.4c6.4 0 12.8-6.4 12.8-12.8v-70.4c0-6.4-6.4-12.8-12.8-12.8h-22.4c-6.4 0-12.8 6.4-12.8 12.8v70.4c0 6.4 6.4 12.8 12.8 12.8z\" class=\"\"><\/path><\/svg><\/i> <img loading=\"lazy\" decoding=\"async\" width=\"16\" height=\"16\" alt=\"Loading\" src=\"https:\/\/temucotelevision.cl\/web\/wp-content\/plugins\/page-views-count\/ajax-loader-2x.gif\" border=0 \/><\/p>\n<div class=\"pvc_clear\"><\/div>\n<p>&#8220;(&#8230;) se revoca la sentencia apelada de quince de diciembre de dos mil veintid\u00f3s, dictada por la Corte de Apelaciones<\/p>\n","protected":false},"author":1,"featured_media":15643,"comment_status":"open","ping_status":"open","sticky":false,"template":"","format":"standard","meta":{"colormag_page_container_layout":"default_layout","colormag_page_sidebar_layout":"default_layout","footnotes":""},"categories":[15],"tags":[412,220,717],"class_list":["post-37720","post","type-post","status-publish","format-standard","has-post-thumbnail","hentry","category-la-araucania","tag-caso","tag-libertad","tag-luchsinger"],"a3_pvc":{"activated":true,"total_views":65,"today_views":0},"_links":{"self":[{"href":"https:\/\/temucotelevision.cl\/web\/wp-json\/wp\/v2\/posts\/37720","targetHints":{"allow":["GET"]}}],"collection":[{"href":"https:\/\/temucotelevision.cl\/web\/wp-json\/wp\/v2\/posts"}],"about":[{"href":"https:\/\/temucotelevision.cl\/web\/wp-json\/wp\/v2\/types\/post"}],"author":[{"embeddable":true,"href":"https:\/\/temucotelevision.cl\/web\/wp-json\/wp\/v2\/users\/1"}],"replies":[{"embeddable":true,"href":"https:\/\/temucotelevision.cl\/web\/wp-json\/wp\/v2\/comments?post=37720"}],"version-history":[{"count":2,"href":"https:\/\/temucotelevision.cl\/web\/wp-json\/wp\/v2\/posts\/37720\/revisions"}],"predecessor-version":[{"id":37723,"href":"https:\/\/temucotelevision.cl\/web\/wp-json\/wp\/v2\/posts\/37720\/revisions\/37723"}],"wp:featuredmedia":[{"embeddable":true,"href":"https:\/\/temucotelevision.cl\/web\/wp-json\/wp\/v2\/media\/15643"}],"wp:attachment":[{"href":"https:\/\/temucotelevision.cl\/web\/wp-json\/wp\/v2\/media?parent=37720"}],"wp:term":[{"taxonomy":"category","embeddable":true,"href":"https:\/\/temucotelevision.cl\/web\/wp-json\/wp\/v2\/categories?post=37720"},{"taxonomy":"post_tag","embeddable":true,"href":"https:\/\/temucotelevision.cl\/web\/wp-json\/wp\/v2\/tags?post=37720"}],"curies":[{"name":"wp","href":"https:\/\/api.w.org\/{rel}","templated":true}]}}