{"id":37714,"date":"2023-01-05T14:24:09","date_gmt":"2023-01-05T17:24:09","guid":{"rendered":"https:\/\/temucotelevision.cl\/web\/?p=37714"},"modified":"2023-01-05T14:24:11","modified_gmt":"2023-01-05T17:24:11","slug":"congreso-lidera-cartel-de-piedrandina-2023-y-anuncian-artistas-por-dia","status":"publish","type":"post","link":"https:\/\/temucotelevision.cl\/web\/2023\/01\/05\/congreso-lidera-cartel-de-piedrandina-2023-y-anuncian-artistas-por-dia\/","title":{"rendered":"Congreso lidera cartel de Piedrandina 2023 y anuncian artistas por d\u00eda"},"content":{"rendered":"<div class=\"pvc_clear\"><\/div><p id=\"pvc_stats_37714\" class=\"pvc_stats total_only  \" data-element-id=\"37714\" style=\"\"><i class=\"pvc-stats-icon large\" aria-hidden=\"true\"><svg aria-hidden=\"true\" focusable=\"false\" data-prefix=\"far\" data-icon=\"chart-bar\" role=\"img\" xmlns=\"http:\/\/www.w3.org\/2000\/svg\" viewBox=\"0 0 512 512\" class=\"svg-inline--fa fa-chart-bar fa-w-16 fa-2x\"><path fill=\"currentColor\" d=\"M396.8 352h22.4c6.4 0 12.8-6.4 12.8-12.8V108.8c0-6.4-6.4-12.8-12.8-12.8h-22.4c-6.4 0-12.8 6.4-12.8 12.8v230.4c0 6.4 6.4 12.8 12.8 12.8zm-192 0h22.4c6.4 0 12.8-6.4 12.8-12.8V140.8c0-6.4-6.4-12.8-12.8-12.8h-22.4c-6.4 0-12.8 6.4-12.8 12.8v198.4c0 6.4 6.4 12.8 12.8 12.8zm96 0h22.4c6.4 0 12.8-6.4 12.8-12.8V204.8c0-6.4-6.4-12.8-12.8-12.8h-22.4c-6.4 0-12.8 6.4-12.8 12.8v134.4c0 6.4 6.4 12.8 12.8 12.8zM496 400H48V80c0-8.84-7.16-16-16-16H16C7.16 64 0 71.16 0 80v336c0 17.67 14.33 32 32 32h464c8.84 0 16-7.16 16-16v-16c0-8.84-7.16-16-16-16zm-387.2-48h22.4c6.4 0 12.8-6.4 12.8-12.8v-70.4c0-6.4-6.4-12.8-12.8-12.8h-22.4c-6.4 0-12.8 6.4-12.8 12.8v70.4c0 6.4 6.4 12.8 12.8 12.8z\" class=\"\"><\/path><\/svg><\/i> <img loading=\"lazy\" decoding=\"async\" width=\"16\" height=\"16\" alt=\"Loading\" src=\"https:\/\/temucotelevision.cl\/web\/wp-content\/plugins\/page-views-count\/ajax-loader-2x.gif\" border=0 \/><\/p><div class=\"pvc_clear\"><\/div>\n<p class=\"has-medium-font-size\"><strong>La tercera versi\u00f3n se realizar\u00e1 el s\u00e1bado 21 y domingo 22 de enero y cuenta con la participaci\u00f3n de las bandas Friolento, Ceaese,\u00a0Cata Efusiva\u00a0y\u00a0m\u00e1s en Parque Estaci\u00f3n de Puerto Varas<\/strong>.<\/p>\n\n\n\n<p>Este&nbsp;<strong>21 y 22 de enero<\/strong>&nbsp;en&nbsp;<strong>Parque Estaci\u00f3n<\/strong>&nbsp;de&nbsp;<strong>Puerto Varas<\/strong>, la familia se reunir\u00e1 para celebrar una nueva edici\u00f3n del evento masivo \u00fanico en el sur de Chile,&nbsp;<strong>Piedrandina<\/strong>, con una parrilla de artistas imperdibles en el epicentro de las&nbsp;<strong>vacaciones 2023<\/strong>.<\/p>\n\n\n\n<p>Al cartel encabezado por los ya confirmados&nbsp;<strong>Friolento<\/strong><strong>,<\/strong><strong>Vero Soffia<\/strong>,&nbsp;<strong>Gonz\u00e1lez y Los Asistentes<\/strong>,&nbsp;<strong>Malicia<\/strong>,&nbsp;<strong>Ceaese<\/strong>,&nbsp;<strong>Cata Efusiva<\/strong>,&nbsp;<strong>Kinmakir\u00fa<\/strong>, entre otros destacados artistas (ver m\u00e1s abajo),&nbsp;se suma la important\u00edsima incorporaci\u00f3n de la leyenda \u00edcono de la m\u00fasica fusi\u00f3n,&nbsp;<strong>Congreso<\/strong>, presentando su nuevo \u00e1lbum &#8220;<strong>Luz de Flash<\/strong>&#8221; (2022, Sony Music) junto a los cl\u00e1sicos forjados en medio siglo de historia musical.<\/p>\n\n\n\n<p>Ser\u00e1n dos escenarios en un festival inclusivo de artes integradas con cerca de&nbsp;<strong>30 actos musicales provenientes de todo el Chile, Per\u00fa y Argentina<\/strong>; gastronom\u00eda t\u00edpica de la zona, emprendimientos, turismo y mucho m\u00e1s en uno de los parques representativos de la&nbsp;<strong>Regi\u00f3n de Los Lagos<\/strong>.<\/p>\n\n\n\n<p><strong>CONGRESO<\/strong><br>Fundado en Quilpu\u00e9 (1969) por&nbsp;<strong>Sergio &#8220;Tilo&#8221; Gonz\u00e1lez y Francisco &#8220;Pancho&#8221; Sazo<\/strong>, la banda cuenta con una nutrida y respetable discograf\u00eda de&nbsp;<strong>18 \u00e1lbumes oficiales<\/strong>&nbsp;y grandes canciones de renombres internacional, entre las que figuran &#8216;<strong>El Cielito De Mi Pieza<\/strong>&#8216;, &#8216;<strong>Hijo Del Sol luminoso<\/strong>&#8216;, &#8216;<strong>La Plaza De Los Sue\u00f1os<\/strong>&#8216;&nbsp;o &#8216;<strong>En Todas Las Esquinas<\/strong>&#8216;, ampliamente aplaudidos por el rescate de elementos del&nbsp;<strong>rock progresivo<\/strong>,&nbsp;<strong>land\u00f3<\/strong>,&nbsp;<strong>jazz<\/strong>,&nbsp;<strong>habaneras<\/strong>,&nbsp;<strong>trote<\/strong><strong>&nbsp;y ritmos folcl\u00f3ricos&nbsp;populares<\/strong>.<\/p>\n\n\n\n<p><strong>PIEDRANDINA<\/strong><br>Impulsado por&nbsp;<strong>Fundaci\u00f3n Piedrandina<\/strong>, junto al apoyo de diversos agentes culturales, la presente entrega dar\u00e1 un verano inolvidable&nbsp;al ritmo de la m\u00fasica independiente, enfocado en el talento local,&nbsp;potenciando el desarrollo de la escena art\u00edstica del pa\u00eds y sus vecinos latinoamericanos.<\/p>\n\n\n\n<p>El festival propone un trabajo colaborativo en asociatividad art\u00edstico cultural con la ciudad de&nbsp;<strong>Puerto Varas<\/strong>, fomentando la promoci\u00f3n, apoyo y difusi\u00f3n del arte, las culturas,&nbsp;el patrimonio, los cultores nacionales y la hermandad sudamericana.<\/p>\n\n\n\n<p>Tal como en sus versiones anteriores, la instancia se presenta como un espacio para impulsar el desarrollo profesional, brindar espacios, y generar v\u00ednculos art\u00edsticos con la econom\u00eda local.<\/p>\n\n\n\n<p class=\"has-medium-font-size\"><strong>Festival Piedrandina 2023<br>S\u00e1bado 21 y domingo 22 de enero desde el mediod\u00eda<br>Parque Estaci\u00f3n Puerto Varas<br>Entradas desde los $20.000 + cargo x servicio v\u00eda\u00a0<a rel=\"noreferrer noopener\" href=\"https:\/\/www.portaldisc.com\/evento\/festival-piedrandina-2023\" target=\"_blank\">PortalTickets<\/a><br>Ni\u00f1as y ni\u00f1os hasta 12 a\u00f1os entrada liberada<\/strong><\/p>\n\n\n\n<figure class=\"wp-block-image size-large is-resized\"><img loading=\"lazy\" decoding=\"async\" src=\"https:\/\/temucotelevision.cl\/web\/wp-content\/uploads\/2023\/01\/image-819x1024.png\" alt=\"\" class=\"wp-image-37717\" width=\"711\" height=\"889\" srcset=\"https:\/\/temucotelevision.cl\/web\/wp-content\/uploads\/2023\/01\/image-819x1024.png 819w, https:\/\/temucotelevision.cl\/web\/wp-content\/uploads\/2023\/01\/image-768x960.png 768w, https:\/\/temucotelevision.cl\/web\/wp-content\/uploads\/2023\/01\/image.png 1024w\" sizes=\"auto, (max-width: 711px) 100vw, 711px\" \/><\/figure>\n","protected":false},"excerpt":{"rendered":"<div class=\"pvc_clear\"><\/div>\n<p id=\"pvc_stats_37714\" class=\"pvc_stats total_only  \" data-element-id=\"37714\" style=\"\"><i class=\"pvc-stats-icon large\" aria-hidden=\"true\"><svg aria-hidden=\"true\" focusable=\"false\" data-prefix=\"far\" data-icon=\"chart-bar\" role=\"img\" xmlns=\"http:\/\/www.w3.org\/2000\/svg\" viewBox=\"0 0 512 512\" class=\"svg-inline--fa fa-chart-bar fa-w-16 fa-2x\"><path fill=\"currentColor\" d=\"M396.8 352h22.4c6.4 0 12.8-6.4 12.8-12.8V108.8c0-6.4-6.4-12.8-12.8-12.8h-22.4c-6.4 0-12.8 6.4-12.8 12.8v230.4c0 6.4 6.4 12.8 12.8 12.8zm-192 0h22.4c6.4 0 12.8-6.4 12.8-12.8V140.8c0-6.4-6.4-12.8-12.8-12.8h-22.4c-6.4 0-12.8 6.4-12.8 12.8v198.4c0 6.4 6.4 12.8 12.8 12.8zm96 0h22.4c6.4 0 12.8-6.4 12.8-12.8V204.8c0-6.4-6.4-12.8-12.8-12.8h-22.4c-6.4 0-12.8 6.4-12.8 12.8v134.4c0 6.4 6.4 12.8 12.8 12.8zM496 400H48V80c0-8.84-7.16-16-16-16H16C7.16 64 0 71.16 0 80v336c0 17.67 14.33 32 32 32h464c8.84 0 16-7.16 16-16v-16c0-8.84-7.16-16-16-16zm-387.2-48h22.4c6.4 0 12.8-6.4 12.8-12.8v-70.4c0-6.4-6.4-12.8-12.8-12.8h-22.4c-6.4 0-12.8 6.4-12.8 12.8v70.4c0 6.4 6.4 12.8 12.8 12.8z\" class=\"\"><\/path><\/svg><\/i> <img loading=\"lazy\" decoding=\"async\" width=\"16\" height=\"16\" alt=\"Loading\" src=\"https:\/\/temucotelevision.cl\/web\/wp-content\/plugins\/page-views-count\/ajax-loader-2x.gif\" border=0 \/><\/p>\n<div class=\"pvc_clear\"><\/div>\n<p>La tercera versi\u00f3n se realizar\u00e1 el s\u00e1bado 21 y domingo 22 de enero y cuenta con la participaci\u00f3n de las<\/p>\n","protected":false},"author":1,"featured_media":37715,"comment_status":"open","ping_status":"open","sticky":false,"template":"","format":"standard","meta":{"colormag_page_container_layout":"default_layout","colormag_page_sidebar_layout":"default_layout","footnotes":""},"categories":[369],"tags":[],"class_list":["post-37714","post","type-post","status-publish","format-standard","has-post-thumbnail","hentry","category-musica"],"a3_pvc":{"activated":true,"total_views":92,"today_views":0},"_links":{"self":[{"href":"https:\/\/temucotelevision.cl\/web\/wp-json\/wp\/v2\/posts\/37714","targetHints":{"allow":["GET"]}}],"collection":[{"href":"https:\/\/temucotelevision.cl\/web\/wp-json\/wp\/v2\/posts"}],"about":[{"href":"https:\/\/temucotelevision.cl\/web\/wp-json\/wp\/v2\/types\/post"}],"author":[{"embeddable":true,"href":"https:\/\/temucotelevision.cl\/web\/wp-json\/wp\/v2\/users\/1"}],"replies":[{"embeddable":true,"href":"https:\/\/temucotelevision.cl\/web\/wp-json\/wp\/v2\/comments?post=37714"}],"version-history":[{"count":3,"href":"https:\/\/temucotelevision.cl\/web\/wp-json\/wp\/v2\/posts\/37714\/revisions"}],"predecessor-version":[{"id":37719,"href":"https:\/\/temucotelevision.cl\/web\/wp-json\/wp\/v2\/posts\/37714\/revisions\/37719"}],"wp:featuredmedia":[{"embeddable":true,"href":"https:\/\/temucotelevision.cl\/web\/wp-json\/wp\/v2\/media\/37715"}],"wp:attachment":[{"href":"https:\/\/temucotelevision.cl\/web\/wp-json\/wp\/v2\/media?parent=37714"}],"wp:term":[{"taxonomy":"category","embeddable":true,"href":"https:\/\/temucotelevision.cl\/web\/wp-json\/wp\/v2\/categories?post=37714"},{"taxonomy":"post_tag","embeddable":true,"href":"https:\/\/temucotelevision.cl\/web\/wp-json\/wp\/v2\/tags?post=37714"}],"curies":[{"name":"wp","href":"https:\/\/api.w.org\/{rel}","templated":true}]}}