{"id":37712,"date":"2023-01-04T21:33:08","date_gmt":"2023-01-05T00:33:08","guid":{"rendered":"https:\/\/temucotelevision.cl\/web\/?p=37712"},"modified":"2023-01-04T21:33:09","modified_gmt":"2023-01-05T00:33:09","slug":"balance-2022-diputado-henry-leal-fue-el-que-mas-proyectos-de-ley-presento-entre-todos-los-parlamentarios-de-la-region-de-la-araucania","status":"publish","type":"post","link":"https:\/\/temucotelevision.cl\/web\/2023\/01\/04\/balance-2022-diputado-henry-leal-fue-el-que-mas-proyectos-de-ley-presento-entre-todos-los-parlamentarios-de-la-region-de-la-araucania\/","title":{"rendered":"Balance 2022: Diputado Henry Leal fue el que m\u00e1s proyectos de ley present\u00f3 entre todos los parlamentarios de la Regi\u00f3n de La Araucan\u00eda"},"content":{"rendered":"<div class=\"pvc_clear\"><\/div><p id=\"pvc_stats_37712\" class=\"pvc_stats total_only  \" data-element-id=\"37712\" style=\"\"><i class=\"pvc-stats-icon large\" aria-hidden=\"true\"><svg aria-hidden=\"true\" focusable=\"false\" data-prefix=\"far\" data-icon=\"chart-bar\" role=\"img\" xmlns=\"http:\/\/www.w3.org\/2000\/svg\" viewBox=\"0 0 512 512\" class=\"svg-inline--fa fa-chart-bar fa-w-16 fa-2x\"><path fill=\"currentColor\" d=\"M396.8 352h22.4c6.4 0 12.8-6.4 12.8-12.8V108.8c0-6.4-6.4-12.8-12.8-12.8h-22.4c-6.4 0-12.8 6.4-12.8 12.8v230.4c0 6.4 6.4 12.8 12.8 12.8zm-192 0h22.4c6.4 0 12.8-6.4 12.8-12.8V140.8c0-6.4-6.4-12.8-12.8-12.8h-22.4c-6.4 0-12.8 6.4-12.8 12.8v198.4c0 6.4 6.4 12.8 12.8 12.8zm96 0h22.4c6.4 0 12.8-6.4 12.8-12.8V204.8c0-6.4-6.4-12.8-12.8-12.8h-22.4c-6.4 0-12.8 6.4-12.8 12.8v134.4c0 6.4 6.4 12.8 12.8 12.8zM496 400H48V80c0-8.84-7.16-16-16-16H16C7.16 64 0 71.16 0 80v336c0 17.67 14.33 32 32 32h464c8.84 0 16-7.16 16-16v-16c0-8.84-7.16-16-16-16zm-387.2-48h22.4c6.4 0 12.8-6.4 12.8-12.8v-70.4c0-6.4-6.4-12.8-12.8-12.8h-22.4c-6.4 0-12.8 6.4-12.8 12.8v70.4c0 6.4 6.4 12.8 12.8 12.8z\" class=\"\"><\/path><\/svg><\/i> <img loading=\"lazy\" decoding=\"async\" width=\"16\" height=\"16\" alt=\"Loading\" src=\"https:\/\/temucotelevision.cl\/web\/wp-content\/plugins\/page-views-count\/ajax-loader-2x.gif\" border=0 \/><\/p><div class=\"pvc_clear\"><\/div>\n<p><em>El representante del Distrito 23 lider\u00f3 en materia de mociones legislativas, adem\u00e1s de registrar una asistencia del 100% y figurar entre los que m\u00e1s oficios de fiscalizaci\u00f3n solicit\u00f3.<\/em>&nbsp;<\/p>\n\n\n\n<p>El diputado por el Distrito 23, Henry Leal (UDI), culmin\u00f3 el primer a\u00f1o legislativo como el parlamentario que present\u00f3 la mayor cantidad de proyectos de ley entre todos sus pares de la Regi\u00f3n de La Araucan\u00eda, destac\u00e1ndose adem\u00e1s por registrar una asistencia perfecta del 100% y tambi\u00e9n por ser uno de los legisladores que m\u00e1s oficios de fiscalizaci\u00f3n solicit\u00f3 durante el 2022.<\/p>\n\n\n\n<p>Al respecto, y tras finalizar el primer a\u00f1o calendario en el Congreso Nacional, tomando en cuenta que esta semana es considerada como distrital y que los parlamentarios retomar\u00e1n sus funciones legislativas el pr\u00f3ximo 3 de enero, el balance final da cuenta de que Leal present\u00f3 un total de 40 proyectos de ley desde el 11 de marzo a la fecha, superando en el Distrito 23 a los diputados Miguel Mellado (33), Andr\u00e9s Jouannet (30), Mauricio Ojeda (25), Miguel \u00c1ngel Becker (24), Stephan Schubert (23) y Ericka \u00d1anco (7), aventajando tambi\u00e9n a los parlamentarios del Distrito 22: Juan Carlos Beltr\u00e1n (28), Gloria Naveillan (23), Jorge Rathgeb (14) y Jorge Saffirio (10).<\/p>\n\n\n\n<p>\u201cEstamos finalizando el primer a\u00f1o legislativo de manera bastante positiva, porque hemos logrado presentar distintos proyectos de ley enfocados en las principales urgencias que tienen los chilenos y los habitantes de La Araucan\u00eda, como es la protecci\u00f3n de las familias, otorgarle mayores facultades a los funcionarios policiales, enfrentar la delincuencia y el terrorismo con nuevas herramientas y buscar soluciones a la crisis econ\u00f3mica que enfrentamos\u201d, sostuvo el diputado Leal, quien present\u00f3 distintas iniciativas como la Ley Nain 2.0 -que aumenta las penas contra quienes agredan a funcionarios de Carabineros, PDI o Gendarmer\u00eda-, la rebaja al Impuesto Espec\u00edfico a los Combustibles, la extensi\u00f3n del mandato de las organizaciones y agrupaciones comunales, y la expulsi\u00f3n inmediata de los extranjeros condenados en Chile por robo, hurto o tr\u00e1fico de drogas.<\/p>\n\n\n\n<p>En cuanto a los oficios de fiscalizaci\u00f3n, el parlamentario gremialista present\u00f3 885 solicitudes a distintos organismos p\u00fablicos -ubic\u00e1ndose en el segundo lugar a nivel regional-, manifestando que \u201cdurante todo el a\u00f1o fuimos solicitando una serie de oficios a partir de distintas situaciones que se produjeron en nuestra regi\u00f3n, como los repentinos cortes de energ\u00eda, la falta de mantenci\u00f3n de algunos caminos o la escasez de locomoci\u00f3n p\u00fablica en las comunas rurales\u201d, agregando que \u201cen la mayor\u00eda de los casos sirvi\u00f3 para gestionar importantes soluciones en beneficio de los vecinos y vecinas, como tambi\u00e9n para exponer a nivel nacional algunas situaciones que vivimos en la zona\u201d.<\/p>\n\n\n\n<p>Por \u00faltimo, el diputado por La Araucan\u00eda manifest\u00f3 su \u201cabsoluto compromiso\u201d con seguir presentando y gestionando iniciativas que apunten a mejorar la calidad de vida y las condiciones de los habitantes de la regi\u00f3n, asegurando que \u201cnuestra responsabilidad es canalizar las distintas problem\u00e1ticas que tiene la ciudadan\u00eda y transformarlas en soluciones concretas\u201d, se\u00f1alando finalmente que \u201ctambi\u00e9n tenemos un importante rol en materia de fiscalizaci\u00f3n que vamos a seguir impulsando durante el pr\u00f3ximo a\u00f1o, sobre todo pensando en el desarrollo de nuestro territorio\u201d.<\/p>\n","protected":false},"excerpt":{"rendered":"<div class=\"pvc_clear\"><\/div>\n<p id=\"pvc_stats_37712\" class=\"pvc_stats total_only  \" data-element-id=\"37712\" style=\"\"><i class=\"pvc-stats-icon large\" aria-hidden=\"true\"><svg aria-hidden=\"true\" focusable=\"false\" data-prefix=\"far\" data-icon=\"chart-bar\" role=\"img\" xmlns=\"http:\/\/www.w3.org\/2000\/svg\" viewBox=\"0 0 512 512\" class=\"svg-inline--fa fa-chart-bar fa-w-16 fa-2x\"><path fill=\"currentColor\" d=\"M396.8 352h22.4c6.4 0 12.8-6.4 12.8-12.8V108.8c0-6.4-6.4-12.8-12.8-12.8h-22.4c-6.4 0-12.8 6.4-12.8 12.8v230.4c0 6.4 6.4 12.8 12.8 12.8zm-192 0h22.4c6.4 0 12.8-6.4 12.8-12.8V140.8c0-6.4-6.4-12.8-12.8-12.8h-22.4c-6.4 0-12.8 6.4-12.8 12.8v198.4c0 6.4 6.4 12.8 12.8 12.8zm96 0h22.4c6.4 0 12.8-6.4 12.8-12.8V204.8c0-6.4-6.4-12.8-12.8-12.8h-22.4c-6.4 0-12.8 6.4-12.8 12.8v134.4c0 6.4 6.4 12.8 12.8 12.8zM496 400H48V80c0-8.84-7.16-16-16-16H16C7.16 64 0 71.16 0 80v336c0 17.67 14.33 32 32 32h464c8.84 0 16-7.16 16-16v-16c0-8.84-7.16-16-16-16zm-387.2-48h22.4c6.4 0 12.8-6.4 12.8-12.8v-70.4c0-6.4-6.4-12.8-12.8-12.8h-22.4c-6.4 0-12.8 6.4-12.8 12.8v70.4c0 6.4 6.4 12.8 12.8 12.8z\" class=\"\"><\/path><\/svg><\/i> <img loading=\"lazy\" decoding=\"async\" width=\"16\" height=\"16\" alt=\"Loading\" src=\"https:\/\/temucotelevision.cl\/web\/wp-content\/plugins\/page-views-count\/ajax-loader-2x.gif\" border=0 \/><\/p>\n<div class=\"pvc_clear\"><\/div>\n<p>El representante del Distrito 23 lider\u00f3 en materia de mociones legislativas, adem\u00e1s de registrar una asistencia del 100% y figurar<\/p>\n","protected":false},"author":1,"featured_media":33031,"comment_status":"open","ping_status":"open","sticky":false,"template":"","format":"standard","meta":{"colormag_page_container_layout":"default_layout","colormag_page_sidebar_layout":"default_layout","footnotes":""},"categories":[84],"tags":[154,5283,651],"class_list":["post-37712","post","type-post","status-publish","format-standard","has-post-thumbnail","hentry","category-politica","tag-diputado","tag-leal","tag-proyectos"],"a3_pvc":{"activated":true,"total_views":50,"today_views":0},"_links":{"self":[{"href":"https:\/\/temucotelevision.cl\/web\/wp-json\/wp\/v2\/posts\/37712","targetHints":{"allow":["GET"]}}],"collection":[{"href":"https:\/\/temucotelevision.cl\/web\/wp-json\/wp\/v2\/posts"}],"about":[{"href":"https:\/\/temucotelevision.cl\/web\/wp-json\/wp\/v2\/types\/post"}],"author":[{"embeddable":true,"href":"https:\/\/temucotelevision.cl\/web\/wp-json\/wp\/v2\/users\/1"}],"replies":[{"embeddable":true,"href":"https:\/\/temucotelevision.cl\/web\/wp-json\/wp\/v2\/comments?post=37712"}],"version-history":[{"count":1,"href":"https:\/\/temucotelevision.cl\/web\/wp-json\/wp\/v2\/posts\/37712\/revisions"}],"predecessor-version":[{"id":37713,"href":"https:\/\/temucotelevision.cl\/web\/wp-json\/wp\/v2\/posts\/37712\/revisions\/37713"}],"wp:featuredmedia":[{"embeddable":true,"href":"https:\/\/temucotelevision.cl\/web\/wp-json\/wp\/v2\/media\/33031"}],"wp:attachment":[{"href":"https:\/\/temucotelevision.cl\/web\/wp-json\/wp\/v2\/media?parent=37712"}],"wp:term":[{"taxonomy":"category","embeddable":true,"href":"https:\/\/temucotelevision.cl\/web\/wp-json\/wp\/v2\/categories?post=37712"},{"taxonomy":"post_tag","embeddable":true,"href":"https:\/\/temucotelevision.cl\/web\/wp-json\/wp\/v2\/tags?post=37712"}],"curies":[{"name":"wp","href":"https:\/\/api.w.org\/{rel}","templated":true}]}}