{"id":37703,"date":"2023-01-04T19:35:57","date_gmt":"2023-01-04T22:35:57","guid":{"rendered":"https:\/\/temucotelevision.cl\/web\/?p=37703"},"modified":"2023-01-04T19:35:58","modified_gmt":"2023-01-04T22:35:58","slug":"juzgado-de-garantia-de-temuco-ordena-la-prision-preventiva-de-imputado-por-femicidio-frustrado","status":"publish","type":"post","link":"https:\/\/temucotelevision.cl\/web\/2023\/01\/04\/juzgado-de-garantia-de-temuco-ordena-la-prision-preventiva-de-imputado-por-femicidio-frustrado\/","title":{"rendered":"Juzgado de Garant\u00eda de Temuco ordena la prisi\u00f3n preventiva de imputado por femicidio frustrado"},"content":{"rendered":"<div class=\"pvc_clear\"><\/div><p id=\"pvc_stats_37703\" class=\"pvc_stats total_only  \" data-element-id=\"37703\" style=\"\"><i class=\"pvc-stats-icon large\" aria-hidden=\"true\"><svg aria-hidden=\"true\" focusable=\"false\" data-prefix=\"far\" data-icon=\"chart-bar\" role=\"img\" xmlns=\"http:\/\/www.w3.org\/2000\/svg\" viewBox=\"0 0 512 512\" class=\"svg-inline--fa fa-chart-bar fa-w-16 fa-2x\"><path fill=\"currentColor\" d=\"M396.8 352h22.4c6.4 0 12.8-6.4 12.8-12.8V108.8c0-6.4-6.4-12.8-12.8-12.8h-22.4c-6.4 0-12.8 6.4-12.8 12.8v230.4c0 6.4 6.4 12.8 12.8 12.8zm-192 0h22.4c6.4 0 12.8-6.4 12.8-12.8V140.8c0-6.4-6.4-12.8-12.8-12.8h-22.4c-6.4 0-12.8 6.4-12.8 12.8v198.4c0 6.4 6.4 12.8 12.8 12.8zm96 0h22.4c6.4 0 12.8-6.4 12.8-12.8V204.8c0-6.4-6.4-12.8-12.8-12.8h-22.4c-6.4 0-12.8 6.4-12.8 12.8v134.4c0 6.4 6.4 12.8 12.8 12.8zM496 400H48V80c0-8.84-7.16-16-16-16H16C7.16 64 0 71.16 0 80v336c0 17.67 14.33 32 32 32h464c8.84 0 16-7.16 16-16v-16c0-8.84-7.16-16-16-16zm-387.2-48h22.4c6.4 0 12.8-6.4 12.8-12.8v-70.4c0-6.4-6.4-12.8-12.8-12.8h-22.4c-6.4 0-12.8 6.4-12.8 12.8v70.4c0 6.4 6.4 12.8 12.8 12.8z\" class=\"\"><\/path><\/svg><\/i> <img loading=\"lazy\" decoding=\"async\" width=\"16\" height=\"16\" alt=\"Loading\" src=\"https:\/\/temucotelevision.cl\/web\/wp-content\/plugins\/page-views-count\/ajax-loader-2x.gif\" border=0 \/><\/p><div class=\"pvc_clear\"><\/div>\n<blockquote class=\"wp-block-quote is-layout-flow wp-block-quote-is-layout-flow\"><p>En la audiencia de formalizaci\u00f3n se orden\u00f3 el ingreso del imputado al Centro de Cumplimiento Penitenciario de Temuco, por considerar que su libertad del imputado constituye un peligro para la seguridad de la sociedad y de la v\u00edctima. Adem\u00e1s, fij\u00f3 en tres meses el plazo de investigaci\u00f3n.<\/p><\/blockquote>\n\n\n\n<p>El Juzgado de Garant\u00eda de Temuco dej\u00f3 hoy \u2013mi\u00e9rcoles 4 de enero\u2013 sujeto a la medida cautelar de prisi\u00f3n preventiva a Diego Alonso Aguilera Machuca, imputado por el Ministerio P\u00fablico como autor del delito frustrado de femicidio.&nbsp; Il\u00edcito perpetrado en la v\u00edspera, en la comuna.<\/p>\n\n\n\n<p>En la audiencia de formalizaci\u00f3n,\u00a0el magistrado Alfredo Cox Castro\u00a0 orden\u00f3 el ingreso de Aguilera Machuca al Centro de Cumplimiento Penitenciario de Temuco, por considerar que la libertad del imputado constituye un peligro para la seguridad de la sociedad y de la v\u00edctima. Adem\u00e1s, fij\u00f3 en tres meses el plazo de investigaci\u00f3n.<\/p>\n\n\n\n<p>Seg\u00fan el ente persecutor, aproximadamente a las 21:30 horas de ayer, martes 3 de enero de 2023, en las afueras del domicilio de la v\u00edctima, ubicada en la ciudad de Temuco, el imputado se encontraba junto a su pareja, a la cual atac\u00f3 de forma violenta tras manifestarle la joven su intenci\u00f3n de poner t\u00e9rmino a la relaci\u00f3n sentimental de siete meses. En dicho contexto, Aguilera Machuca la tom\u00f3 del cabello y le propin\u00f3 golpes de pu\u00f1o. Tras un forcejeo, la v\u00edctima logr\u00f3 zafarse e ingresar a su hogar.<\/p>\n\n\n\n<p>El imputado se retir\u00f3 del lugar, pero regres\u00f3 una hora despu\u00e9s, para conversar con la v\u00edctima, pero nuevamente la agredi\u00f3 con golpes de pu\u00f1o e intent\u00f3 asfixiarla apret\u00e1ndole el cuello con las manos, con la finalidad de quitarle la vida. La joven logr\u00f3 escapar y refugiarse en su domicilio; en tanto, el agresor huy\u00f3 del lugar. Vecinos alertaron a la polic\u00eda, cuyos efectivos lograron ubicar y detener a Aguilera Machuca.<\/p>\n\n\n\n<p>Tras la agresi\u00f3n, la v\u00edctima fue trasladada al consultorio Miraflores, recinto asistencial que constat\u00f3 en presentaba hematomas en la cabeza, eritema en zona mandibular, una contractura del m\u00fasculo trapecio bilateral y lesiones en la mano derecha.<\/p>\n","protected":false},"excerpt":{"rendered":"<div class=\"pvc_clear\"><\/div>\n<p id=\"pvc_stats_37703\" class=\"pvc_stats total_only  \" data-element-id=\"37703\" style=\"\"><i class=\"pvc-stats-icon large\" aria-hidden=\"true\"><svg aria-hidden=\"true\" focusable=\"false\" data-prefix=\"far\" data-icon=\"chart-bar\" role=\"img\" xmlns=\"http:\/\/www.w3.org\/2000\/svg\" viewBox=\"0 0 512 512\" class=\"svg-inline--fa fa-chart-bar fa-w-16 fa-2x\"><path fill=\"currentColor\" d=\"M396.8 352h22.4c6.4 0 12.8-6.4 12.8-12.8V108.8c0-6.4-6.4-12.8-12.8-12.8h-22.4c-6.4 0-12.8 6.4-12.8 12.8v230.4c0 6.4 6.4 12.8 12.8 12.8zm-192 0h22.4c6.4 0 12.8-6.4 12.8-12.8V140.8c0-6.4-6.4-12.8-12.8-12.8h-22.4c-6.4 0-12.8 6.4-12.8 12.8v198.4c0 6.4 6.4 12.8 12.8 12.8zm96 0h22.4c6.4 0 12.8-6.4 12.8-12.8V204.8c0-6.4-6.4-12.8-12.8-12.8h-22.4c-6.4 0-12.8 6.4-12.8 12.8v134.4c0 6.4 6.4 12.8 12.8 12.8zM496 400H48V80c0-8.84-7.16-16-16-16H16C7.16 64 0 71.16 0 80v336c0 17.67 14.33 32 32 32h464c8.84 0 16-7.16 16-16v-16c0-8.84-7.16-16-16-16zm-387.2-48h22.4c6.4 0 12.8-6.4 12.8-12.8v-70.4c0-6.4-6.4-12.8-12.8-12.8h-22.4c-6.4 0-12.8 6.4-12.8 12.8v70.4c0 6.4 6.4 12.8 12.8 12.8z\" class=\"\"><\/path><\/svg><\/i> <img loading=\"lazy\" decoding=\"async\" width=\"16\" height=\"16\" alt=\"Loading\" src=\"https:\/\/temucotelevision.cl\/web\/wp-content\/plugins\/page-views-count\/ajax-loader-2x.gif\" border=0 \/><\/p>\n<div class=\"pvc_clear\"><\/div>\n<p>En la audiencia de formalizaci\u00f3n se orden\u00f3 el ingreso del imputado al Centro de Cumplimiento Penitenciario de Temuco, por considerar<\/p>\n","protected":false},"author":1,"featured_media":37704,"comment_status":"open","ping_status":"open","sticky":false,"template":"","format":"standard","meta":{"colormag_page_container_layout":"default_layout","colormag_page_sidebar_layout":"default_layout","footnotes":""},"categories":[15],"tags":[1043,792,979,541],"class_list":["post-37703","post","type-post","status-publish","format-standard","has-post-thumbnail","hentry","category-la-araucania","tag-femicidio","tag-imputado","tag-juzgado","tag-prision"],"a3_pvc":{"activated":true,"total_views":66,"today_views":0},"_links":{"self":[{"href":"https:\/\/temucotelevision.cl\/web\/wp-json\/wp\/v2\/posts\/37703","targetHints":{"allow":["GET"]}}],"collection":[{"href":"https:\/\/temucotelevision.cl\/web\/wp-json\/wp\/v2\/posts"}],"about":[{"href":"https:\/\/temucotelevision.cl\/web\/wp-json\/wp\/v2\/types\/post"}],"author":[{"embeddable":true,"href":"https:\/\/temucotelevision.cl\/web\/wp-json\/wp\/v2\/users\/1"}],"replies":[{"embeddable":true,"href":"https:\/\/temucotelevision.cl\/web\/wp-json\/wp\/v2\/comments?post=37703"}],"version-history":[{"count":1,"href":"https:\/\/temucotelevision.cl\/web\/wp-json\/wp\/v2\/posts\/37703\/revisions"}],"predecessor-version":[{"id":37705,"href":"https:\/\/temucotelevision.cl\/web\/wp-json\/wp\/v2\/posts\/37703\/revisions\/37705"}],"wp:featuredmedia":[{"embeddable":true,"href":"https:\/\/temucotelevision.cl\/web\/wp-json\/wp\/v2\/media\/37704"}],"wp:attachment":[{"href":"https:\/\/temucotelevision.cl\/web\/wp-json\/wp\/v2\/media?parent=37703"}],"wp:term":[{"taxonomy":"category","embeddable":true,"href":"https:\/\/temucotelevision.cl\/web\/wp-json\/wp\/v2\/categories?post=37703"},{"taxonomy":"post_tag","embeddable":true,"href":"https:\/\/temucotelevision.cl\/web\/wp-json\/wp\/v2\/tags?post=37703"}],"curies":[{"name":"wp","href":"https:\/\/api.w.org\/{rel}","templated":true}]}}