{"id":37699,"date":"2023-01-04T17:54:25","date_gmt":"2023-01-04T20:54:25","guid":{"rendered":"https:\/\/temucotelevision.cl\/web\/?p=37699"},"modified":"2023-01-04T17:54:26","modified_gmt":"2023-01-04T20:54:26","slug":"fue-detenido-en-tirua-pdi-detiene-a-el-toro-imputado-por-robo-con-homicidio-ocurrido-en-2016-en-capitan-pastene","status":"publish","type":"post","link":"https:\/\/temucotelevision.cl\/web\/2023\/01\/04\/fue-detenido-en-tirua-pdi-detiene-a-el-toro-imputado-por-robo-con-homicidio-ocurrido-en-2016-en-capitan-pastene\/","title":{"rendered":"Fue detenido en Tir\u00faa: PDI detiene a \u201cEl Toro\u201d imputado por robo con homicidio ocurrido en 2016 en Capit\u00e1n Pastene"},"content":{"rendered":"<div class=\"pvc_clear\"><\/div><p id=\"pvc_stats_37699\" class=\"pvc_stats total_only  \" data-element-id=\"37699\" style=\"\"><i class=\"pvc-stats-icon large\" aria-hidden=\"true\"><svg aria-hidden=\"true\" focusable=\"false\" data-prefix=\"far\" data-icon=\"chart-bar\" role=\"img\" xmlns=\"http:\/\/www.w3.org\/2000\/svg\" viewBox=\"0 0 512 512\" class=\"svg-inline--fa fa-chart-bar fa-w-16 fa-2x\"><path fill=\"currentColor\" d=\"M396.8 352h22.4c6.4 0 12.8-6.4 12.8-12.8V108.8c0-6.4-6.4-12.8-12.8-12.8h-22.4c-6.4 0-12.8 6.4-12.8 12.8v230.4c0 6.4 6.4 12.8 12.8 12.8zm-192 0h22.4c6.4 0 12.8-6.4 12.8-12.8V140.8c0-6.4-6.4-12.8-12.8-12.8h-22.4c-6.4 0-12.8 6.4-12.8 12.8v198.4c0 6.4 6.4 12.8 12.8 12.8zm96 0h22.4c6.4 0 12.8-6.4 12.8-12.8V204.8c0-6.4-6.4-12.8-12.8-12.8h-22.4c-6.4 0-12.8 6.4-12.8 12.8v134.4c0 6.4 6.4 12.8 12.8 12.8zM496 400H48V80c0-8.84-7.16-16-16-16H16C7.16 64 0 71.16 0 80v336c0 17.67 14.33 32 32 32h464c8.84 0 16-7.16 16-16v-16c0-8.84-7.16-16-16-16zm-387.2-48h22.4c6.4 0 12.8-6.4 12.8-12.8v-70.4c0-6.4-6.4-12.8-12.8-12.8h-22.4c-6.4 0-12.8 6.4-12.8 12.8v70.4c0 6.4 6.4 12.8 12.8 12.8z\" class=\"\"><\/path><\/svg><\/i> <img loading=\"lazy\" decoding=\"async\" width=\"16\" height=\"16\" alt=\"Loading\" src=\"https:\/\/temucotelevision.cl\/web\/wp-content\/plugins\/page-views-count\/ajax-loader-2x.gif\" border=0 \/><\/p><div class=\"pvc_clear\"><\/div>\n<p><a><em>El hecho se registr\u00f3 en la localidad de Liucura Bajo, all\u00ed una banda de delincuentes ingres\u00f3 a un domicilio, donde el due\u00f1o de casa, tras poner resistencia, recibi\u00f3 un disparo letal.<\/em><\/a><\/p>\n\n\n\n<p>Detectives de la Brigada de Homicidios de Temuco, detuvieron a un hombre, de 33 a\u00f1os, identificado con las iniciales R.E.T.D, por el delito de robo con homicidio que afect\u00f3 a un hombre&nbsp;-en junio de 2016- en su domicilio, ubicado en el sector Liucura Bajo, localidad de Capit\u00e1n Pastene, comuna de Lumaco.<\/p>\n\n\n\n<p>El delito fue perpetrado por una banda de delincuentes, quienes ingresaron al domicilio, sustrayendo diversas especies; en su huida, el due\u00f1o de casa puso resistencia, tratando de evitar el robo, recibiendo un disparo que le caus\u00f3 la muerte.<\/p>\n\n\n\n<p>El inspector V\u00edctor Jara, de la Brigada de Homicidios Temuco, indic\u00f3 que la indagatoria comenz\u00f3 el mismo d\u00eda de ocurrido el delito, sin embargo, por la din\u00e1mica de los hechos hab\u00eda sido complejo obtener resultados, hasta ahora. \u201cEn el transcurso de la investigaci\u00f3n, se obtuvieron diversos antecedentes, dentro de los cuales, en el trabajo en el sitio del suceso se levantaron evidencias biol\u00f3gicas que fueron analizadas por el Laboratorio de Criminal\u00edstica, logrando la obtenci\u00f3n de un perfil gen\u00e9tico\u201d.<\/p>\n\n\n\n<p>El oficial Jara agreg\u00f3 que, \u201cen raz\u00f3n a lo anterior, se continuaron las diligencias que nos permitieron la identificaci\u00f3n de los imputados en el hecho, as\u00ed como la persona a quien correspond\u00eda el perfil gen\u00e9tico, obteniendo la individualizaci\u00f3n de un posible imputado, con el cual se realiz\u00f3 un comparativo de las muestras, el que&nbsp;arroj\u00f3 resultados positivos, determinando que la evidencia biol\u00f3gica correspond\u00eda a dicho individuo\u201d.<\/p>\n\n\n\n<p>A ra\u00edz de esto, la Fiscal\u00eda de Alta Complejidad de La Araucan\u00eda, tramit\u00f3 una orden de detenci\u00f3n, la cual se materializ\u00f3 el d\u00eda de ayer -3 de enero- en la v\u00eda p\u00fablica de la comuna de Tir\u00faa, regi\u00f3n del Bio Bio. El detenido, apodado \u201cEl Toro\u201d, fue puesto a disposici\u00f3n del Juzgado de Garant\u00eda de Traigu\u00e9n donde se realiz\u00f3 el correspondiente control de detenci\u00f3n y posterior formalizaci\u00f3n, donde se decret\u00f3 la medida cautelar de prisi\u00f3n preventiva y se establecieron tres meses como plazo de investigaci\u00f3n.<\/p>\n\n\n\n<p>La Polic\u00eda de Investigaciones contin\u00faa trabajando intensamente para dar con el paradero de los otros tres integrantes de la banda que perpetr\u00f3 el delito.<\/p>\n","protected":false},"excerpt":{"rendered":"<div class=\"pvc_clear\"><\/div>\n<p id=\"pvc_stats_37699\" class=\"pvc_stats total_only  \" data-element-id=\"37699\" style=\"\"><i class=\"pvc-stats-icon large\" aria-hidden=\"true\"><svg aria-hidden=\"true\" focusable=\"false\" data-prefix=\"far\" data-icon=\"chart-bar\" role=\"img\" xmlns=\"http:\/\/www.w3.org\/2000\/svg\" viewBox=\"0 0 512 512\" class=\"svg-inline--fa fa-chart-bar fa-w-16 fa-2x\"><path fill=\"currentColor\" d=\"M396.8 352h22.4c6.4 0 12.8-6.4 12.8-12.8V108.8c0-6.4-6.4-12.8-12.8-12.8h-22.4c-6.4 0-12.8 6.4-12.8 12.8v230.4c0 6.4 6.4 12.8 12.8 12.8zm-192 0h22.4c6.4 0 12.8-6.4 12.8-12.8V140.8c0-6.4-6.4-12.8-12.8-12.8h-22.4c-6.4 0-12.8 6.4-12.8 12.8v198.4c0 6.4 6.4 12.8 12.8 12.8zm96 0h22.4c6.4 0 12.8-6.4 12.8-12.8V204.8c0-6.4-6.4-12.8-12.8-12.8h-22.4c-6.4 0-12.8 6.4-12.8 12.8v134.4c0 6.4 6.4 12.8 12.8 12.8zM496 400H48V80c0-8.84-7.16-16-16-16H16C7.16 64 0 71.16 0 80v336c0 17.67 14.33 32 32 32h464c8.84 0 16-7.16 16-16v-16c0-8.84-7.16-16-16-16zm-387.2-48h22.4c6.4 0 12.8-6.4 12.8-12.8v-70.4c0-6.4-6.4-12.8-12.8-12.8h-22.4c-6.4 0-12.8 6.4-12.8 12.8v70.4c0 6.4 6.4 12.8 12.8 12.8z\" class=\"\"><\/path><\/svg><\/i> <img loading=\"lazy\" decoding=\"async\" width=\"16\" height=\"16\" alt=\"Loading\" src=\"https:\/\/temucotelevision.cl\/web\/wp-content\/plugins\/page-views-count\/ajax-loader-2x.gif\" border=0 \/><\/p>\n<div class=\"pvc_clear\"><\/div>\n<p>El hecho se registr\u00f3 en la localidad de Liucura Bajo, all\u00ed una banda de delincuentes ingres\u00f3 a un domicilio, donde<\/p>\n","protected":false},"author":1,"featured_media":37700,"comment_status":"open","ping_status":"open","sticky":false,"template":"","format":"standard","meta":{"colormag_page_container_layout":"default_layout","colormag_page_sidebar_layout":"default_layout","footnotes":""},"categories":[16],"tags":[635,79,363,76,138],"class_list":["post-37699","post","type-post","status-publish","format-standard","has-post-thumbnail","hentry","category-policial","tag-banda","tag-detenido","tag-homicidio","tag-pdi","tag-robo"],"a3_pvc":{"activated":true,"total_views":97,"today_views":0},"_links":{"self":[{"href":"https:\/\/temucotelevision.cl\/web\/wp-json\/wp\/v2\/posts\/37699","targetHints":{"allow":["GET"]}}],"collection":[{"href":"https:\/\/temucotelevision.cl\/web\/wp-json\/wp\/v2\/posts"}],"about":[{"href":"https:\/\/temucotelevision.cl\/web\/wp-json\/wp\/v2\/types\/post"}],"author":[{"embeddable":true,"href":"https:\/\/temucotelevision.cl\/web\/wp-json\/wp\/v2\/users\/1"}],"replies":[{"embeddable":true,"href":"https:\/\/temucotelevision.cl\/web\/wp-json\/wp\/v2\/comments?post=37699"}],"version-history":[{"count":1,"href":"https:\/\/temucotelevision.cl\/web\/wp-json\/wp\/v2\/posts\/37699\/revisions"}],"predecessor-version":[{"id":37701,"href":"https:\/\/temucotelevision.cl\/web\/wp-json\/wp\/v2\/posts\/37699\/revisions\/37701"}],"wp:featuredmedia":[{"embeddable":true,"href":"https:\/\/temucotelevision.cl\/web\/wp-json\/wp\/v2\/media\/37700"}],"wp:attachment":[{"href":"https:\/\/temucotelevision.cl\/web\/wp-json\/wp\/v2\/media?parent=37699"}],"wp:term":[{"taxonomy":"category","embeddable":true,"href":"https:\/\/temucotelevision.cl\/web\/wp-json\/wp\/v2\/categories?post=37699"},{"taxonomy":"post_tag","embeddable":true,"href":"https:\/\/temucotelevision.cl\/web\/wp-json\/wp\/v2\/tags?post=37699"}],"curies":[{"name":"wp","href":"https:\/\/api.w.org\/{rel}","templated":true}]}}