{"id":37689,"date":"2023-01-04T11:34:36","date_gmt":"2023-01-04T14:34:36","guid":{"rendered":"https:\/\/temucotelevision.cl\/web\/?p=37689"},"modified":"2023-01-04T11:34:37","modified_gmt":"2023-01-04T14:34:37","slug":"crean-iniciativa-para-potenciar-fiestas-costumbristas-festivales-y-actividades-locales-del-sur-de-chile","status":"publish","type":"post","link":"https:\/\/temucotelevision.cl\/web\/2023\/01\/04\/crean-iniciativa-para-potenciar-fiestas-costumbristas-festivales-y-actividades-locales-del-sur-de-chile\/","title":{"rendered":"Crean iniciativa para potenciar fiestas costumbristas, festivales y actividades locales del sur de Chile"},"content":{"rendered":"<div class=\"pvc_clear\"><\/div><p id=\"pvc_stats_37689\" class=\"pvc_stats total_only  \" data-element-id=\"37689\" style=\"\"><i class=\"pvc-stats-icon large\" aria-hidden=\"true\"><svg aria-hidden=\"true\" focusable=\"false\" data-prefix=\"far\" data-icon=\"chart-bar\" role=\"img\" xmlns=\"http:\/\/www.w3.org\/2000\/svg\" viewBox=\"0 0 512 512\" class=\"svg-inline--fa fa-chart-bar fa-w-16 fa-2x\"><path fill=\"currentColor\" d=\"M396.8 352h22.4c6.4 0 12.8-6.4 12.8-12.8V108.8c0-6.4-6.4-12.8-12.8-12.8h-22.4c-6.4 0-12.8 6.4-12.8 12.8v230.4c0 6.4 6.4 12.8 12.8 12.8zm-192 0h22.4c6.4 0 12.8-6.4 12.8-12.8V140.8c0-6.4-6.4-12.8-12.8-12.8h-22.4c-6.4 0-12.8 6.4-12.8 12.8v198.4c0 6.4 6.4 12.8 12.8 12.8zm96 0h22.4c6.4 0 12.8-6.4 12.8-12.8V204.8c0-6.4-6.4-12.8-12.8-12.8h-22.4c-6.4 0-12.8 6.4-12.8 12.8v134.4c0 6.4 6.4 12.8 12.8 12.8zM496 400H48V80c0-8.84-7.16-16-16-16H16C7.16 64 0 71.16 0 80v336c0 17.67 14.33 32 32 32h464c8.84 0 16-7.16 16-16v-16c0-8.84-7.16-16-16-16zm-387.2-48h22.4c6.4 0 12.8-6.4 12.8-12.8v-70.4c0-6.4-6.4-12.8-12.8-12.8h-22.4c-6.4 0-12.8 6.4-12.8 12.8v70.4c0 6.4 6.4 12.8 12.8 12.8z\" class=\"\"><\/path><\/svg><\/i> <img loading=\"lazy\" decoding=\"async\" width=\"16\" height=\"16\" alt=\"Loading\" src=\"https:\/\/temucotelevision.cl\/web\/wp-content\/plugins\/page-views-count\/ajax-loader-2x.gif\" border=0 \/><\/p><div class=\"pvc_clear\"><\/div>\n<p><em>Con eventos en varias localidades entre las regiones del Maule y Ays\u00e9n, el objetivo es dar visibilidad a las costumbres locales, apoyar el emprendimiento e impulsar el turismo local.<\/em><\/p>\n\n\n\n<p>Cada a\u00f1o, los d\u00edas de verano dan paso a una temporada llena de fiestas costumbristas a lo largo del pa\u00eds y este 2023 no ser\u00e1 la excepci\u00f3n. Para relevar las tradiciones locales, apoyar a los emprendedores locales que se vieron afectados durante la pandemia del COVID-19 y fomentar el turismo en la zona centro sur, se cre\u00f3 la campa\u00f1a \u201cLas fiestas del sur\u201d.<\/p>\n\n\n\n<p>Una de las primeras actividades ser\u00e1 el Festival de la Cereza de Angol, que se llevar\u00e1 a cabo el 7 y 8 de enero. Tras dos a\u00f1os de ausencia, este festival volver\u00e1 a realizarse en Camino Arcadia, kil\u00f3metro 4.5, en el sector de Itraque de la comuna de Angol.&nbsp; Ya en su octava edici\u00f3n, esta fiesta busca retomar el \u00e9xito que tuvo en el a\u00f1o 2020, la cual cont\u00f3 con cerca de siete mil personas. Este a\u00f1o el evento tendr\u00e1 con una alta variedad gastron\u00f3mica y musical.<\/p>\n\n\n\n<p>Dado el levantamiento de las restricciones por el COVID-19, el turismo -que se vio fuertemente perjudicado por la pandemia- ha ido retomando su curso. Las proyecciones de la Subsecretaria de Turismo estiman m\u00e1s de 29 millones de viajes frecuentes para esta temporada estival. La cifra representa un aumento de 26,6% respecto del verano pasado.&nbsp; Sin embargo, todav\u00eda existen varios desaf\u00edos pendientes. Las proyecciones de la Fedetur se\u00f1alan que para el verano llegar\u00edan alrededor de 1.6 millones de turistas extranjeros, un 26% menos que la temporada 2019-2020. Adem\u00e1s, se hace urgente recuperar los m\u00e1s de 600 mil empleos que exist\u00edan en el sector turismo, y que se perdieron, a la pandemia.<\/p>\n\n\n\n<p>As\u00ed, \u201cLas fiestas del sur\u201d tiene como objetivo dar a conocer los diversos atractivos de regiones de Maule, \u00d1uble, Biob\u00edo, La Araucan\u00eda, Los Lagos y Ays\u00e9n.&nbsp; En estas zonas destacan sus paisajes y entornos, como tambi\u00e9n por su profunda cultura, donde se mezclan diversas tradiciones chilenas y de pueblos originarios. Se trata de un espacio intercultural que abarcar\u00e1 varios aspectos, desde la producci\u00f3n gastron\u00f3mica, pasando por la venta de artesan\u00edas hasta actividades deportivas.<\/p>\n\n\n\n<p>Entre las festividades que se buscan potenciar a\u00fan m\u00e1s est\u00e1n la Fiesta Agr\u00edcola Ganadera Forestal de Ca\u00f1ete, el Cantar Campesino de Los Sauces, el Festival del Bosque Nativo de Angol y el Festival de Reinaco, entre varios otros.<\/p>\n\n\n\n<p>La iniciativa naci\u00f3 por parte de CMPC, empresa que busca ser part\u00edcipe y un articulador para el desarrollo de las comunidades en las que opera. Mediante su estrategia de Relacionamiento Comunitario, CMPC busca trabajar junto con las comunidades en crear propuestas de valor, a trav\u00e9s de proyectos de inversi\u00f3n social y con ello fomentar el desarrollo local.<\/p>\n\n\n\n<p>Toda la informaci\u00f3n sobre los eventos que se realizar\u00e1n se podr\u00e1 encontrar en las redes sociales de CMPC y en los medios de comunicaci\u00f3n locales. Para m\u00e1s detalles sobre la iniciativa entra a:<\/p>\n\n\n\n<p><strong>Instagram:&nbsp;<\/strong><a href=\"https:\/\/www.instagram.com\/somoscmpc\/\" target=\"_blank\" rel=\"noreferrer noopener\">@somoscmpc<\/a><\/p>\n\n\n\n<p><strong>Facebook:<\/strong>&nbsp;<a href=\"https:\/\/www.facebook.com\/SomosCMPC\" target=\"_blank\" rel=\"noreferrer noopener\">@SomosCMPC<\/a><\/p>\n\n\n\n<p><strong>Twitter:<\/strong>&nbsp;<a href=\"https:\/\/twitter.com\/SomosCMPC\" target=\"_blank\" rel=\"noreferrer noopener\">@SomosCMPC<\/a><\/p>\n","protected":false},"excerpt":{"rendered":"<div class=\"pvc_clear\"><\/div>\n<p id=\"pvc_stats_37689\" class=\"pvc_stats total_only  \" data-element-id=\"37689\" style=\"\"><i class=\"pvc-stats-icon large\" aria-hidden=\"true\"><svg aria-hidden=\"true\" focusable=\"false\" data-prefix=\"far\" data-icon=\"chart-bar\" role=\"img\" xmlns=\"http:\/\/www.w3.org\/2000\/svg\" viewBox=\"0 0 512 512\" class=\"svg-inline--fa fa-chart-bar fa-w-16 fa-2x\"><path fill=\"currentColor\" d=\"M396.8 352h22.4c6.4 0 12.8-6.4 12.8-12.8V108.8c0-6.4-6.4-12.8-12.8-12.8h-22.4c-6.4 0-12.8 6.4-12.8 12.8v230.4c0 6.4 6.4 12.8 12.8 12.8zm-192 0h22.4c6.4 0 12.8-6.4 12.8-12.8V140.8c0-6.4-6.4-12.8-12.8-12.8h-22.4c-6.4 0-12.8 6.4-12.8 12.8v198.4c0 6.4 6.4 12.8 12.8 12.8zm96 0h22.4c6.4 0 12.8-6.4 12.8-12.8V204.8c0-6.4-6.4-12.8-12.8-12.8h-22.4c-6.4 0-12.8 6.4-12.8 12.8v134.4c0 6.4 6.4 12.8 12.8 12.8zM496 400H48V80c0-8.84-7.16-16-16-16H16C7.16 64 0 71.16 0 80v336c0 17.67 14.33 32 32 32h464c8.84 0 16-7.16 16-16v-16c0-8.84-7.16-16-16-16zm-387.2-48h22.4c6.4 0 12.8-6.4 12.8-12.8v-70.4c0-6.4-6.4-12.8-12.8-12.8h-22.4c-6.4 0-12.8 6.4-12.8 12.8v70.4c0 6.4 6.4 12.8 12.8 12.8z\" class=\"\"><\/path><\/svg><\/i> <img loading=\"lazy\" decoding=\"async\" width=\"16\" height=\"16\" alt=\"Loading\" src=\"https:\/\/temucotelevision.cl\/web\/wp-content\/plugins\/page-views-count\/ajax-loader-2x.gif\" border=0 \/><\/p>\n<div class=\"pvc_clear\"><\/div>\n<p>Con eventos en varias localidades entre las regiones del Maule y Ays\u00e9n, el objetivo es dar visibilidad a las costumbres<\/p>\n","protected":false},"author":1,"featured_media":8360,"comment_status":"open","ping_status":"open","sticky":false,"template":"","format":"standard","meta":{"colormag_page_container_layout":"default_layout","colormag_page_sidebar_layout":"default_layout","footnotes":""},"categories":[101],"tags":[2365,6065,6064,820],"class_list":["post-37689","post","type-post","status-publish","format-standard","has-post-thumbnail","hentry","category-actualidad","tag-cmpc","tag-costumbristas","tag-festivales","tag-regiones"],"a3_pvc":{"activated":true,"total_views":115,"today_views":0},"_links":{"self":[{"href":"https:\/\/temucotelevision.cl\/web\/wp-json\/wp\/v2\/posts\/37689","targetHints":{"allow":["GET"]}}],"collection":[{"href":"https:\/\/temucotelevision.cl\/web\/wp-json\/wp\/v2\/posts"}],"about":[{"href":"https:\/\/temucotelevision.cl\/web\/wp-json\/wp\/v2\/types\/post"}],"author":[{"embeddable":true,"href":"https:\/\/temucotelevision.cl\/web\/wp-json\/wp\/v2\/users\/1"}],"replies":[{"embeddable":true,"href":"https:\/\/temucotelevision.cl\/web\/wp-json\/wp\/v2\/comments?post=37689"}],"version-history":[{"count":1,"href":"https:\/\/temucotelevision.cl\/web\/wp-json\/wp\/v2\/posts\/37689\/revisions"}],"predecessor-version":[{"id":37690,"href":"https:\/\/temucotelevision.cl\/web\/wp-json\/wp\/v2\/posts\/37689\/revisions\/37690"}],"wp:featuredmedia":[{"embeddable":true,"href":"https:\/\/temucotelevision.cl\/web\/wp-json\/wp\/v2\/media\/8360"}],"wp:attachment":[{"href":"https:\/\/temucotelevision.cl\/web\/wp-json\/wp\/v2\/media?parent=37689"}],"wp:term":[{"taxonomy":"category","embeddable":true,"href":"https:\/\/temucotelevision.cl\/web\/wp-json\/wp\/v2\/categories?post=37689"},{"taxonomy":"post_tag","embeddable":true,"href":"https:\/\/temucotelevision.cl\/web\/wp-json\/wp\/v2\/tags?post=37689"}],"curies":[{"name":"wp","href":"https:\/\/api.w.org\/{rel}","templated":true}]}}