{"id":37687,"date":"2023-01-04T11:02:49","date_gmt":"2023-01-04T14:02:49","guid":{"rendered":"https:\/\/temucotelevision.cl\/web\/?p=37687"},"modified":"2023-01-04T11:02:50","modified_gmt":"2023-01-04T14:02:50","slug":"senador-kast-ingresa-reforma-constitucional-para-eliminar-facultad-presidencial-de-otorgar-indultos","status":"publish","type":"post","link":"https:\/\/temucotelevision.cl\/web\/2023\/01\/04\/senador-kast-ingresa-reforma-constitucional-para-eliminar-facultad-presidencial-de-otorgar-indultos\/","title":{"rendered":"Senador Kast ingresa reforma constitucional para eliminar facultad presidencial de otorgar indultos"},"content":{"rendered":"<div class=\"pvc_clear\"><\/div><p id=\"pvc_stats_37687\" class=\"pvc_stats total_only  \" data-element-id=\"37687\" style=\"\"><i class=\"pvc-stats-icon large\" aria-hidden=\"true\"><svg aria-hidden=\"true\" focusable=\"false\" data-prefix=\"far\" data-icon=\"chart-bar\" role=\"img\" xmlns=\"http:\/\/www.w3.org\/2000\/svg\" viewBox=\"0 0 512 512\" class=\"svg-inline--fa fa-chart-bar fa-w-16 fa-2x\"><path fill=\"currentColor\" d=\"M396.8 352h22.4c6.4 0 12.8-6.4 12.8-12.8V108.8c0-6.4-6.4-12.8-12.8-12.8h-22.4c-6.4 0-12.8 6.4-12.8 12.8v230.4c0 6.4 6.4 12.8 12.8 12.8zm-192 0h22.4c6.4 0 12.8-6.4 12.8-12.8V140.8c0-6.4-6.4-12.8-12.8-12.8h-22.4c-6.4 0-12.8 6.4-12.8 12.8v198.4c0 6.4 6.4 12.8 12.8 12.8zm96 0h22.4c6.4 0 12.8-6.4 12.8-12.8V204.8c0-6.4-6.4-12.8-12.8-12.8h-22.4c-6.4 0-12.8 6.4-12.8 12.8v134.4c0 6.4 6.4 12.8 12.8 12.8zM496 400H48V80c0-8.84-7.16-16-16-16H16C7.16 64 0 71.16 0 80v336c0 17.67 14.33 32 32 32h464c8.84 0 16-7.16 16-16v-16c0-8.84-7.16-16-16-16zm-387.2-48h22.4c6.4 0 12.8-6.4 12.8-12.8v-70.4c0-6.4-6.4-12.8-12.8-12.8h-22.4c-6.4 0-12.8 6.4-12.8 12.8v70.4c0 6.4 6.4 12.8 12.8 12.8z\" class=\"\"><\/path><\/svg><\/i> <img loading=\"lazy\" decoding=\"async\" width=\"16\" height=\"16\" alt=\"Loading\" src=\"https:\/\/temucotelevision.cl\/web\/wp-content\/plugins\/page-views-count\/ajax-loader-2x.gif\" border=0 \/><\/p><div class=\"pvc_clear\"><\/div>\n<p>El senador por la Araucan\u00eda, Felipe Kast, present\u00f3 esta tarde una reforma constitucional que busca eliminar la facultad presidencial de otorgar indultos. Lo anterior, luego de la decisi\u00f3n del mandatario de indultar a 12 condenados en el marco del estallido social y a un ex frentista.<\/p>\n\n\n\n<p>Seg\u00fan explica el texto ingresado, \u201clos recientes indultos fundados en p\u00fablicos compromisos de campa\u00f1a adoptados por el gobierno de turno y en la visi\u00f3n pol\u00edtica que \u00e9l mismo ha declarado tener respecto del denominado estallido social, constituyen una amenaza para la independencia de los poderes del Estado y la confianza de las personas en nuestras instituciones democr\u00e1ticas y su capacidad de lograr la mentada paz social\u201d.<\/p>\n\n\n\n<p>Para&nbsp;Kast, &#8220;esta es una pr\u00e1ctica medieval que hoy d\u00eda no tiene sentido y que solo se presta para las presiones pol\u00edticas y para la indignaci\u00f3n ciudadana, al&nbsp;ver de que&nbsp;existen ciudadanos de primera y segunda categor\u00eda. Aquellos que son capaces de conseguir el favor pol\u00edtico, justamente para saltarse la justicia&#8221;.<\/p>\n\n\n\n<p>\u201cPor lo mismo-continu\u00f3- he decidido impulsar una reforma constitucional que impida que el Presidente de la Rep\u00fablica, cualquiera sea, pueda indultar a personas que han sido condenadas por la justicia, que es un poder aut\u00f3nomo\u201d.&nbsp;<\/p>\n\n\n\n<p>A jucio del parlamentario, \u201cel indulto del presidente Boric a 13 personas, entre las cuales se encuentran personas investigadas y condenadas por la justicia, por homicidio frustrado a la polic\u00eda de investigaciones, por ejemplo, nos demuestra que todo su discurso a favor de la seguridad, en contra de la delincuencia, en contra del terrorismo, a favor de los estados de emergencia, eran simplemente palabras al viento\u201d.<\/p>\n\n\n\n<p>\u201cEsto es una ofensa a miles de personas que lo perdieron todo despu\u00e9s del estallido delictual y no solo eso, sabemos que la gran mayor\u00eda de los delincuentes est\u00e1n libres, y los pocos que finalmente fueron investigados y condenados, hoy d\u00eda el Presidente de la Rep\u00fablica los deja en libertad\u201d, remat\u00f3 el legislador.<\/p>\n\n\n\n<p>Entre quienes firmaron el proyecto se encuentran los senadores Luciano Cruz-Coke de Ev\u00f3poli, y los RN, Rodrigo Galilea y Jos\u00e9 Garc\u00eda Ruminot.<\/p>\n","protected":false},"excerpt":{"rendered":"<div class=\"pvc_clear\"><\/div>\n<p id=\"pvc_stats_37687\" class=\"pvc_stats total_only  \" data-element-id=\"37687\" style=\"\"><i class=\"pvc-stats-icon large\" aria-hidden=\"true\"><svg aria-hidden=\"true\" focusable=\"false\" data-prefix=\"far\" data-icon=\"chart-bar\" role=\"img\" xmlns=\"http:\/\/www.w3.org\/2000\/svg\" viewBox=\"0 0 512 512\" class=\"svg-inline--fa fa-chart-bar fa-w-16 fa-2x\"><path fill=\"currentColor\" d=\"M396.8 352h22.4c6.4 0 12.8-6.4 12.8-12.8V108.8c0-6.4-6.4-12.8-12.8-12.8h-22.4c-6.4 0-12.8 6.4-12.8 12.8v230.4c0 6.4 6.4 12.8 12.8 12.8zm-192 0h22.4c6.4 0 12.8-6.4 12.8-12.8V140.8c0-6.4-6.4-12.8-12.8-12.8h-22.4c-6.4 0-12.8 6.4-12.8 12.8v198.4c0 6.4 6.4 12.8 12.8 12.8zm96 0h22.4c6.4 0 12.8-6.4 12.8-12.8V204.8c0-6.4-6.4-12.8-12.8-12.8h-22.4c-6.4 0-12.8 6.4-12.8 12.8v134.4c0 6.4 6.4 12.8 12.8 12.8zM496 400H48V80c0-8.84-7.16-16-16-16H16C7.16 64 0 71.16 0 80v336c0 17.67 14.33 32 32 32h464c8.84 0 16-7.16 16-16v-16c0-8.84-7.16-16-16-16zm-387.2-48h22.4c6.4 0 12.8-6.4 12.8-12.8v-70.4c0-6.4-6.4-12.8-12.8-12.8h-22.4c-6.4 0-12.8 6.4-12.8 12.8v70.4c0 6.4 6.4 12.8 12.8 12.8z\" class=\"\"><\/path><\/svg><\/i> <img loading=\"lazy\" decoding=\"async\" width=\"16\" height=\"16\" alt=\"Loading\" src=\"https:\/\/temucotelevision.cl\/web\/wp-content\/plugins\/page-views-count\/ajax-loader-2x.gif\" border=0 \/><\/p>\n<div class=\"pvc_clear\"><\/div>\n<p>El senador por la Araucan\u00eda, Felipe Kast, present\u00f3 esta tarde una reforma constitucional que busca eliminar la facultad presidencial de<\/p>\n","protected":false},"author":1,"featured_media":33371,"comment_status":"open","ping_status":"open","sticky":false,"template":"","format":"standard","meta":{"colormag_page_container_layout":"default_layout","colormag_page_sidebar_layout":"default_layout","footnotes":""},"categories":[84],"tags":[6054,1761,176,112,1261],"class_list":["post-37687","post","type-post","status-publish","format-standard","has-post-thumbnail","hentry","category-politica","tag-indultos","tag-kast","tag-presidente","tag-reforma","tag-senador"],"a3_pvc":{"activated":true,"total_views":84,"today_views":0},"_links":{"self":[{"href":"https:\/\/temucotelevision.cl\/web\/wp-json\/wp\/v2\/posts\/37687","targetHints":{"allow":["GET"]}}],"collection":[{"href":"https:\/\/temucotelevision.cl\/web\/wp-json\/wp\/v2\/posts"}],"about":[{"href":"https:\/\/temucotelevision.cl\/web\/wp-json\/wp\/v2\/types\/post"}],"author":[{"embeddable":true,"href":"https:\/\/temucotelevision.cl\/web\/wp-json\/wp\/v2\/users\/1"}],"replies":[{"embeddable":true,"href":"https:\/\/temucotelevision.cl\/web\/wp-json\/wp\/v2\/comments?post=37687"}],"version-history":[{"count":1,"href":"https:\/\/temucotelevision.cl\/web\/wp-json\/wp\/v2\/posts\/37687\/revisions"}],"predecessor-version":[{"id":37688,"href":"https:\/\/temucotelevision.cl\/web\/wp-json\/wp\/v2\/posts\/37687\/revisions\/37688"}],"wp:featuredmedia":[{"embeddable":true,"href":"https:\/\/temucotelevision.cl\/web\/wp-json\/wp\/v2\/media\/33371"}],"wp:attachment":[{"href":"https:\/\/temucotelevision.cl\/web\/wp-json\/wp\/v2\/media?parent=37687"}],"wp:term":[{"taxonomy":"category","embeddable":true,"href":"https:\/\/temucotelevision.cl\/web\/wp-json\/wp\/v2\/categories?post=37687"},{"taxonomy":"post_tag","embeddable":true,"href":"https:\/\/temucotelevision.cl\/web\/wp-json\/wp\/v2\/tags?post=37687"}],"curies":[{"name":"wp","href":"https:\/\/api.w.org\/{rel}","templated":true}]}}