{"id":37684,"date":"2023-01-04T10:34:41","date_gmt":"2023-01-04T13:34:41","guid":{"rendered":"https:\/\/temucotelevision.cl\/web\/?p=37684"},"modified":"2023-01-04T10:34:41","modified_gmt":"2023-01-04T13:34:41","slug":"delegado-presidencial-jose-montalva-realiza-balance-de-fiestas-de-fin-de-ano-y-hechos-de-violencia-en-2022","status":"publish","type":"post","link":"https:\/\/temucotelevision.cl\/web\/2023\/01\/04\/delegado-presidencial-jose-montalva-realiza-balance-de-fiestas-de-fin-de-ano-y-hechos-de-violencia-en-2022\/","title":{"rendered":"Delegado Presidencial Jos\u00e9 Montalva realiza balance de fiestas de fin de a\u00f1o y hechos de violencia en 2022"},"content":{"rendered":"<div class=\"pvc_clear\"><\/div><p id=\"pvc_stats_37684\" class=\"pvc_stats total_only  \" data-element-id=\"37684\" style=\"\"><i class=\"pvc-stats-icon large\" aria-hidden=\"true\"><svg aria-hidden=\"true\" focusable=\"false\" data-prefix=\"far\" data-icon=\"chart-bar\" role=\"img\" xmlns=\"http:\/\/www.w3.org\/2000\/svg\" viewBox=\"0 0 512 512\" class=\"svg-inline--fa fa-chart-bar fa-w-16 fa-2x\"><path fill=\"currentColor\" d=\"M396.8 352h22.4c6.4 0 12.8-6.4 12.8-12.8V108.8c0-6.4-6.4-12.8-12.8-12.8h-22.4c-6.4 0-12.8 6.4-12.8 12.8v230.4c0 6.4 6.4 12.8 12.8 12.8zm-192 0h22.4c6.4 0 12.8-6.4 12.8-12.8V140.8c0-6.4-6.4-12.8-12.8-12.8h-22.4c-6.4 0-12.8 6.4-12.8 12.8v198.4c0 6.4 6.4 12.8 12.8 12.8zm96 0h22.4c6.4 0 12.8-6.4 12.8-12.8V204.8c0-6.4-6.4-12.8-12.8-12.8h-22.4c-6.4 0-12.8 6.4-12.8 12.8v134.4c0 6.4 6.4 12.8 12.8 12.8zM496 400H48V80c0-8.84-7.16-16-16-16H16C7.16 64 0 71.16 0 80v336c0 17.67 14.33 32 32 32h464c8.84 0 16-7.16 16-16v-16c0-8.84-7.16-16-16-16zm-387.2-48h22.4c6.4 0 12.8-6.4 12.8-12.8v-70.4c0-6.4-6.4-12.8-12.8-12.8h-22.4c-6.4 0-12.8 6.4-12.8 12.8v70.4c0 6.4 6.4 12.8 12.8 12.8z\" class=\"\"><\/path><\/svg><\/i> <img loading=\"lazy\" decoding=\"async\" width=\"16\" height=\"16\" alt=\"Loading\" src=\"https:\/\/temucotelevision.cl\/web\/wp-content\/plugins\/page-views-count\/ajax-loader-2x.gif\" border=0 \/><\/p><div class=\"pvc_clear\"><\/div>\n<p>En un 50% disminuy\u00f3 la cantidad de fallecidos en fiestas de fin de a\u00f1o. As\u00ed lo dio a conocer hoy martes el delegado presidencial Jos\u00e9 Montalva, en el marco de un balance del Comit\u00e9 Policial, instancia de coordinaci\u00f3n institucional que se realiza todas las semanas y en la que participan Carabineros, PDI, Gendarmer\u00eda, Fiscal\u00eda junto a la Delegaci\u00f3n Presidencial.<\/p>\n\n\n\n<p>Las cifras indican que \u201cpese a gran flujo de fiestas de fin de a\u00f1o, hemos bajado los accidentes que hubo en estas mismas fechas el a\u00f1o 2021, pese a que a\u00fan hab\u00eda restricciones de la pandemia. Tenemos 50% menos. En 2021 hubo 6 fallecidos, este a\u00f1o hubo 3 fallecidos\u201d, se\u00f1al\u00f3 la autoridad.<\/p>\n\n\n\n<p>Carabineros de Chile detuvo a 28 conductores en estado de ebriedad, a 5 conductores bajo la influencia del alcohol y a 3 por consumo de marihuana y coca\u00edna.<\/p>\n\n\n\n<p>Senda Araucan\u00eda, instituci\u00f3n que particip\u00f3 con intensas fiscalizaciones en diversos puntos de la regi\u00f3n, recalc\u00f3 que \u201cnuestro llamado es enf\u00e1tico, el alcohol y otras drogas no son compatibles con la conducci\u00f3n, porque el conductor pone en riesgo su vida y la de quienes lo rodean. Estos controles se realizan durante todo el a\u00f1o, en todas las comunas de La Araucan\u00eda de manera aleatoria y la finalidad es instalar una cultura preventiva donde los conductores interioricen el autocuidado y no tengamos que sacar de circulaci\u00f3n a quienes conducen de manera irresponsable\u201d.<\/p>\n\n\n\n<p>DISMINUCION DE HECHOS DE VIOLENCIA RURAL EN 2022<\/p>\n\n\n\n<p>En la sesi\u00f3n de Comit\u00e9 Policial, tambi\u00e9n se hizo una evaluaci\u00f3n de los hechos de violencia rural que hubo en 2022 en comparaci\u00f3n con 2021, lo que arroj\u00f3 una importante disminuci\u00f3n favorable al a\u00f1o que reci\u00e9n termin\u00f3.<\/p>\n\n\n\n<p>\u201cEn 2021 hubo 1057 casos relacionados a hechos de violencia rural y en 2022 hubo 636 relacionados a la violencia rural. Es decir, hubo 39% menos de hechos en 2022 en relaci\u00f3n a 2021\u201d, recalc\u00f3.<\/p>\n\n\n\n<p>Montalva a\u00f1adi\u00f3 que \u201chay un trabajo claro en este gobierno en la desarticulaci\u00f3n del crimen organizado, respecto al robo de madera, operativos de droga que no hab\u00edan existido antes, que hay una decisi\u00f3n del gobierno por enfrentarla con mano dura\u201d.<br>Sobre la subida de los delitos de connotaci\u00f3n p\u00fablica, el delegado explic\u00f3 que \u201cesto se debe a la distorsi\u00f3n del a\u00f1o 2021 que estuvimos en pandemia\u201d.<\/p>\n\n\n\n<p>En relaci\u00f3n a los incendios forestales, el delegado aclar\u00f3 que hay 25 investigaciones activas de parte del Ministerio P\u00fablico, respecto al origen de estos siniestros.<\/p>\n\n\n\n<p>Tambi\u00e9n lament\u00f3 el fallecimiento del joven piloto de 34 a\u00f1os, que perdi\u00f3 la vida en el sector de Quetre, comuna de Galvarino mientras trabajaba combatiendo el incendio forestal que amenazaba con propagarse a sectores habitados.<\/p>\n\n\n\n<p>\u201cPreliminarmente la PDI ha se\u00f1alado que no habr\u00eda antecedentes de la intervenci\u00f3n de terceros involucrados. Hay que esperar que termine la investigaci\u00f3n\u201d, indic\u00f3.<\/p>\n","protected":false},"excerpt":{"rendered":"<div class=\"pvc_clear\"><\/div>\n<p id=\"pvc_stats_37684\" class=\"pvc_stats total_only  \" data-element-id=\"37684\" style=\"\"><i class=\"pvc-stats-icon large\" aria-hidden=\"true\"><svg aria-hidden=\"true\" focusable=\"false\" data-prefix=\"far\" data-icon=\"chart-bar\" role=\"img\" xmlns=\"http:\/\/www.w3.org\/2000\/svg\" viewBox=\"0 0 512 512\" class=\"svg-inline--fa fa-chart-bar fa-w-16 fa-2x\"><path fill=\"currentColor\" d=\"M396.8 352h22.4c6.4 0 12.8-6.4 12.8-12.8V108.8c0-6.4-6.4-12.8-12.8-12.8h-22.4c-6.4 0-12.8 6.4-12.8 12.8v230.4c0 6.4 6.4 12.8 12.8 12.8zm-192 0h22.4c6.4 0 12.8-6.4 12.8-12.8V140.8c0-6.4-6.4-12.8-12.8-12.8h-22.4c-6.4 0-12.8 6.4-12.8 12.8v198.4c0 6.4 6.4 12.8 12.8 12.8zm96 0h22.4c6.4 0 12.8-6.4 12.8-12.8V204.8c0-6.4-6.4-12.8-12.8-12.8h-22.4c-6.4 0-12.8 6.4-12.8 12.8v134.4c0 6.4 6.4 12.8 12.8 12.8zM496 400H48V80c0-8.84-7.16-16-16-16H16C7.16 64 0 71.16 0 80v336c0 17.67 14.33 32 32 32h464c8.84 0 16-7.16 16-16v-16c0-8.84-7.16-16-16-16zm-387.2-48h22.4c6.4 0 12.8-6.4 12.8-12.8v-70.4c0-6.4-6.4-12.8-12.8-12.8h-22.4c-6.4 0-12.8 6.4-12.8 12.8v70.4c0 6.4 6.4 12.8 12.8 12.8z\" class=\"\"><\/path><\/svg><\/i> <img loading=\"lazy\" decoding=\"async\" width=\"16\" height=\"16\" alt=\"Loading\" src=\"https:\/\/temucotelevision.cl\/web\/wp-content\/plugins\/page-views-count\/ajax-loader-2x.gif\" border=0 \/><\/p>\n<div class=\"pvc_clear\"><\/div>\n<p>En un 50% disminuy\u00f3 la cantidad de fallecidos en fiestas de fin de a\u00f1o. As\u00ed lo dio a conocer hoy<\/p>\n","protected":false},"author":1,"featured_media":37424,"comment_status":"open","ping_status":"open","sticky":false,"template":"","format":"standard","meta":{"colormag_page_container_layout":"default_layout","colormag_page_sidebar_layout":"default_layout","footnotes":""},"categories":[15],"tags":[1443,3258,1434,1237],"class_list":["post-37684","post","type-post","status-publish","format-standard","has-post-thumbnail","hentry","category-la-araucania","tag-balance","tag-delegado","tag-fiestas","tag-violencia"],"a3_pvc":{"activated":true,"total_views":45,"today_views":0},"_links":{"self":[{"href":"https:\/\/temucotelevision.cl\/web\/wp-json\/wp\/v2\/posts\/37684","targetHints":{"allow":["GET"]}}],"collection":[{"href":"https:\/\/temucotelevision.cl\/web\/wp-json\/wp\/v2\/posts"}],"about":[{"href":"https:\/\/temucotelevision.cl\/web\/wp-json\/wp\/v2\/types\/post"}],"author":[{"embeddable":true,"href":"https:\/\/temucotelevision.cl\/web\/wp-json\/wp\/v2\/users\/1"}],"replies":[{"embeddable":true,"href":"https:\/\/temucotelevision.cl\/web\/wp-json\/wp\/v2\/comments?post=37684"}],"version-history":[{"count":1,"href":"https:\/\/temucotelevision.cl\/web\/wp-json\/wp\/v2\/posts\/37684\/revisions"}],"predecessor-version":[{"id":37686,"href":"https:\/\/temucotelevision.cl\/web\/wp-json\/wp\/v2\/posts\/37684\/revisions\/37686"}],"wp:featuredmedia":[{"embeddable":true,"href":"https:\/\/temucotelevision.cl\/web\/wp-json\/wp\/v2\/media\/37424"}],"wp:attachment":[{"href":"https:\/\/temucotelevision.cl\/web\/wp-json\/wp\/v2\/media?parent=37684"}],"wp:term":[{"taxonomy":"category","embeddable":true,"href":"https:\/\/temucotelevision.cl\/web\/wp-json\/wp\/v2\/categories?post=37684"},{"taxonomy":"post_tag","embeddable":true,"href":"https:\/\/temucotelevision.cl\/web\/wp-json\/wp\/v2\/tags?post=37684"}],"curies":[{"name":"wp","href":"https:\/\/api.w.org\/{rel}","templated":true}]}}