{"id":37682,"date":"2023-01-04T10:12:05","date_gmt":"2023-01-04T13:12:05","guid":{"rendered":"https:\/\/temucotelevision.cl\/web\/?p=37682"},"modified":"2023-01-04T10:12:06","modified_gmt":"2023-01-04T13:12:06","slug":"tribunal-de-temuco-condena-a-5-anos-y-un-dia-de-presidio-a-autor-de-abuso-sexual-infantil-reiterado","status":"publish","type":"post","link":"https:\/\/temucotelevision.cl\/web\/2023\/01\/04\/tribunal-de-temuco-condena-a-5-anos-y-un-dia-de-presidio-a-autor-de-abuso-sexual-infantil-reiterado\/","title":{"rendered":"Tribunal de Temuco condena a 5 a\u00f1os y un d\u00eda de presidio a autor de abuso sexual infantil reiterado"},"content":{"rendered":"<div class=\"pvc_clear\"><\/div><p id=\"pvc_stats_37682\" class=\"pvc_stats total_only  \" data-element-id=\"37682\" style=\"\"><i class=\"pvc-stats-icon large\" aria-hidden=\"true\"><svg aria-hidden=\"true\" focusable=\"false\" data-prefix=\"far\" data-icon=\"chart-bar\" role=\"img\" xmlns=\"http:\/\/www.w3.org\/2000\/svg\" viewBox=\"0 0 512 512\" class=\"svg-inline--fa fa-chart-bar fa-w-16 fa-2x\"><path fill=\"currentColor\" d=\"M396.8 352h22.4c6.4 0 12.8-6.4 12.8-12.8V108.8c0-6.4-6.4-12.8-12.8-12.8h-22.4c-6.4 0-12.8 6.4-12.8 12.8v230.4c0 6.4 6.4 12.8 12.8 12.8zm-192 0h22.4c6.4 0 12.8-6.4 12.8-12.8V140.8c0-6.4-6.4-12.8-12.8-12.8h-22.4c-6.4 0-12.8 6.4-12.8 12.8v198.4c0 6.4 6.4 12.8 12.8 12.8zm96 0h22.4c6.4 0 12.8-6.4 12.8-12.8V204.8c0-6.4-6.4-12.8-12.8-12.8h-22.4c-6.4 0-12.8 6.4-12.8 12.8v134.4c0 6.4 6.4 12.8 12.8 12.8zM496 400H48V80c0-8.84-7.16-16-16-16H16C7.16 64 0 71.16 0 80v336c0 17.67 14.33 32 32 32h464c8.84 0 16-7.16 16-16v-16c0-8.84-7.16-16-16-16zm-387.2-48h22.4c6.4 0 12.8-6.4 12.8-12.8v-70.4c0-6.4-6.4-12.8-12.8-12.8h-22.4c-6.4 0-12.8 6.4-12.8 12.8v70.4c0 6.4 6.4 12.8 12.8 12.8z\" class=\"\"><\/path><\/svg><\/i> <img loading=\"lazy\" decoding=\"async\" width=\"16\" height=\"16\" alt=\"Loading\" src=\"https:\/\/temucotelevision.cl\/web\/wp-content\/plugins\/page-views-count\/ajax-loader-2x.gif\" border=0 \/><\/p><div class=\"pvc_clear\"><\/div>\n<blockquote class=\"wp-block-quote is-layout-flow wp-block-quote-is-layout-flow\"><p>El Tribunal de Juicio Oral en lo Penal de Temuco conden\u00f3 a W.L.R.M. a la pena \u00fanica de 5 a\u00f1os y un d\u00eda de presidio, en calidad de autor del delito consumado y reiterado de abuso sexual de menor de 14 a\u00f1os de edad. Il\u00edcitos perpetrados entre 2018 y 2019, en la comuna.<\/p><\/blockquote>\n\n\n\n<p>El Tribunal de Juicio Oral en lo Penal de Temuco conden\u00f3 a W.L.R.M. a la pena \u00fanica de 5 a\u00f1os y un d\u00eda de presidio, en calidad de autor del delito consumado y reiterado de abuso sexual de menor de 14 a\u00f1os de edad. Il\u00edcitos perpetrados entre 2018 y 2019, en la comuna.<\/p>\n\n\n\n<p>En fallo un\u00e1nime, el tribunal \u2013integrado por los magistrados Wilfred Ziehlmann Zamorano (presidente), Luis Sarmiento Luarte y Patricia Abollado Vivanco (redactora)\u2013 aplic\u00f3, adem\u00e1s, a W.L.R.M. las accesorias legales de inhabilitaci\u00f3n absoluta perpetua para cargos y oficios p\u00fablicos y derechos pol\u00edticos y la inhabilitaci\u00f3n absoluta para profesiones titulares durante el tiempo de la condena.<\/p>\n\n\n\n<p>Asimismo, el condenado deber\u00e1 cumplir las penas especiales de interdicci\u00f3n del derecho de ejercer la guarda y ser o\u00eddo como pariente en los casos que la ley designa; la sujeci\u00f3n a la vigilancia de la autoridad durante los 10 a\u00f1os siguientes al cumplimiento de la pena principal; la inhabilitaci\u00f3n absoluta perpetua para cargos, empleos, oficios o profesiones ejercidos en \u00e1mbitos educacionales o que involucren una relaci\u00f3n directa y habitual con personas menores de edad, y la prohibici\u00f3n de acercarse a la v\u00edctima y a su familia, visitar el domicilio, lugar de trabajo o establecimiento educacional o cualquier sitio que frecuente, por 10 a\u00f1os.<\/p>\n\n\n\n<p>Una vez que el fallo quede ejecutoriado, el tribunal dispuso que se proceda a la toma de muestras biol\u00f3gicas del sentenciado para determinar su huella gen\u00e9tica e inclusi\u00f3n en el registro nacional de ADN de condenados.<\/p>\n\n\n\n<p>El tribunal dio por acreditado, m\u00e1s all\u00e1 de toda duda razonable, que durante los fines de semana comprendidos entre marzo de 2018 y diciembre de 2019, en el domicilio del acusado y abuelo de la v\u00edctima de 9 y 10 a\u00f1os de edad a dicha \u00e9poca, en la comuna de Temuco, mientras la menor estaba en el dormitorio viendo televisi\u00f3n, W.L.R.M. efectu\u00f3 en reiteradas ocasiones, actos de relevancia y significaci\u00f3n sexual en perjuicio de la ni\u00f1a.<\/p>\n","protected":false},"excerpt":{"rendered":"<div class=\"pvc_clear\"><\/div>\n<p id=\"pvc_stats_37682\" class=\"pvc_stats total_only  \" data-element-id=\"37682\" style=\"\"><i class=\"pvc-stats-icon large\" aria-hidden=\"true\"><svg aria-hidden=\"true\" focusable=\"false\" data-prefix=\"far\" data-icon=\"chart-bar\" role=\"img\" xmlns=\"http:\/\/www.w3.org\/2000\/svg\" viewBox=\"0 0 512 512\" class=\"svg-inline--fa fa-chart-bar fa-w-16 fa-2x\"><path fill=\"currentColor\" d=\"M396.8 352h22.4c6.4 0 12.8-6.4 12.8-12.8V108.8c0-6.4-6.4-12.8-12.8-12.8h-22.4c-6.4 0-12.8 6.4-12.8 12.8v230.4c0 6.4 6.4 12.8 12.8 12.8zm-192 0h22.4c6.4 0 12.8-6.4 12.8-12.8V140.8c0-6.4-6.4-12.8-12.8-12.8h-22.4c-6.4 0-12.8 6.4-12.8 12.8v198.4c0 6.4 6.4 12.8 12.8 12.8zm96 0h22.4c6.4 0 12.8-6.4 12.8-12.8V204.8c0-6.4-6.4-12.8-12.8-12.8h-22.4c-6.4 0-12.8 6.4-12.8 12.8v134.4c0 6.4 6.4 12.8 12.8 12.8zM496 400H48V80c0-8.84-7.16-16-16-16H16C7.16 64 0 71.16 0 80v336c0 17.67 14.33 32 32 32h464c8.84 0 16-7.16 16-16v-16c0-8.84-7.16-16-16-16zm-387.2-48h22.4c6.4 0 12.8-6.4 12.8-12.8v-70.4c0-6.4-6.4-12.8-12.8-12.8h-22.4c-6.4 0-12.8 6.4-12.8 12.8v70.4c0 6.4 6.4 12.8 12.8 12.8z\" class=\"\"><\/path><\/svg><\/i> <img loading=\"lazy\" decoding=\"async\" width=\"16\" height=\"16\" alt=\"Loading\" src=\"https:\/\/temucotelevision.cl\/web\/wp-content\/plugins\/page-views-count\/ajax-loader-2x.gif\" border=0 \/><\/p>\n<div class=\"pvc_clear\"><\/div>\n<p>El Tribunal de Juicio Oral en lo Penal de Temuco conden\u00f3 a W.L.R.M. a la pena \u00fanica de 5 a\u00f1os<\/p>\n","protected":false},"author":1,"featured_media":9743,"comment_status":"open","ping_status":"open","sticky":false,"template":"","format":"standard","meta":{"colormag_page_container_layout":"default_layout","colormag_page_sidebar_layout":"default_layout","footnotes":""},"categories":[14],"tags":[1231,219,1438,2387],"class_list":["post-37682","post","type-post","status-publish","format-standard","has-post-thumbnail","hentry","category-temuco","tag-abuso","tag-condena","tag-sexual","tag-top"],"a3_pvc":{"activated":true,"total_views":89,"today_views":0},"_links":{"self":[{"href":"https:\/\/temucotelevision.cl\/web\/wp-json\/wp\/v2\/posts\/37682","targetHints":{"allow":["GET"]}}],"collection":[{"href":"https:\/\/temucotelevision.cl\/web\/wp-json\/wp\/v2\/posts"}],"about":[{"href":"https:\/\/temucotelevision.cl\/web\/wp-json\/wp\/v2\/types\/post"}],"author":[{"embeddable":true,"href":"https:\/\/temucotelevision.cl\/web\/wp-json\/wp\/v2\/users\/1"}],"replies":[{"embeddable":true,"href":"https:\/\/temucotelevision.cl\/web\/wp-json\/wp\/v2\/comments?post=37682"}],"version-history":[{"count":1,"href":"https:\/\/temucotelevision.cl\/web\/wp-json\/wp\/v2\/posts\/37682\/revisions"}],"predecessor-version":[{"id":37683,"href":"https:\/\/temucotelevision.cl\/web\/wp-json\/wp\/v2\/posts\/37682\/revisions\/37683"}],"wp:featuredmedia":[{"embeddable":true,"href":"https:\/\/temucotelevision.cl\/web\/wp-json\/wp\/v2\/media\/9743"}],"wp:attachment":[{"href":"https:\/\/temucotelevision.cl\/web\/wp-json\/wp\/v2\/media?parent=37682"}],"wp:term":[{"taxonomy":"category","embeddable":true,"href":"https:\/\/temucotelevision.cl\/web\/wp-json\/wp\/v2\/categories?post=37682"},{"taxonomy":"post_tag","embeddable":true,"href":"https:\/\/temucotelevision.cl\/web\/wp-json\/wp\/v2\/tags?post=37682"}],"curies":[{"name":"wp","href":"https:\/\/api.w.org\/{rel}","templated":true}]}}