{"id":37680,"date":"2023-01-04T10:02:03","date_gmt":"2023-01-04T13:02:03","guid":{"rendered":"https:\/\/temucotelevision.cl\/web\/?p=37680"},"modified":"2023-01-04T10:02:04","modified_gmt":"2023-01-04T13:02:04","slug":"top-de-temuco-fija-fecha-para-audiencia-de-juicio-oral-en-contra-de-martin-pradenas-durr","status":"publish","type":"post","link":"https:\/\/temucotelevision.cl\/web\/2023\/01\/04\/top-de-temuco-fija-fecha-para-audiencia-de-juicio-oral-en-contra-de-martin-pradenas-durr\/","title":{"rendered":"TOP de Temuco fija fecha para audiencia de juicio oral en contra de Mart\u00edn Pradenas D\u00fcrr"},"content":{"rendered":"<div class=\"pvc_clear\"><\/div><p id=\"pvc_stats_37680\" class=\"pvc_stats total_only  \" data-element-id=\"37680\" style=\"\"><i class=\"pvc-stats-icon large\" aria-hidden=\"true\"><svg aria-hidden=\"true\" focusable=\"false\" data-prefix=\"far\" data-icon=\"chart-bar\" role=\"img\" xmlns=\"http:\/\/www.w3.org\/2000\/svg\" viewBox=\"0 0 512 512\" class=\"svg-inline--fa fa-chart-bar fa-w-16 fa-2x\"><path fill=\"currentColor\" d=\"M396.8 352h22.4c6.4 0 12.8-6.4 12.8-12.8V108.8c0-6.4-6.4-12.8-12.8-12.8h-22.4c-6.4 0-12.8 6.4-12.8 12.8v230.4c0 6.4 6.4 12.8 12.8 12.8zm-192 0h22.4c6.4 0 12.8-6.4 12.8-12.8V140.8c0-6.4-6.4-12.8-12.8-12.8h-22.4c-6.4 0-12.8 6.4-12.8 12.8v198.4c0 6.4 6.4 12.8 12.8 12.8zm96 0h22.4c6.4 0 12.8-6.4 12.8-12.8V204.8c0-6.4-6.4-12.8-12.8-12.8h-22.4c-6.4 0-12.8 6.4-12.8 12.8v134.4c0 6.4 6.4 12.8 12.8 12.8zM496 400H48V80c0-8.84-7.16-16-16-16H16C7.16 64 0 71.16 0 80v336c0 17.67 14.33 32 32 32h464c8.84 0 16-7.16 16-16v-16c0-8.84-7.16-16-16-16zm-387.2-48h22.4c6.4 0 12.8-6.4 12.8-12.8v-70.4c0-6.4-6.4-12.8-12.8-12.8h-22.4c-6.4 0-12.8 6.4-12.8 12.8v70.4c0 6.4 6.4 12.8 12.8 12.8z\" class=\"\"><\/path><\/svg><\/i> <img loading=\"lazy\" decoding=\"async\" width=\"16\" height=\"16\" alt=\"Loading\" src=\"https:\/\/temucotelevision.cl\/web\/wp-content\/plugins\/page-views-count\/ajax-loader-2x.gif\" border=0 \/><\/p><div class=\"pvc_clear\"><\/div>\n<blockquote class=\"wp-block-quote is-layout-flow wp-block-quote-is-layout-flow\"><p>En Tribunal de Juicio Oral en lo Penal de Temuco para el jueves 30 de marzo pr\u00f3ximo, el inicio del proceso en contra de Mart\u00edn Nicol\u00e1s Ignacio Pradenas D\u00fcrr.<\/p><\/blockquote>\n\n\n\n<p>En Tribunal de Juicio Oral en lo Penal de Temuco fij\u00f3 hoy \u2013martes 3 de enero\u2013 para el jueves 30 de marzo pr\u00f3ximo, el inicio del proceso en contra de Mart\u00edn Nicol\u00e1s Ignacio Pradenas D\u00fcrr, acusado por el Ministerio P\u00fablico en calidad de autor de cuatro delitos consumados de abuso sexual de mayor de 14 a\u00f1os, un delito consumado de abuso sexual de menor de 14 a\u00f1os y un delito de violaci\u00f3n de mayor de 14 a\u00f1os. Il\u00edcitos que habr\u00eda cometido entre noviembre de 2010 y septiembre de 2019, en la ciudad y en la comuna de Puc\u00f3n.<\/p>\n\n\n\n<p>La resoluci\u00f3n fue adoptada por la magistrada Patricia Abollado Vivanco, quien presidir\u00e1 la sala que integrar\u00e1n, adem\u00e1s, los magistrados Jos\u00e9 Ignacio Rau Atria y Roc\u00edo Pinilla Dabbadie, en calidad de tercer integrante y redactora, respectivamente.<\/p>\n\n\n\n<p>\u201cConforme lo informado por el se\u00f1or Administrador del Tribunal, en cumplimiento de lo ordenado en la referida resoluci\u00f3n, Acuerdos de Comit\u00e9 de Jueces N\u00b0 002\/2022 y 012\/2018 y disponibilidad de agenda, fijase para los efectos del nuevo Juicio Oral&nbsp;<strong><u>la audiencia del d\u00eda 30 de MARZO de 2023 a las 09:00 horas<\/u><\/strong>&nbsp;(programada para 37 d\u00edas h\u00e1biles de duraci\u00f3n, de lunes a viernes, finalizando 02 de junio de 2023, por actividades de revalidaci\u00f3n de la acreditaci\u00f3n de intermediario de los jueces conforme Ley 21.057, se excluyen los d\u00edas 05, 08, 09 y 12 de mayo de 2023), en el lugar asiento de este Tribunal, ubicado en calle Manuel Bulnes N\u00b0 0465 de esta ciudad\u201d,&nbsp;consigna la resoluci\u00f3n.<\/p>\n\n\n\n<p>\u201c(\u2026) se asigna la presente causa a una&nbsp;<strong><u>Sala no Inhabilitada<\/u><\/strong>, la que quedar\u00e1 conformada con los jueces&nbsp;<strong>Patricia Abollado Vivanco<\/strong>, quien la presidir\u00e1,&nbsp;<strong>Roc\u00edo Pinilla Dabbadie<\/strong>, en calidad de redactora y&nbsp;<strong>Jos\u00e9 Ignacio Rau Atria&nbsp;<\/strong>integrante\u201d, a\u00f1ade.<\/p>\n\n\n\n<p>El tribunal orden\u00f3 notificar a todos los intervinientes en la causa y, asimismo que: \u201cNotif\u00edquese la presente resoluci\u00f3n personalmente al acusado antes individualizado, por conducto del se\u00f1or Alcaide de la Unidad Penal de Valdivia en que actualmente se encuentra recluido, expresamente bajo los apercibimientos contenidos en el art\u00edculo 33 inciso 3\u00b0, 127 inciso 2\u00b0 y 141 inciso 4\u00b0 del C\u00f3digo Procesal Penal, diligencia que se cumplir\u00e1 de conformidad a lo estipulado en el art\u00edculo 29 del C\u00f3digo Procesal Penal\u201d.<\/p>\n","protected":false},"excerpt":{"rendered":"<div class=\"pvc_clear\"><\/div>\n<p id=\"pvc_stats_37680\" class=\"pvc_stats total_only  \" data-element-id=\"37680\" style=\"\"><i class=\"pvc-stats-icon large\" aria-hidden=\"true\"><svg aria-hidden=\"true\" focusable=\"false\" data-prefix=\"far\" data-icon=\"chart-bar\" role=\"img\" xmlns=\"http:\/\/www.w3.org\/2000\/svg\" viewBox=\"0 0 512 512\" class=\"svg-inline--fa fa-chart-bar fa-w-16 fa-2x\"><path fill=\"currentColor\" d=\"M396.8 352h22.4c6.4 0 12.8-6.4 12.8-12.8V108.8c0-6.4-6.4-12.8-12.8-12.8h-22.4c-6.4 0-12.8 6.4-12.8 12.8v230.4c0 6.4 6.4 12.8 12.8 12.8zm-192 0h22.4c6.4 0 12.8-6.4 12.8-12.8V140.8c0-6.4-6.4-12.8-12.8-12.8h-22.4c-6.4 0-12.8 6.4-12.8 12.8v198.4c0 6.4 6.4 12.8 12.8 12.8zm96 0h22.4c6.4 0 12.8-6.4 12.8-12.8V204.8c0-6.4-6.4-12.8-12.8-12.8h-22.4c-6.4 0-12.8 6.4-12.8 12.8v134.4c0 6.4 6.4 12.8 12.8 12.8zM496 400H48V80c0-8.84-7.16-16-16-16H16C7.16 64 0 71.16 0 80v336c0 17.67 14.33 32 32 32h464c8.84 0 16-7.16 16-16v-16c0-8.84-7.16-16-16-16zm-387.2-48h22.4c6.4 0 12.8-6.4 12.8-12.8v-70.4c0-6.4-6.4-12.8-12.8-12.8h-22.4c-6.4 0-12.8 6.4-12.8 12.8v70.4c0 6.4 6.4 12.8 12.8 12.8z\" class=\"\"><\/path><\/svg><\/i> <img loading=\"lazy\" decoding=\"async\" width=\"16\" height=\"16\" alt=\"Loading\" src=\"https:\/\/temucotelevision.cl\/web\/wp-content\/plugins\/page-views-count\/ajax-loader-2x.gif\" border=0 \/><\/p>\n<div class=\"pvc_clear\"><\/div>\n<p>En Tribunal de Juicio Oral en lo Penal de Temuco para el jueves 30 de marzo pr\u00f3ximo, el inicio del<\/p>\n","protected":false},"author":1,"featured_media":34218,"comment_status":"open","ping_status":"open","sticky":false,"template":"","format":"standard","meta":{"colormag_page_container_layout":"default_layout","colormag_page_sidebar_layout":"default_layout","footnotes":""},"categories":[14],"tags":[1657,1044,2797,1045,78,2387],"class_list":["post-37680","post","type-post","status-publish","format-standard","has-post-thumbnail","hentry","category-temuco","tag-audiencia","tag-juicio","tag-martin-pradenas","tag-oral","tag-temuco","tag-top"],"a3_pvc":{"activated":true,"total_views":73,"today_views":0},"_links":{"self":[{"href":"https:\/\/temucotelevision.cl\/web\/wp-json\/wp\/v2\/posts\/37680","targetHints":{"allow":["GET"]}}],"collection":[{"href":"https:\/\/temucotelevision.cl\/web\/wp-json\/wp\/v2\/posts"}],"about":[{"href":"https:\/\/temucotelevision.cl\/web\/wp-json\/wp\/v2\/types\/post"}],"author":[{"embeddable":true,"href":"https:\/\/temucotelevision.cl\/web\/wp-json\/wp\/v2\/users\/1"}],"replies":[{"embeddable":true,"href":"https:\/\/temucotelevision.cl\/web\/wp-json\/wp\/v2\/comments?post=37680"}],"version-history":[{"count":1,"href":"https:\/\/temucotelevision.cl\/web\/wp-json\/wp\/v2\/posts\/37680\/revisions"}],"predecessor-version":[{"id":37681,"href":"https:\/\/temucotelevision.cl\/web\/wp-json\/wp\/v2\/posts\/37680\/revisions\/37681"}],"wp:featuredmedia":[{"embeddable":true,"href":"https:\/\/temucotelevision.cl\/web\/wp-json\/wp\/v2\/media\/34218"}],"wp:attachment":[{"href":"https:\/\/temucotelevision.cl\/web\/wp-json\/wp\/v2\/media?parent=37680"}],"wp:term":[{"taxonomy":"category","embeddable":true,"href":"https:\/\/temucotelevision.cl\/web\/wp-json\/wp\/v2\/categories?post=37680"},{"taxonomy":"post_tag","embeddable":true,"href":"https:\/\/temucotelevision.cl\/web\/wp-json\/wp\/v2\/tags?post=37680"}],"curies":[{"name":"wp","href":"https:\/\/api.w.org\/{rel}","templated":true}]}}