{"id":37677,"date":"2023-01-03T20:07:45","date_gmt":"2023-01-03T23:07:45","guid":{"rendered":"https:\/\/temucotelevision.cl\/web\/?p=37677"},"modified":"2023-01-03T20:07:47","modified_gmt":"2023-01-03T23:07:47","slug":"benja-valencia-se-une-a-xylon-y-xfire-en-discotek","status":"publish","type":"post","link":"https:\/\/temucotelevision.cl\/web\/2023\/01\/03\/benja-valencia-se-une-a-xylon-y-xfire-en-discotek\/","title":{"rendered":"Benja Valencia se une a Xylon y XFire en \u201cDiscotek\u201d"},"content":{"rendered":"<div class=\"pvc_clear\"><\/div><p id=\"pvc_stats_37677\" class=\"pvc_stats total_only  \" data-element-id=\"37677\" style=\"\"><i class=\"pvc-stats-icon large\" aria-hidden=\"true\"><svg aria-hidden=\"true\" focusable=\"false\" data-prefix=\"far\" data-icon=\"chart-bar\" role=\"img\" xmlns=\"http:\/\/www.w3.org\/2000\/svg\" viewBox=\"0 0 512 512\" class=\"svg-inline--fa fa-chart-bar fa-w-16 fa-2x\"><path fill=\"currentColor\" d=\"M396.8 352h22.4c6.4 0 12.8-6.4 12.8-12.8V108.8c0-6.4-6.4-12.8-12.8-12.8h-22.4c-6.4 0-12.8 6.4-12.8 12.8v230.4c0 6.4 6.4 12.8 12.8 12.8zm-192 0h22.4c6.4 0 12.8-6.4 12.8-12.8V140.8c0-6.4-6.4-12.8-12.8-12.8h-22.4c-6.4 0-12.8 6.4-12.8 12.8v198.4c0 6.4 6.4 12.8 12.8 12.8zm96 0h22.4c6.4 0 12.8-6.4 12.8-12.8V204.8c0-6.4-6.4-12.8-12.8-12.8h-22.4c-6.4 0-12.8 6.4-12.8 12.8v134.4c0 6.4 6.4 12.8 12.8 12.8zM496 400H48V80c0-8.84-7.16-16-16-16H16C7.16 64 0 71.16 0 80v336c0 17.67 14.33 32 32 32h464c8.84 0 16-7.16 16-16v-16c0-8.84-7.16-16-16-16zm-387.2-48h22.4c6.4 0 12.8-6.4 12.8-12.8v-70.4c0-6.4-6.4-12.8-12.8-12.8h-22.4c-6.4 0-12.8 6.4-12.8 12.8v70.4c0 6.4 6.4 12.8 12.8 12.8z\" class=\"\"><\/path><\/svg><\/i> <img loading=\"lazy\" decoding=\"async\" width=\"16\" height=\"16\" alt=\"Loading\" src=\"https:\/\/temucotelevision.cl\/web\/wp-content\/plugins\/page-views-count\/ajax-loader-2x.gif\" border=0 \/><\/p><div class=\"pvc_clear\"><\/div>\n<p class=\"has-medium-font-size\"><strong>El potente junte que une a Chile y Puerto Rico, es una canci\u00f3n bailable y llena de energ\u00eda que promete encender las noches de verano.<\/strong><\/p>\n\n\n\n<p>Conocido como una de las nuevas voces del g\u00e9nero urbano en el pa\u00eds,&nbsp;<strong>Benja Valencia<\/strong>&nbsp;arremete con su nueva propuesta musical.<strong>&nbsp;\u201cDiscotek\u201d<\/strong>&nbsp;ya est\u00e1 disponible en las&nbsp;<strong>plataformas digitales y YouTube<\/strong>, es un en\u00e9rgico tema donde el cantante chileno se la juega junto a&nbsp;<strong>Xylon y Xfire&nbsp;<\/strong>para hacer bailar y disfrutar durante estas vacaciones.<\/p>\n\n\n\n<p>Luego de varios singles de desamor, con \u201cDiscotek\u201d, Benja vuelve a las canciones m\u00e1s festivas y con mensajes positivos para pasarla bien. \u201cEste tema me encanta, porque marca una diferencia con lo que ven\u00eda haciendo, es mucho m\u00e1s alegre y adem\u00e1s invita a moverse y salir a bailar\u201d, comenta el artista.\u00a0<\/p>\n\n\n\n<p><strong>\u201cDiscotek\u201d naci\u00f3 de la amistad entre Benja Valencia y Xylon<\/strong>, \u201c\u00e9l es un cantante puertorrique\u00f1o que lo considero mi hermano; siempre que nos juntamos en el estudio sale algo bueno y este temita definitivamente es para olvidar las penas\u201d, expresa entusiasmado.<\/p>\n\n\n\n<p>En este proyecto, agrega, \u201ctambi\u00e9n participaron mis hermanos de<strong>&nbsp;XFire<\/strong>&nbsp;en la producci\u00f3n, quienes siempre dejan sonando las canciones incre\u00edbles, hay mucho trabajo y amor detr\u00e1s de este proyecto, as\u00ed que espero que les guste tanto como a m\u00ed\u201d.<\/p>\n\n\n\n<p>El videoclip de \u201cDiscotek\u201d fue grabado en un estudio ubicado en Quinta Normal y fue dirigido por Mr. Sebaas, realizador que acaba de ganar un Premio Musa en la categor\u00eda Mejor Videoclip del A\u00f1o 2022, y responsable de los videos de varios singles de Benja.\u00a0<\/p>\n\n\n\n<p>Benja Valencia, embisti\u00f3 en la escena con gran \u00e9xito hace s\u00f3lo unos meses y de la mano de&nbsp;<strong>AI Producciones<\/strong>, dirigida por la reconocida influencer y generadora de contenidos,&nbsp;<strong>Ignacia Antonia<\/strong>. Desde entonces, y a sus cortos 18 a\u00f1os, ha presentado varios hits, entre los que destacan&nbsp;<strong>\u201cAsiento pa tras\u201d, \u201cCaf\u00e9\u201d, \u201cD\u00e9jate ver\u201d, \u201cUna vez\u201d, \u201cSalu mi Amor\u201d y \u201cBENJA X RAM\u201d en colaboraci\u00f3n con RAM, connotado Dj chileno que tambi\u00e9n es un referente a nivel internacional<\/strong>.<\/p>\n\n\n\n<p>Asimismo, Benja cuenta con miles de seguidores en Instagram y TikTok y una promisoria carrera levantada a pulso gracias a su enorme carisma y talento.<\/p>\n\n\n\n<figure class=\"wp-block-embed is-type-video is-provider-youtube wp-block-embed-youtube wp-embed-aspect-4-3 wp-has-aspect-ratio\"><div class=\"wp-block-embed__wrapper\">\n<div class=\"epyt-video-wrapper\"><iframe loading=\"lazy\"  id=\"_ytid_57839\"  width=\"800\" height=\"600\"  data-origwidth=\"800\" data-origheight=\"600\" src=\"https:\/\/www.youtube.com\/embed\/whgYAwtK0AA?enablejsapi=1&#038;autoplay=0&#038;cc_load_policy=0&#038;cc_lang_pref=&#038;iv_load_policy=1&#038;loop=0&#038;rel=1&#038;fs=1&#038;playsinline=0&#038;autohide=2&#038;theme=dark&#038;color=red&#038;controls=1&#038;disablekb=0&#038;\" class=\"__youtube_prefs__  epyt-is-override  no-lazyload\" title=\"YouTube player\"  allow=\"fullscreen; accelerometer; autoplay; clipboard-write; encrypted-media; gyroscope; picture-in-picture; web-share\" referrerpolicy=\"strict-origin-when-cross-origin\" allowfullscreen data-no-lazy=\"1\" data-skipgform_ajax_framebjll=\"\"><\/iframe><\/div>\n<\/div><\/figure>\n","protected":false},"excerpt":{"rendered":"<div class=\"pvc_clear\"><\/div>\n<p id=\"pvc_stats_37677\" class=\"pvc_stats total_only  \" data-element-id=\"37677\" style=\"\"><i class=\"pvc-stats-icon large\" aria-hidden=\"true\"><svg aria-hidden=\"true\" focusable=\"false\" data-prefix=\"far\" data-icon=\"chart-bar\" role=\"img\" xmlns=\"http:\/\/www.w3.org\/2000\/svg\" viewBox=\"0 0 512 512\" class=\"svg-inline--fa fa-chart-bar fa-w-16 fa-2x\"><path fill=\"currentColor\" d=\"M396.8 352h22.4c6.4 0 12.8-6.4 12.8-12.8V108.8c0-6.4-6.4-12.8-12.8-12.8h-22.4c-6.4 0-12.8 6.4-12.8 12.8v230.4c0 6.4 6.4 12.8 12.8 12.8zm-192 0h22.4c6.4 0 12.8-6.4 12.8-12.8V140.8c0-6.4-6.4-12.8-12.8-12.8h-22.4c-6.4 0-12.8 6.4-12.8 12.8v198.4c0 6.4 6.4 12.8 12.8 12.8zm96 0h22.4c6.4 0 12.8-6.4 12.8-12.8V204.8c0-6.4-6.4-12.8-12.8-12.8h-22.4c-6.4 0-12.8 6.4-12.8 12.8v134.4c0 6.4 6.4 12.8 12.8 12.8zM496 400H48V80c0-8.84-7.16-16-16-16H16C7.16 64 0 71.16 0 80v336c0 17.67 14.33 32 32 32h464c8.84 0 16-7.16 16-16v-16c0-8.84-7.16-16-16-16zm-387.2-48h22.4c6.4 0 12.8-6.4 12.8-12.8v-70.4c0-6.4-6.4-12.8-12.8-12.8h-22.4c-6.4 0-12.8 6.4-12.8 12.8v70.4c0 6.4 6.4 12.8 12.8 12.8z\" class=\"\"><\/path><\/svg><\/i> <img loading=\"lazy\" decoding=\"async\" width=\"16\" height=\"16\" alt=\"Loading\" src=\"https:\/\/temucotelevision.cl\/web\/wp-content\/plugins\/page-views-count\/ajax-loader-2x.gif\" border=0 \/><\/p>\n<div class=\"pvc_clear\"><\/div>\n<p>El potente junte que une a Chile y Puerto Rico, es una canci\u00f3n bailable y llena de energ\u00eda que promete<\/p>\n","protected":false},"author":1,"featured_media":37678,"comment_status":"open","ping_status":"open","sticky":false,"template":"","format":"standard","meta":{"colormag_page_container_layout":"default_layout","colormag_page_sidebar_layout":"default_layout","footnotes":""},"categories":[369],"tags":[],"class_list":["post-37677","post","type-post","status-publish","format-standard","has-post-thumbnail","hentry","category-musica"],"a3_pvc":{"activated":true,"total_views":36,"today_views":0},"_links":{"self":[{"href":"https:\/\/temucotelevision.cl\/web\/wp-json\/wp\/v2\/posts\/37677","targetHints":{"allow":["GET"]}}],"collection":[{"href":"https:\/\/temucotelevision.cl\/web\/wp-json\/wp\/v2\/posts"}],"about":[{"href":"https:\/\/temucotelevision.cl\/web\/wp-json\/wp\/v2\/types\/post"}],"author":[{"embeddable":true,"href":"https:\/\/temucotelevision.cl\/web\/wp-json\/wp\/v2\/users\/1"}],"replies":[{"embeddable":true,"href":"https:\/\/temucotelevision.cl\/web\/wp-json\/wp\/v2\/comments?post=37677"}],"version-history":[{"count":1,"href":"https:\/\/temucotelevision.cl\/web\/wp-json\/wp\/v2\/posts\/37677\/revisions"}],"predecessor-version":[{"id":37679,"href":"https:\/\/temucotelevision.cl\/web\/wp-json\/wp\/v2\/posts\/37677\/revisions\/37679"}],"wp:featuredmedia":[{"embeddable":true,"href":"https:\/\/temucotelevision.cl\/web\/wp-json\/wp\/v2\/media\/37678"}],"wp:attachment":[{"href":"https:\/\/temucotelevision.cl\/web\/wp-json\/wp\/v2\/media?parent=37677"}],"wp:term":[{"taxonomy":"category","embeddable":true,"href":"https:\/\/temucotelevision.cl\/web\/wp-json\/wp\/v2\/categories?post=37677"},{"taxonomy":"post_tag","embeddable":true,"href":"https:\/\/temucotelevision.cl\/web\/wp-json\/wp\/v2\/tags?post=37677"}],"curies":[{"name":"wp","href":"https:\/\/api.w.org\/{rel}","templated":true}]}}