{"id":37673,"date":"2023-01-03T19:48:33","date_gmt":"2023-01-03T22:48:33","guid":{"rendered":"https:\/\/temucotelevision.cl\/web\/?p=37673"},"modified":"2023-01-03T19:48:35","modified_gmt":"2023-01-03T22:48:35","slug":"planetario-nando-garcia-y-eter-se-presentan-este-fin-de-semana-en-temuco","status":"publish","type":"post","link":"https:\/\/temucotelevision.cl\/web\/2023\/01\/03\/planetario-nando-garcia-y-eter-se-presentan-este-fin-de-semana-en-temuco\/","title":{"rendered":"Planetario, Nando Garc\u00eda y \u00c9ter se presentan este fin de semana en Temuco"},"content":{"rendered":"<div class=\"pvc_clear\"><\/div><p id=\"pvc_stats_37673\" class=\"pvc_stats total_only  \" data-element-id=\"37673\" style=\"\"><i class=\"pvc-stats-icon large\" aria-hidden=\"true\"><svg aria-hidden=\"true\" focusable=\"false\" data-prefix=\"far\" data-icon=\"chart-bar\" role=\"img\" xmlns=\"http:\/\/www.w3.org\/2000\/svg\" viewBox=\"0 0 512 512\" class=\"svg-inline--fa fa-chart-bar fa-w-16 fa-2x\"><path fill=\"currentColor\" d=\"M396.8 352h22.4c6.4 0 12.8-6.4 12.8-12.8V108.8c0-6.4-6.4-12.8-12.8-12.8h-22.4c-6.4 0-12.8 6.4-12.8 12.8v230.4c0 6.4 6.4 12.8 12.8 12.8zm-192 0h22.4c6.4 0 12.8-6.4 12.8-12.8V140.8c0-6.4-6.4-12.8-12.8-12.8h-22.4c-6.4 0-12.8 6.4-12.8 12.8v198.4c0 6.4 6.4 12.8 12.8 12.8zm96 0h22.4c6.4 0 12.8-6.4 12.8-12.8V204.8c0-6.4-6.4-12.8-12.8-12.8h-22.4c-6.4 0-12.8 6.4-12.8 12.8v134.4c0 6.4 6.4 12.8 12.8 12.8zM496 400H48V80c0-8.84-7.16-16-16-16H16C7.16 64 0 71.16 0 80v336c0 17.67 14.33 32 32 32h464c8.84 0 16-7.16 16-16v-16c0-8.84-7.16-16-16-16zm-387.2-48h22.4c6.4 0 12.8-6.4 12.8-12.8v-70.4c0-6.4-6.4-12.8-12.8-12.8h-22.4c-6.4 0-12.8 6.4-12.8 12.8v70.4c0 6.4 6.4 12.8 12.8 12.8z\" class=\"\"><\/path><\/svg><\/i> <img loading=\"lazy\" decoding=\"async\" width=\"16\" height=\"16\" alt=\"Loading\" src=\"https:\/\/temucotelevision.cl\/web\/wp-content\/plugins\/page-views-count\/ajax-loader-2x.gif\" border=0 \/><\/p><div class=\"pvc_clear\"><\/div>\n<p class=\"has-medium-font-size\"><strong>El primer fin de semana del 2023 llega cargado de buena\u00a0 m\u00fasica para Temuco, ya que este s\u00e1bado 7 de enero la destacada banda nacional <a rel=\"noreferrer noopener\" href=\"https:\/\/open.spotify.com\/artist\/4KyZLSFxk5EZnqkceVEvga?si=A96DYYimT1-ZPgHUtcghOg\" target=\"_blank\">Planetario<\/a> arribar\u00e1 al centro de la capital de la Regi\u00f3n de la Araucan\u00eda para brindar un show\u00a0 de alta calidad.\u00a0<\/strong><\/p>\n\n\n\n<p>La instancia -que corresponde a la gira<strong> \u201cLa Ca\u00edda\u201d<\/strong> de la agrupaci\u00f3n santiaguina de indie rock- contar\u00e1 con la participaci\u00f3n de <a rel=\"noreferrer noopener\" href=\"https:\/\/open.spotify.com\/artist\/1sjAiXfRnlaJk1zNhmHSpf?si=lwEi6_gMSbyUWC1KBvCalw\" target=\"_blank\">Nando Garc\u00eda<\/a>, emergente artista que el a\u00f1o pasado sum\u00f3 una nominaci\u00f3n en los Premios Pulsar como Mejor Cantautor. Y adem\u00e1s incluir\u00e1 a la banda local <a rel=\"noreferrer noopener\" href=\"https:\/\/www.instagram.com\/eter.banda\/\" target=\"_blank\">\u00c9ter<\/a>, uno de los proyectos alternativos m\u00e1s interesantes y prometedores del sur de Chile.\u00a0<\/p>\n\n\n\n<p>Desde Planetario, cuarteto integrado actualmente por Pedro Palma, Andr\u00e9s Jaramillo, Jos\u00e9 Garc\u00eda y Roberto Aldunate, prometen <strong>un show que transita por toda su discograf\u00eda. Y que adem\u00e1s presenta de forma exclusiva las canciones que ser\u00e1n parte de su pr\u00f3ximo EP \u201c\u00cdcaro\u201d<\/strong>, el cual estar\u00e1 disponible en plataformas digitales en los meses posterioriores a esta gira por Concepci\u00f3n, Temuco, Valdivia y Santiago.&nbsp;<\/p>\n\n\n\n<p>\u201cEstamos muy ansiosos por reencontrarnos con nuestro p\u00fablico de Temuco y mostrarles nuestras nuevas canciones. Nos llevamos una muy grata sorpresa la \u00faltima vez que visitamos esta ciudad. Creo que ha sido de los p\u00fablicos m\u00e1s prendidos que hemos tenido. Disfrutamos mucho ver c\u00f3mo la gente cantaba y saltaba con nuestra m\u00fasica\u201d, comentan desde Planetario.&nbsp;<\/p>\n\n\n\n<p>El evento se llevar\u00e1 a cabo el pr\u00f3ximo s\u00e1bado <strong>desde la 17:00 horas en Casa Colmena (Bilbao #848, Temuco). <\/strong>Puedes adquirir entradas ingresando a Eventrid  en <a rel=\"noreferrer noopener\" href=\"https:\/\/www.eventrid.cl\/eventos\/planetario\/planetario-en-temuco-el-viaje-de-icaro\" target=\"_blank\">este link.<\/a><\/p>\n\n\n\n<figure class=\"wp-block-embed is-type-rich is-provider-spotify wp-block-embed-spotify wp-embed-aspect-21-9 wp-has-aspect-ratio\"><div class=\"wp-block-embed__wrapper\">\n<iframe title=\"Spotify Embed: Zeta\" style=\"border-radius: 12px\" width=\"100%\" height=\"352\" frameborder=\"0\" allowfullscreen allow=\"autoplay; clipboard-write; encrypted-media; fullscreen; picture-in-picture\" loading=\"lazy\" src=\"https:\/\/open.spotify.com\/embed\/album\/3LodX4zkinrJVq00aRU7dO?si=K6oNwlnLQUGanAOgVf8LOw&#038;utm_source=oembed\"><\/iframe>\n<\/div><\/figure>\n","protected":false},"excerpt":{"rendered":"<div class=\"pvc_clear\"><\/div>\n<p id=\"pvc_stats_37673\" class=\"pvc_stats total_only  \" data-element-id=\"37673\" style=\"\"><i class=\"pvc-stats-icon large\" aria-hidden=\"true\"><svg aria-hidden=\"true\" focusable=\"false\" data-prefix=\"far\" data-icon=\"chart-bar\" role=\"img\" xmlns=\"http:\/\/www.w3.org\/2000\/svg\" viewBox=\"0 0 512 512\" class=\"svg-inline--fa fa-chart-bar fa-w-16 fa-2x\"><path fill=\"currentColor\" d=\"M396.8 352h22.4c6.4 0 12.8-6.4 12.8-12.8V108.8c0-6.4-6.4-12.8-12.8-12.8h-22.4c-6.4 0-12.8 6.4-12.8 12.8v230.4c0 6.4 6.4 12.8 12.8 12.8zm-192 0h22.4c6.4 0 12.8-6.4 12.8-12.8V140.8c0-6.4-6.4-12.8-12.8-12.8h-22.4c-6.4 0-12.8 6.4-12.8 12.8v198.4c0 6.4 6.4 12.8 12.8 12.8zm96 0h22.4c6.4 0 12.8-6.4 12.8-12.8V204.8c0-6.4-6.4-12.8-12.8-12.8h-22.4c-6.4 0-12.8 6.4-12.8 12.8v134.4c0 6.4 6.4 12.8 12.8 12.8zM496 400H48V80c0-8.84-7.16-16-16-16H16C7.16 64 0 71.16 0 80v336c0 17.67 14.33 32 32 32h464c8.84 0 16-7.16 16-16v-16c0-8.84-7.16-16-16-16zm-387.2-48h22.4c6.4 0 12.8-6.4 12.8-12.8v-70.4c0-6.4-6.4-12.8-12.8-12.8h-22.4c-6.4 0-12.8 6.4-12.8 12.8v70.4c0 6.4 6.4 12.8 12.8 12.8z\" class=\"\"><\/path><\/svg><\/i> <img loading=\"lazy\" decoding=\"async\" width=\"16\" height=\"16\" alt=\"Loading\" src=\"https:\/\/temucotelevision.cl\/web\/wp-content\/plugins\/page-views-count\/ajax-loader-2x.gif\" border=0 \/><\/p>\n<div class=\"pvc_clear\"><\/div>\n<p>El primer fin de semana del 2023 llega cargado de buena\u00a0 m\u00fasica para Temuco, ya que este s\u00e1bado 7 de<\/p>\n","protected":false},"author":1,"featured_media":37674,"comment_status":"open","ping_status":"open","sticky":false,"template":"","format":"standard","meta":{"colormag_page_container_layout":"default_layout","colormag_page_sidebar_layout":"default_layout","footnotes":""},"categories":[369],"tags":[],"class_list":["post-37673","post","type-post","status-publish","format-standard","has-post-thumbnail","hentry","category-musica"],"a3_pvc":{"activated":true,"total_views":75,"today_views":0},"_links":{"self":[{"href":"https:\/\/temucotelevision.cl\/web\/wp-json\/wp\/v2\/posts\/37673","targetHints":{"allow":["GET"]}}],"collection":[{"href":"https:\/\/temucotelevision.cl\/web\/wp-json\/wp\/v2\/posts"}],"about":[{"href":"https:\/\/temucotelevision.cl\/web\/wp-json\/wp\/v2\/types\/post"}],"author":[{"embeddable":true,"href":"https:\/\/temucotelevision.cl\/web\/wp-json\/wp\/v2\/users\/1"}],"replies":[{"embeddable":true,"href":"https:\/\/temucotelevision.cl\/web\/wp-json\/wp\/v2\/comments?post=37673"}],"version-history":[{"count":2,"href":"https:\/\/temucotelevision.cl\/web\/wp-json\/wp\/v2\/posts\/37673\/revisions"}],"predecessor-version":[{"id":37676,"href":"https:\/\/temucotelevision.cl\/web\/wp-json\/wp\/v2\/posts\/37673\/revisions\/37676"}],"wp:featuredmedia":[{"embeddable":true,"href":"https:\/\/temucotelevision.cl\/web\/wp-json\/wp\/v2\/media\/37674"}],"wp:attachment":[{"href":"https:\/\/temucotelevision.cl\/web\/wp-json\/wp\/v2\/media?parent=37673"}],"wp:term":[{"taxonomy":"category","embeddable":true,"href":"https:\/\/temucotelevision.cl\/web\/wp-json\/wp\/v2\/categories?post=37673"},{"taxonomy":"post_tag","embeddable":true,"href":"https:\/\/temucotelevision.cl\/web\/wp-json\/wp\/v2\/tags?post=37673"}],"curies":[{"name":"wp","href":"https:\/\/api.w.org\/{rel}","templated":true}]}}