{"id":37668,"date":"2023-01-03T18:11:33","date_gmt":"2023-01-03T21:11:33","guid":{"rendered":"https:\/\/temucotelevision.cl\/web\/?p=37668"},"modified":"2023-01-03T18:14:48","modified_gmt":"2023-01-03T21:14:48","slug":"bernabe-estrena-su-lp-pinturas","status":"publish","type":"post","link":"https:\/\/temucotelevision.cl\/web\/2023\/01\/03\/bernabe-estrena-su-lp-pinturas\/","title":{"rendered":"Bernab\u00e9 estrena su LP \u201cPinturas\u201d"},"content":{"rendered":"<div class=\"pvc_clear\"><\/div><p id=\"pvc_stats_37668\" class=\"pvc_stats total_only  \" data-element-id=\"37668\" style=\"\"><i class=\"pvc-stats-icon large\" aria-hidden=\"true\"><svg aria-hidden=\"true\" focusable=\"false\" data-prefix=\"far\" data-icon=\"chart-bar\" role=\"img\" xmlns=\"http:\/\/www.w3.org\/2000\/svg\" viewBox=\"0 0 512 512\" class=\"svg-inline--fa fa-chart-bar fa-w-16 fa-2x\"><path fill=\"currentColor\" d=\"M396.8 352h22.4c6.4 0 12.8-6.4 12.8-12.8V108.8c0-6.4-6.4-12.8-12.8-12.8h-22.4c-6.4 0-12.8 6.4-12.8 12.8v230.4c0 6.4 6.4 12.8 12.8 12.8zm-192 0h22.4c6.4 0 12.8-6.4 12.8-12.8V140.8c0-6.4-6.4-12.8-12.8-12.8h-22.4c-6.4 0-12.8 6.4-12.8 12.8v198.4c0 6.4 6.4 12.8 12.8 12.8zm96 0h22.4c6.4 0 12.8-6.4 12.8-12.8V204.8c0-6.4-6.4-12.8-12.8-12.8h-22.4c-6.4 0-12.8 6.4-12.8 12.8v134.4c0 6.4 6.4 12.8 12.8 12.8zM496 400H48V80c0-8.84-7.16-16-16-16H16C7.16 64 0 71.16 0 80v336c0 17.67 14.33 32 32 32h464c8.84 0 16-7.16 16-16v-16c0-8.84-7.16-16-16-16zm-387.2-48h22.4c6.4 0 12.8-6.4 12.8-12.8v-70.4c0-6.4-6.4-12.8-12.8-12.8h-22.4c-6.4 0-12.8 6.4-12.8 12.8v70.4c0 6.4 6.4 12.8 12.8 12.8z\" class=\"\"><\/path><\/svg><\/i> <img loading=\"lazy\" decoding=\"async\" width=\"16\" height=\"16\" alt=\"Loading\" src=\"https:\/\/temucotelevision.cl\/web\/wp-content\/plugins\/page-views-count\/ajax-loader-2x.gif\" border=0 \/><\/p><div class=\"pvc_clear\"><\/div>\n<p><\/p>\n\n\n\n<p>Bernab\u00e9, proyecto nacional de synthpop y art pop, acaba publicar su primer LP titulado \u201cpinturas\u201d, es\u00a0el primero de dos trabajos discogr\u00e1ficos in\u00e9ditos realizados por el artista. Esta es una selecci\u00f3n de canciones escritas entre los a\u00f1os 2007 y 2011. Est\u00e1 compuesto por nueve canciones folk y folk rock grabadas con guitarra ac\u00fastica y voz.<\/p>\n\n\n\n<p>\u201cPinturas\u201d, un LP ac\u00fastico, relata un estilo po\u00e9tico, \u00edntimo y profundo de los sentires que acompa\u00f1aron la adolescencia y adultez temprana de Bernab\u00e9. Tiene una estructura narrativa que va desde distintos conflictos amorosos y existenciales hacia el intento por lograr resoluciones personales necesarias para encontrar una perspectiva optimista con la que enfrentar la cotidianeidad.<\/p>\n\n\n\n<p>El disco comienza con \u2018Escupir a los demonios\u2019, \u2018Verdeazul\u2019 y \u2018En el and\u00e9n\u2019, tres canciones que hablan sobre decepciones amorosas y el deseo de sanar y avanzar hacia nuevos horizontes en un estilo folk rock. \u2018El cantor que se enloquece\u2019, \u2018Tus santuarios\u2019 y \u2018Hojarasca de metal\u2019 abren el camino hacia dicha resoluci\u00f3n con un sonido influenciado por el trabajo de ra\u00edz folcl\u00f3rica chilena de Violeta Parra y V\u00edctor Jara. Los temas, \u2018Pinturas de flores del jard\u00edn\u2019, \u2018El Tiempo y es as\u00ed\u2019 y \u2018Volver de nuevo\u2019 finalizan el relato entregando posibles respuestas a las problem\u00e1ticas planteadas a lo largo de la obra.<\/p>\n\n\n\n<p>La producci\u00f3n fue grabada en diciembre del 2011 entre el homestudio que Bernab\u00e9 construy\u00f3 para la ocasi\u00f3n, y el tambi\u00e9n m\u00fasico nacional Kalil (Gibr\u00e1n Harcha), qui\u00e9n fue el productor e ingeniero de mezcla y m\u00e1ster.<\/p>\n\n\n\n<p><strong>Acerca de Bernab\u00e9:<\/strong><\/p>\n\n\n\n<p>Bernab\u00e9 es un m\u00fasico proveniente de la cuarta regi\u00f3n, pero vive en Santiago. Este a\u00f1o 2022 ha lanzado un EP de synthpop y artpop titulado &#8220;Despu\u00e9s de que Caiga Todo el Muro&#8221; y un LP de Folk y Folk Rock titulado &#8220;Pinturas&#8221;, el primero de dos discos in\u00e9ditos que se lanzar\u00e1n en los pr\u00f3ximos meses.<\/p>\n\n\n\n<figure class=\"wp-block-embed is-type-video is-provider-youtube wp-block-embed-youtube wp-embed-aspect-16-9 wp-has-aspect-ratio\"><div class=\"wp-block-embed__wrapper\">\n<div class=\"epyt-video-wrapper\"><iframe loading=\"lazy\"  id=\"_ytid_31691\"  width=\"800\" height=\"450\"  data-origwidth=\"800\" data-origheight=\"450\" src=\"https:\/\/www.youtube.com\/embed\/_-odChXbeOk?enablejsapi=1&#038;autoplay=0&#038;cc_load_policy=0&#038;cc_lang_pref=&#038;iv_load_policy=1&#038;loop=0&#038;rel=1&#038;fs=1&#038;playsinline=0&#038;autohide=2&#038;theme=dark&#038;color=red&#038;controls=1&#038;disablekb=0&#038;\" class=\"__youtube_prefs__  epyt-is-override  no-lazyload\" title=\"YouTube player\"  allow=\"fullscreen; accelerometer; autoplay; clipboard-write; encrypted-media; gyroscope; picture-in-picture; web-share\" referrerpolicy=\"strict-origin-when-cross-origin\" allowfullscreen data-no-lazy=\"1\" data-skipgform_ajax_framebjll=\"\"><\/iframe><\/div>\n<\/div><\/figure>\n","protected":false},"excerpt":{"rendered":"<div class=\"pvc_clear\"><\/div>\n<p id=\"pvc_stats_37668\" class=\"pvc_stats total_only  \" data-element-id=\"37668\" style=\"\"><i class=\"pvc-stats-icon large\" aria-hidden=\"true\"><svg aria-hidden=\"true\" focusable=\"false\" data-prefix=\"far\" data-icon=\"chart-bar\" role=\"img\" xmlns=\"http:\/\/www.w3.org\/2000\/svg\" viewBox=\"0 0 512 512\" class=\"svg-inline--fa fa-chart-bar fa-w-16 fa-2x\"><path fill=\"currentColor\" d=\"M396.8 352h22.4c6.4 0 12.8-6.4 12.8-12.8V108.8c0-6.4-6.4-12.8-12.8-12.8h-22.4c-6.4 0-12.8 6.4-12.8 12.8v230.4c0 6.4 6.4 12.8 12.8 12.8zm-192 0h22.4c6.4 0 12.8-6.4 12.8-12.8V140.8c0-6.4-6.4-12.8-12.8-12.8h-22.4c-6.4 0-12.8 6.4-12.8 12.8v198.4c0 6.4 6.4 12.8 12.8 12.8zm96 0h22.4c6.4 0 12.8-6.4 12.8-12.8V204.8c0-6.4-6.4-12.8-12.8-12.8h-22.4c-6.4 0-12.8 6.4-12.8 12.8v134.4c0 6.4 6.4 12.8 12.8 12.8zM496 400H48V80c0-8.84-7.16-16-16-16H16C7.16 64 0 71.16 0 80v336c0 17.67 14.33 32 32 32h464c8.84 0 16-7.16 16-16v-16c0-8.84-7.16-16-16-16zm-387.2-48h22.4c6.4 0 12.8-6.4 12.8-12.8v-70.4c0-6.4-6.4-12.8-12.8-12.8h-22.4c-6.4 0-12.8 6.4-12.8 12.8v70.4c0 6.4 6.4 12.8 12.8 12.8z\" class=\"\"><\/path><\/svg><\/i> <img loading=\"lazy\" decoding=\"async\" width=\"16\" height=\"16\" alt=\"Loading\" src=\"https:\/\/temucotelevision.cl\/web\/wp-content\/plugins\/page-views-count\/ajax-loader-2x.gif\" border=0 \/><\/p>\n<div class=\"pvc_clear\"><\/div>\n<p>Bernab\u00e9, proyecto nacional de synthpop y art pop, acaba publicar su primer LP titulado \u201cpinturas\u201d, es\u00a0el primero de dos trabajos<\/p>\n","protected":false},"author":1,"featured_media":37669,"comment_status":"open","ping_status":"open","sticky":false,"template":"","format":"standard","meta":{"colormag_page_container_layout":"default_layout","colormag_page_sidebar_layout":"default_layout","footnotes":""},"categories":[369],"tags":[],"class_list":["post-37668","post","type-post","status-publish","format-standard","has-post-thumbnail","hentry","category-musica"],"a3_pvc":{"activated":true,"total_views":62,"today_views":0},"_links":{"self":[{"href":"https:\/\/temucotelevision.cl\/web\/wp-json\/wp\/v2\/posts\/37668","targetHints":{"allow":["GET"]}}],"collection":[{"href":"https:\/\/temucotelevision.cl\/web\/wp-json\/wp\/v2\/posts"}],"about":[{"href":"https:\/\/temucotelevision.cl\/web\/wp-json\/wp\/v2\/types\/post"}],"author":[{"embeddable":true,"href":"https:\/\/temucotelevision.cl\/web\/wp-json\/wp\/v2\/users\/1"}],"replies":[{"embeddable":true,"href":"https:\/\/temucotelevision.cl\/web\/wp-json\/wp\/v2\/comments?post=37668"}],"version-history":[{"count":2,"href":"https:\/\/temucotelevision.cl\/web\/wp-json\/wp\/v2\/posts\/37668\/revisions"}],"predecessor-version":[{"id":37672,"href":"https:\/\/temucotelevision.cl\/web\/wp-json\/wp\/v2\/posts\/37668\/revisions\/37672"}],"wp:featuredmedia":[{"embeddable":true,"href":"https:\/\/temucotelevision.cl\/web\/wp-json\/wp\/v2\/media\/37669"}],"wp:attachment":[{"href":"https:\/\/temucotelevision.cl\/web\/wp-json\/wp\/v2\/media?parent=37668"}],"wp:term":[{"taxonomy":"category","embeddable":true,"href":"https:\/\/temucotelevision.cl\/web\/wp-json\/wp\/v2\/categories?post=37668"},{"taxonomy":"post_tag","embeddable":true,"href":"https:\/\/temucotelevision.cl\/web\/wp-json\/wp\/v2\/tags?post=37668"}],"curies":[{"name":"wp","href":"https:\/\/api.w.org\/{rel}","templated":true}]}}