{"id":37656,"date":"2023-01-03T14:36:58","date_gmt":"2023-01-03T17:36:58","guid":{"rendered":"https:\/\/temucotelevision.cl\/web\/?p=37656"},"modified":"2023-01-03T14:36:59","modified_gmt":"2023-01-03T17:36:59","slug":"la-junta-verde-trae-artes-y-gastronomia-a-espacio-txawun","status":"publish","type":"post","link":"https:\/\/temucotelevision.cl\/web\/2023\/01\/03\/la-junta-verde-trae-artes-y-gastronomia-a-espacio-txawun\/","title":{"rendered":"\u201cLa Junta Verde\u201d trae artes y gastronom\u00eda a Espacio Txaw\u00fcn"},"content":{"rendered":"<div class=\"pvc_clear\"><\/div><p id=\"pvc_stats_37656\" class=\"pvc_stats total_only  \" data-element-id=\"37656\" style=\"\"><i class=\"pvc-stats-icon large\" aria-hidden=\"true\"><svg aria-hidden=\"true\" focusable=\"false\" data-prefix=\"far\" data-icon=\"chart-bar\" role=\"img\" xmlns=\"http:\/\/www.w3.org\/2000\/svg\" viewBox=\"0 0 512 512\" class=\"svg-inline--fa fa-chart-bar fa-w-16 fa-2x\"><path fill=\"currentColor\" d=\"M396.8 352h22.4c6.4 0 12.8-6.4 12.8-12.8V108.8c0-6.4-6.4-12.8-12.8-12.8h-22.4c-6.4 0-12.8 6.4-12.8 12.8v230.4c0 6.4 6.4 12.8 12.8 12.8zm-192 0h22.4c6.4 0 12.8-6.4 12.8-12.8V140.8c0-6.4-6.4-12.8-12.8-12.8h-22.4c-6.4 0-12.8 6.4-12.8 12.8v198.4c0 6.4 6.4 12.8 12.8 12.8zm96 0h22.4c6.4 0 12.8-6.4 12.8-12.8V204.8c0-6.4-6.4-12.8-12.8-12.8h-22.4c-6.4 0-12.8 6.4-12.8 12.8v134.4c0 6.4 6.4 12.8 12.8 12.8zM496 400H48V80c0-8.84-7.16-16-16-16H16C7.16 64 0 71.16 0 80v336c0 17.67 14.33 32 32 32h464c8.84 0 16-7.16 16-16v-16c0-8.84-7.16-16-16-16zm-387.2-48h22.4c6.4 0 12.8-6.4 12.8-12.8v-70.4c0-6.4-6.4-12.8-12.8-12.8h-22.4c-6.4 0-12.8 6.4-12.8 12.8v70.4c0 6.4 6.4 12.8 12.8 12.8z\" class=\"\"><\/path><\/svg><\/i> <img loading=\"lazy\" decoding=\"async\" width=\"16\" height=\"16\" alt=\"Loading\" src=\"https:\/\/temucotelevision.cl\/web\/wp-content\/plugins\/page-views-count\/ajax-loader-2x.gif\" border=0 \/><\/p><div class=\"pvc_clear\"><\/div>\n<p><em>El evento familiar del domingo tiene su foco en las artes esc\u00e9nicas, el medioambiente y los productos locales. La entrada es liberada desde las 12 horas previa inscripci\u00f3n en&nbsp;<\/em><a href=\"https:\/\/docs.google.com\/forms\/d\/e\/1FAIpQLSd-aKVifVli-Z_DRpRmLXfzRar9D851kV_I2foDUztUzod49w\/viewform\" target=\"_blank\" rel=\"noreferrer noopener\"><em>www.txaw\u00fcn.cl<\/em><\/a><em>.&nbsp;<\/em><\/p>\n\n\n\n<p><strong>CULTURA.-<\/strong>&nbsp;Circo, teatro, danza y m\u00fasica promete la quinta versi\u00f3n de La Junta Verde, panorama familiar al aire libre que se desarrollar\u00e1 este domingo 8 de enero desde las 12 horas en el Espacio de Creaci\u00f3n Art\u00edstica Txaw\u00fcn, ubicado en el km13 camino a Ni\u00e1gara, Padre Las Casas.&nbsp;<\/p>\n\n\n\n<p>Jaime Silva, coordinador general de Espacio Txaw\u00fcn, cuenta que la Junta Verde es un espacio de encuentro veraniego en un hermoso entorno natural. \u201cPor quinto a\u00f1o preparamos un d\u00eda para las artes esc\u00e9nicas acompa\u00f1ado de gastronom\u00eda y diversos productos de artesanos y creadores locales\u201d, cuenta.<\/p>\n\n\n\n<p><strong>PROGRAMACI\u00d3N<\/strong><\/p>\n\n\n\n<p>La actividad anual de Organizaci\u00f3n En Tr\u00e1nsito, contempla la presentaci\u00f3n de la&nbsp;<strong>Compa\u00f1\u00eda de Circo Ridiculus<\/strong>&nbsp;con su obra \u201cCorazones de pista\u201d un espect\u00e1culo circense que incluye el uso de t\u00e9cnicas de hula-hula, malabares, payasos, entre otras.&nbsp;\u201cA trav\u00e9s de la mezcla de los mundos del circo contempor\u00e1neo y el circo tradicional traemos una presentaci\u00f3n para atraer e impresionar de manera grata a toda la familia\u201d, cuenta Bryan Reyes, integrante de Ridiculus.<\/p>\n\n\n\n<p>La jornada&nbsp;financiada por el Ministerio de las Culturas, las Artes y el Patrimonio a trav\u00e9s del Programa de Apoyo a Organizaciones Culturales Colaboradoras PAOCC,&nbsp;tambi\u00e9n tendr\u00e1 a&nbsp;<strong>Cuarto Teatro<\/strong>&nbsp;con su Lambe-Lambe, teatro en miniatura, formato para un solo espectador.&nbsp;La peque\u00f1a presentaci\u00f3n tiene una duraci\u00f3n de 5 minutos y estar\u00e1 instalada dentro del recinto para el p\u00fablico de Txaw\u00fcn.&nbsp;<\/p>\n\n\n\n<p>El ritmo, danza y percusi\u00f3n afroguineana se har\u00e1 parte de la programaci\u00f3n junto a<strong>&nbsp;Tawuly Creaci\u00f3n Chile<\/strong>, mientras que la m\u00fasica estar\u00e1 a cargo de las bandas locales&nbsp;<strong>Neptuno<\/strong>&nbsp;y&nbsp;<strong>4to sumergido<\/strong>.<\/p>\n\n\n\n<p>Adem\u00e1s, durante toda la jornada, el p\u00fablico podr\u00e1 disfrutar de la&nbsp;<strong>Feria de Creadores y Artesanos<\/strong>, que con m\u00e1s de diez stands tendr\u00e1n a la venta una diversidad de productos de manufactura propia, como fitocosm\u00e9tica, vestuarios, orfebrer\u00eda, tejidos, entre otros. En gastronom\u00eda ser\u00e1 la&nbsp;<strong>Agrupaci\u00f3n de Mujeres de Ni\u00e1gara, Folil Zomo<\/strong>&nbsp;la encargada de recibir a los visitantes desde las 12 horas con almuerzos y variada gastronom\u00eda.<\/p>\n\n\n\n<p><strong>ENTRADA LIBERADA<\/strong><\/p>\n\n\n\n<p>Para asistir a La Junta Verde y disfrutar de todos los espect\u00e1culos no hay cobro de entrada solo deben inscribirse en el formulario online disponible en\u00a0<a rel=\"noreferrer noopener\" href=\"https:\/\/docs.google.com\/forms\/d\/e\/1FAIpQLSd-aKVifVli-Z_DRpRmLXfzRar9D851kV_I2foDUztUzod49w\/viewform\" target=\"_blank\"><strong>www.txawun.cl<\/strong><\/a>\u00a0o en las redes sociales de @espaciotxawun. En el mismo formulario puede reservar su asiento en el transporte gratuito que la Organizaci\u00f3n ha dispuesto desde Temuco y Padre Las Casas, con dos horarios disponibles. Los cupos son limitados.<\/p>\n\n\n\n<figure class=\"wp-block-image size-large\"><img loading=\"lazy\" decoding=\"async\" width=\"1024\" height=\"683\" src=\"https:\/\/temucotelevision.cl\/web\/wp-content\/uploads\/2023\/01\/Cuarto-Teatro-Lambe-Lambe-min-1024x683.jpg\" alt=\"\" class=\"wp-image-37658\" srcset=\"https:\/\/temucotelevision.cl\/web\/wp-content\/uploads\/2023\/01\/Cuarto-Teatro-Lambe-Lambe-min-1024x683.jpg 1024w, https:\/\/temucotelevision.cl\/web\/wp-content\/uploads\/2023\/01\/Cuarto-Teatro-Lambe-Lambe-min-768x512.jpg 768w, https:\/\/temucotelevision.cl\/web\/wp-content\/uploads\/2023\/01\/Cuarto-Teatro-Lambe-Lambe-min-1536x1024.jpg 1536w, https:\/\/temucotelevision.cl\/web\/wp-content\/uploads\/2023\/01\/Cuarto-Teatro-Lambe-Lambe-min-2048x1365.jpg 2048w\" sizes=\"auto, (max-width: 1024px) 100vw, 1024px\" \/><\/figure>\n","protected":false},"excerpt":{"rendered":"<div class=\"pvc_clear\"><\/div>\n<p id=\"pvc_stats_37656\" class=\"pvc_stats total_only  \" data-element-id=\"37656\" style=\"\"><i class=\"pvc-stats-icon large\" aria-hidden=\"true\"><svg aria-hidden=\"true\" focusable=\"false\" data-prefix=\"far\" data-icon=\"chart-bar\" role=\"img\" xmlns=\"http:\/\/www.w3.org\/2000\/svg\" viewBox=\"0 0 512 512\" class=\"svg-inline--fa fa-chart-bar fa-w-16 fa-2x\"><path fill=\"currentColor\" d=\"M396.8 352h22.4c6.4 0 12.8-6.4 12.8-12.8V108.8c0-6.4-6.4-12.8-12.8-12.8h-22.4c-6.4 0-12.8 6.4-12.8 12.8v230.4c0 6.4 6.4 12.8 12.8 12.8zm-192 0h22.4c6.4 0 12.8-6.4 12.8-12.8V140.8c0-6.4-6.4-12.8-12.8-12.8h-22.4c-6.4 0-12.8 6.4-12.8 12.8v198.4c0 6.4 6.4 12.8 12.8 12.8zm96 0h22.4c6.4 0 12.8-6.4 12.8-12.8V204.8c0-6.4-6.4-12.8-12.8-12.8h-22.4c-6.4 0-12.8 6.4-12.8 12.8v134.4c0 6.4 6.4 12.8 12.8 12.8zM496 400H48V80c0-8.84-7.16-16-16-16H16C7.16 64 0 71.16 0 80v336c0 17.67 14.33 32 32 32h464c8.84 0 16-7.16 16-16v-16c0-8.84-7.16-16-16-16zm-387.2-48h22.4c6.4 0 12.8-6.4 12.8-12.8v-70.4c0-6.4-6.4-12.8-12.8-12.8h-22.4c-6.4 0-12.8 6.4-12.8 12.8v70.4c0 6.4 6.4 12.8 12.8 12.8z\" class=\"\"><\/path><\/svg><\/i> <img loading=\"lazy\" decoding=\"async\" width=\"16\" height=\"16\" alt=\"Loading\" src=\"https:\/\/temucotelevision.cl\/web\/wp-content\/plugins\/page-views-count\/ajax-loader-2x.gif\" border=0 \/><\/p>\n<div class=\"pvc_clear\"><\/div>\n<p>El evento familiar del domingo tiene su foco en las artes esc\u00e9nicas, el medioambiente y los productos locales. La entrada<\/p>\n","protected":false},"author":1,"featured_media":37657,"comment_status":"open","ping_status":"closed","sticky":false,"template":"","format":"standard","meta":{"colormag_page_container_layout":"default_layout","colormag_page_sidebar_layout":"default_layout","footnotes":""},"categories":[86],"tags":[488,2566,395,5242],"class_list":["post-37656","post","type-post","status-publish","format-standard","has-post-thumbnail","hentry","category-panoramas","tag-cultura","tag-espacio","tag-gastronomia","tag-txawun"],"a3_pvc":{"activated":true,"total_views":51,"today_views":0},"_links":{"self":[{"href":"https:\/\/temucotelevision.cl\/web\/wp-json\/wp\/v2\/posts\/37656","targetHints":{"allow":["GET"]}}],"collection":[{"href":"https:\/\/temucotelevision.cl\/web\/wp-json\/wp\/v2\/posts"}],"about":[{"href":"https:\/\/temucotelevision.cl\/web\/wp-json\/wp\/v2\/types\/post"}],"author":[{"embeddable":true,"href":"https:\/\/temucotelevision.cl\/web\/wp-json\/wp\/v2\/users\/1"}],"replies":[{"embeddable":true,"href":"https:\/\/temucotelevision.cl\/web\/wp-json\/wp\/v2\/comments?post=37656"}],"version-history":[{"count":1,"href":"https:\/\/temucotelevision.cl\/web\/wp-json\/wp\/v2\/posts\/37656\/revisions"}],"predecessor-version":[{"id":37659,"href":"https:\/\/temucotelevision.cl\/web\/wp-json\/wp\/v2\/posts\/37656\/revisions\/37659"}],"wp:featuredmedia":[{"embeddable":true,"href":"https:\/\/temucotelevision.cl\/web\/wp-json\/wp\/v2\/media\/37657"}],"wp:attachment":[{"href":"https:\/\/temucotelevision.cl\/web\/wp-json\/wp\/v2\/media?parent=37656"}],"wp:term":[{"taxonomy":"category","embeddable":true,"href":"https:\/\/temucotelevision.cl\/web\/wp-json\/wp\/v2\/categories?post=37656"},{"taxonomy":"post_tag","embeddable":true,"href":"https:\/\/temucotelevision.cl\/web\/wp-json\/wp\/v2\/tags?post=37656"}],"curies":[{"name":"wp","href":"https:\/\/api.w.org\/{rel}","templated":true}]}}