{"id":37654,"date":"2023-01-03T14:02:31","date_gmt":"2023-01-03T17:02:31","guid":{"rendered":"https:\/\/temucotelevision.cl\/web\/?p=37654"},"modified":"2023-01-03T14:02:32","modified_gmt":"2023-01-03T17:02:32","slug":"diputado-rathgeb-por-proceso-de-matriculas-en-establecimientos-es-inhumano-que-padres-deban-esperar-noches-por-cupos-para-sus-hijos","status":"publish","type":"post","link":"https:\/\/temucotelevision.cl\/web\/2023\/01\/03\/diputado-rathgeb-por-proceso-de-matriculas-en-establecimientos-es-inhumano-que-padres-deban-esperar-noches-por-cupos-para-sus-hijos\/","title":{"rendered":"Diputado Rathgeb por proceso de matr\u00edculas en establecimientos: &#8220;Es inhumano que padres deban esperar noches por cupos para sus hijos&#8221;"},"content":{"rendered":"<div class=\"pvc_clear\"><\/div><p id=\"pvc_stats_37654\" class=\"pvc_stats total_only  \" data-element-id=\"37654\" style=\"\"><i class=\"pvc-stats-icon large\" aria-hidden=\"true\"><svg aria-hidden=\"true\" focusable=\"false\" data-prefix=\"far\" data-icon=\"chart-bar\" role=\"img\" xmlns=\"http:\/\/www.w3.org\/2000\/svg\" viewBox=\"0 0 512 512\" class=\"svg-inline--fa fa-chart-bar fa-w-16 fa-2x\"><path fill=\"currentColor\" d=\"M396.8 352h22.4c6.4 0 12.8-6.4 12.8-12.8V108.8c0-6.4-6.4-12.8-12.8-12.8h-22.4c-6.4 0-12.8 6.4-12.8 12.8v230.4c0 6.4 6.4 12.8 12.8 12.8zm-192 0h22.4c6.4 0 12.8-6.4 12.8-12.8V140.8c0-6.4-6.4-12.8-12.8-12.8h-22.4c-6.4 0-12.8 6.4-12.8 12.8v198.4c0 6.4 6.4 12.8 12.8 12.8zm96 0h22.4c6.4 0 12.8-6.4 12.8-12.8V204.8c0-6.4-6.4-12.8-12.8-12.8h-22.4c-6.4 0-12.8 6.4-12.8 12.8v134.4c0 6.4 6.4 12.8 12.8 12.8zM496 400H48V80c0-8.84-7.16-16-16-16H16C7.16 64 0 71.16 0 80v336c0 17.67 14.33 32 32 32h464c8.84 0 16-7.16 16-16v-16c0-8.84-7.16-16-16-16zm-387.2-48h22.4c6.4 0 12.8-6.4 12.8-12.8v-70.4c0-6.4-6.4-12.8-12.8-12.8h-22.4c-6.4 0-12.8 6.4-12.8 12.8v70.4c0 6.4 6.4 12.8 12.8 12.8z\" class=\"\"><\/path><\/svg><\/i> <img loading=\"lazy\" decoding=\"async\" width=\"16\" height=\"16\" alt=\"Loading\" src=\"https:\/\/temucotelevision.cl\/web\/wp-content\/plugins\/page-views-count\/ajax-loader-2x.gif\" border=0 \/><\/p><div class=\"pvc_clear\"><\/div>\n<p><strong>El congresista tal como lo indic\u00f3 hace cuatro a\u00f1os atr\u00e1s, se\u00f1al\u00f3 que se debe replantear el tema de las matr\u00edculas esto tras las im\u00e1genes que se han visto en La Araucan\u00eda y el pa\u00eds de padres esperando y acampando en los establecimientos para tener un cupo para sus hijos.<\/strong><\/p>\n\n\n\n<p>Para muchas familias de La Araucan\u00eda y del pa\u00eds, el a\u00f1o nuevo se vivi\u00f3 sin algunos de sus miembros, debido a que fueron a pernoctar en las proximidades de un colegio para conseguir matr\u00edculas.<\/p>\n\n\n\n<p>En carpas, sin ba\u00f1os, con fr\u00edo en muchas oportunidades, fueron parte de las condiciones inhumanas que tuvieron que lidiar algunos padres lo que es considerada una aberraci\u00f3n de parte del diputado de Renovaci\u00f3n Nacional, Jorge Rathgeb.<\/p>\n\n\n\n<p>El legislador coment\u00f3 que esto est\u00e1 absoleto y que se debe remediar y solucionar a la brevedad este sistema que da cuenta de condiciones inhumanas para postular a un establecimiento.<\/p>\n\n\n\n<p>&#8220;Padres durmiendo afuera de un colegio, en carpas, sin ba\u00f1o, da cuenta que el actual sistema es una burla para las familias que necesitan un colegio para sus hijos. El Gobierno tiene que aprender de esto y redise\u00f1ar la manera de postular a un establecimiento porque la Educaci\u00f3n no es un juego y esto lo he reiterado hace varios a\u00f1os&#8221;, indic\u00f3 el diputado Rathgeb.<\/p>\n\n\n\n<p>El congresista coment\u00f3 adem\u00e1s que varias de las actuales autoridades encabezaron movimientos estudiantiles y que por esa raz\u00f3n deben recapacitar y reparar en que se est\u00e1n haciendo mal las cosas en esta \u00e1rea.<\/p>\n","protected":false},"excerpt":{"rendered":"<div class=\"pvc_clear\"><\/div>\n<p id=\"pvc_stats_37654\" class=\"pvc_stats total_only  \" data-element-id=\"37654\" style=\"\"><i class=\"pvc-stats-icon large\" aria-hidden=\"true\"><svg aria-hidden=\"true\" focusable=\"false\" data-prefix=\"far\" data-icon=\"chart-bar\" role=\"img\" xmlns=\"http:\/\/www.w3.org\/2000\/svg\" viewBox=\"0 0 512 512\" class=\"svg-inline--fa fa-chart-bar fa-w-16 fa-2x\"><path fill=\"currentColor\" d=\"M396.8 352h22.4c6.4 0 12.8-6.4 12.8-12.8V108.8c0-6.4-6.4-12.8-12.8-12.8h-22.4c-6.4 0-12.8 6.4-12.8 12.8v230.4c0 6.4 6.4 12.8 12.8 12.8zm-192 0h22.4c6.4 0 12.8-6.4 12.8-12.8V140.8c0-6.4-6.4-12.8-12.8-12.8h-22.4c-6.4 0-12.8 6.4-12.8 12.8v198.4c0 6.4 6.4 12.8 12.8 12.8zm96 0h22.4c6.4 0 12.8-6.4 12.8-12.8V204.8c0-6.4-6.4-12.8-12.8-12.8h-22.4c-6.4 0-12.8 6.4-12.8 12.8v134.4c0 6.4 6.4 12.8 12.8 12.8zM496 400H48V80c0-8.84-7.16-16-16-16H16C7.16 64 0 71.16 0 80v336c0 17.67 14.33 32 32 32h464c8.84 0 16-7.16 16-16v-16c0-8.84-7.16-16-16-16zm-387.2-48h22.4c6.4 0 12.8-6.4 12.8-12.8v-70.4c0-6.4-6.4-12.8-12.8-12.8h-22.4c-6.4 0-12.8 6.4-12.8 12.8v70.4c0 6.4 6.4 12.8 12.8 12.8z\" class=\"\"><\/path><\/svg><\/i> <img loading=\"lazy\" decoding=\"async\" width=\"16\" height=\"16\" alt=\"Loading\" src=\"https:\/\/temucotelevision.cl\/web\/wp-content\/plugins\/page-views-count\/ajax-loader-2x.gif\" border=0 \/><\/p>\n<div class=\"pvc_clear\"><\/div>\n<p>El congresista tal como lo indic\u00f3 hace cuatro a\u00f1os atr\u00e1s, se\u00f1al\u00f3 que se debe replantear el tema de las matr\u00edculas<\/p>\n","protected":false},"author":1,"featured_media":7873,"comment_status":"open","ping_status":"open","sticky":false,"template":"","format":"standard","meta":{"colormag_page_container_layout":"default_layout","colormag_page_sidebar_layout":"default_layout","footnotes":""},"categories":[84],"tags":[602,154,603,2147],"class_list":["post-37654","post","type-post","status-publish","format-standard","has-post-thumbnail","hentry","category-politica","tag-colegios","tag-diputado","tag-hijos","tag-matriculas"],"a3_pvc":{"activated":true,"total_views":63,"today_views":0},"_links":{"self":[{"href":"https:\/\/temucotelevision.cl\/web\/wp-json\/wp\/v2\/posts\/37654","targetHints":{"allow":["GET"]}}],"collection":[{"href":"https:\/\/temucotelevision.cl\/web\/wp-json\/wp\/v2\/posts"}],"about":[{"href":"https:\/\/temucotelevision.cl\/web\/wp-json\/wp\/v2\/types\/post"}],"author":[{"embeddable":true,"href":"https:\/\/temucotelevision.cl\/web\/wp-json\/wp\/v2\/users\/1"}],"replies":[{"embeddable":true,"href":"https:\/\/temucotelevision.cl\/web\/wp-json\/wp\/v2\/comments?post=37654"}],"version-history":[{"count":1,"href":"https:\/\/temucotelevision.cl\/web\/wp-json\/wp\/v2\/posts\/37654\/revisions"}],"predecessor-version":[{"id":37655,"href":"https:\/\/temucotelevision.cl\/web\/wp-json\/wp\/v2\/posts\/37654\/revisions\/37655"}],"wp:featuredmedia":[{"embeddable":true,"href":"https:\/\/temucotelevision.cl\/web\/wp-json\/wp\/v2\/media\/7873"}],"wp:attachment":[{"href":"https:\/\/temucotelevision.cl\/web\/wp-json\/wp\/v2\/media?parent=37654"}],"wp:term":[{"taxonomy":"category","embeddable":true,"href":"https:\/\/temucotelevision.cl\/web\/wp-json\/wp\/v2\/categories?post=37654"},{"taxonomy":"post_tag","embeddable":true,"href":"https:\/\/temucotelevision.cl\/web\/wp-json\/wp\/v2\/tags?post=37654"}],"curies":[{"name":"wp","href":"https:\/\/api.w.org\/{rel}","templated":true}]}}