{"id":37652,"date":"2023-01-03T12:46:58","date_gmt":"2023-01-03T15:46:58","guid":{"rendered":"https:\/\/temucotelevision.cl\/web\/?p=37652"},"modified":"2023-01-03T12:46:59","modified_gmt":"2023-01-03T15:46:59","slug":"apoderados-acampando-en-colegios-diputado-leal-acusa-al-gobierno-de-indolente-y-anuncia-proyecto-para-eliminar-tombola-del-sistema","status":"publish","type":"post","link":"https:\/\/temucotelevision.cl\/web\/2023\/01\/03\/apoderados-acampando-en-colegios-diputado-leal-acusa-al-gobierno-de-indolente-y-anuncia-proyecto-para-eliminar-tombola-del-sistema\/","title":{"rendered":"Apoderados acampando en colegios: Diputado Leal acusa al Gobierno de \u201cindolente\u201d y anuncia proyecto para eliminar \u201ct\u00f3mbola\u201d del sistema"},"content":{"rendered":"<div class=\"pvc_clear\"><\/div><p id=\"pvc_stats_37652\" class=\"pvc_stats total_only  \" data-element-id=\"37652\" style=\"\"><i class=\"pvc-stats-icon large\" aria-hidden=\"true\"><svg aria-hidden=\"true\" focusable=\"false\" data-prefix=\"far\" data-icon=\"chart-bar\" role=\"img\" xmlns=\"http:\/\/www.w3.org\/2000\/svg\" viewBox=\"0 0 512 512\" class=\"svg-inline--fa fa-chart-bar fa-w-16 fa-2x\"><path fill=\"currentColor\" d=\"M396.8 352h22.4c6.4 0 12.8-6.4 12.8-12.8V108.8c0-6.4-6.4-12.8-12.8-12.8h-22.4c-6.4 0-12.8 6.4-12.8 12.8v230.4c0 6.4 6.4 12.8 12.8 12.8zm-192 0h22.4c6.4 0 12.8-6.4 12.8-12.8V140.8c0-6.4-6.4-12.8-12.8-12.8h-22.4c-6.4 0-12.8 6.4-12.8 12.8v198.4c0 6.4 6.4 12.8 12.8 12.8zm96 0h22.4c6.4 0 12.8-6.4 12.8-12.8V204.8c0-6.4-6.4-12.8-12.8-12.8h-22.4c-6.4 0-12.8 6.4-12.8 12.8v134.4c0 6.4 6.4 12.8 12.8 12.8zM496 400H48V80c0-8.84-7.16-16-16-16H16C7.16 64 0 71.16 0 80v336c0 17.67 14.33 32 32 32h464c8.84 0 16-7.16 16-16v-16c0-8.84-7.16-16-16-16zm-387.2-48h22.4c6.4 0 12.8-6.4 12.8-12.8v-70.4c0-6.4-6.4-12.8-12.8-12.8h-22.4c-6.4 0-12.8 6.4-12.8 12.8v70.4c0 6.4 6.4 12.8 12.8 12.8z\" class=\"\"><\/path><\/svg><\/i> <img loading=\"lazy\" decoding=\"async\" width=\"16\" height=\"16\" alt=\"Loading\" src=\"https:\/\/temucotelevision.cl\/web\/wp-content\/plugins\/page-views-count\/ajax-loader-2x.gif\" border=0 \/><\/p><div class=\"pvc_clear\"><\/div>\n<p><em>El representante de La Araucan\u00eda asegur\u00f3 que reactivar\u00e1n una iniciativa que busca privilegiar el m\u00e9rito y rendimiento acad\u00e9mico por sobre el \u201cazar\u201d en el proceso de admisi\u00f3n.<\/em>&nbsp;<\/p>\n\n\n\n<p>El diputado por la Regi\u00f3n de La Araucan\u00eda, Henry Leal (UDI), acus\u00f3 al Gobierno de mantener una actitud \u201cindolente\u201d con los padres y apoderados del pa\u00eds que llevan semanas acampando afuera de distintos establecimientos educacionales -espec\u00edficamente en las comunas de Temuco, Padre Las Casas y Lautaro, entre otras-, para tratar de conseguir un cupo para la educaci\u00f3n de sus hijos.<\/p>\n\n\n\n<p>Al respecto, el parlamentario gremialista denunci\u00f3 que dicha situaci\u00f3n \u201ces el fruto de una pol\u00edtica p\u00fablica absolutamente ideol\u00f3gica y fracasada, que prefiri\u00f3 quitarle los patines a los estudiantes y que hoy no hace m\u00e1s que obligar a los padres y apoderados a tener que pernoctar fuera de un colegio para tratar de obtener una matr\u00edcula, en un trato absolutamente indigno\u201d, agregando que reci\u00e9n hoy 3 de enero se abrir\u00e1n algunas vacantes para los alumnos que no postularon o no quedaron seleccionados en el Sistema de Admisi\u00f3n Escolar correspondiente al a\u00f1o 2023.<\/p>\n\n\n\n<p>\u201cResulta absolutamente indigno para esas familias tener que acampar fuera de los colegios, incluso en plena Navidad, para tratar de que sus hijos puedan acceder a un cupo. Es inaceptable que los padres y apoderados tengan que mendigar por la educaci\u00f3n de sus hijos, por culpa de un sistema que fue mal hecho y que de ning\u00fan modo premia el m\u00e9rito y las capacidades de un estudiante, porque incluso hemos conocido testimonios de estudiantes con promedio 6,9, cuyos padres no tienen otra opci\u00f3n que pernoctar fuera de los establecimientos\u201d, critic\u00f3 el diputado de la UDI.<\/p>\n\n\n\n<p>Por lo mismo, y junto con emplazar al Ejecutivo -en espec\u00edfico al Ministerio de Educaci\u00f3n- para que adopten distintas medidas que permitan evitar que a futuro los padres sigan durmiendo en el exterior de los colegios, como habilitar una plataforma digital para las vacantes, el diputado Leal tambi\u00e9n anunci\u00f3 que reactivar\u00e1 un proyecto de ley que busca eliminar la \u201ct\u00f3mbola\u201d del Sistema de Admisi\u00f3n Escolar, reemplaz\u00e1ndola por una donde se privilegie el m\u00e9rito en el proceso de selecci\u00f3n.<\/p>\n\n\n\n<p>\u201cEste es un proyecto que viene a eliminar la aleatoriedad o el criterio de fortuna dentro de los procesos de selecci\u00f3n educacional, priorizando el m\u00e9rito y los rendimientos acad\u00e9micos del estudiante por sobre otras consideraciones. Por supuesto que hay que mantener las herramientas que impiden una discriminaci\u00f3n arbitraria dentro del proceso, pero tambi\u00e9n tenemos que volver a la l\u00f3gica de premiar y valorar a quienes se han sacrificado obteniendo un buen rendimiento y que, por lo mismo, merecen quedar donde ellos desean\u201d, se\u00f1al\u00f3 el representante del Distrito 23.<\/p>\n\n\n\n<p>Por \u00faltimo, Leal conmin\u00f3 al Gobierno a otorgarle \u201cm\u00e1xima urgencia\u201d a dicha iniciativa y a ofrecer una soluci\u00f3n temporal para el proceso de este a\u00f1o y tambi\u00e9n a futuro, asegurando que \u201cser\u00eda inaceptable que las actuales autoridades sigan de brazos cruzados viendo c\u00f3mo los padres y apoderados, en condiciones indignas y poniendo incluso en riesgo su integridad f\u00edsica, tienen que mantenerse acampando fuera de los establecimientos por la responsabilidad de otros\u201d<\/p>\n","protected":false},"excerpt":{"rendered":"<div class=\"pvc_clear\"><\/div>\n<p id=\"pvc_stats_37652\" class=\"pvc_stats total_only  \" data-element-id=\"37652\" style=\"\"><i class=\"pvc-stats-icon large\" aria-hidden=\"true\"><svg aria-hidden=\"true\" focusable=\"false\" data-prefix=\"far\" data-icon=\"chart-bar\" role=\"img\" xmlns=\"http:\/\/www.w3.org\/2000\/svg\" viewBox=\"0 0 512 512\" class=\"svg-inline--fa fa-chart-bar fa-w-16 fa-2x\"><path fill=\"currentColor\" d=\"M396.8 352h22.4c6.4 0 12.8-6.4 12.8-12.8V108.8c0-6.4-6.4-12.8-12.8-12.8h-22.4c-6.4 0-12.8 6.4-12.8 12.8v230.4c0 6.4 6.4 12.8 12.8 12.8zm-192 0h22.4c6.4 0 12.8-6.4 12.8-12.8V140.8c0-6.4-6.4-12.8-12.8-12.8h-22.4c-6.4 0-12.8 6.4-12.8 12.8v198.4c0 6.4 6.4 12.8 12.8 12.8zm96 0h22.4c6.4 0 12.8-6.4 12.8-12.8V204.8c0-6.4-6.4-12.8-12.8-12.8h-22.4c-6.4 0-12.8 6.4-12.8 12.8v134.4c0 6.4 6.4 12.8 12.8 12.8zM496 400H48V80c0-8.84-7.16-16-16-16H16C7.16 64 0 71.16 0 80v336c0 17.67 14.33 32 32 32h464c8.84 0 16-7.16 16-16v-16c0-8.84-7.16-16-16-16zm-387.2-48h22.4c6.4 0 12.8-6.4 12.8-12.8v-70.4c0-6.4-6.4-12.8-12.8-12.8h-22.4c-6.4 0-12.8 6.4-12.8 12.8v70.4c0 6.4 6.4 12.8 12.8 12.8z\" class=\"\"><\/path><\/svg><\/i> <img loading=\"lazy\" decoding=\"async\" width=\"16\" height=\"16\" alt=\"Loading\" src=\"https:\/\/temucotelevision.cl\/web\/wp-content\/plugins\/page-views-count\/ajax-loader-2x.gif\" border=0 \/><\/p>\n<div class=\"pvc_clear\"><\/div>\n<p>El representante de La Araucan\u00eda asegur\u00f3 que reactivar\u00e1n una iniciativa que busca privilegiar el m\u00e9rito y rendimiento acad\u00e9mico por sobre<\/p>\n","protected":false},"author":1,"featured_media":37651,"comment_status":"open","ping_status":"open","sticky":false,"template":"","format":"standard","meta":{"colormag_page_container_layout":"default_layout","colormag_page_sidebar_layout":"default_layout","footnotes":""},"categories":[15,84],"tags":[],"class_list":["post-37652","post","type-post","status-publish","format-standard","has-post-thumbnail","hentry","category-la-araucania","category-politica"],"a3_pvc":{"activated":true,"total_views":34,"today_views":0},"_links":{"self":[{"href":"https:\/\/temucotelevision.cl\/web\/wp-json\/wp\/v2\/posts\/37652","targetHints":{"allow":["GET"]}}],"collection":[{"href":"https:\/\/temucotelevision.cl\/web\/wp-json\/wp\/v2\/posts"}],"about":[{"href":"https:\/\/temucotelevision.cl\/web\/wp-json\/wp\/v2\/types\/post"}],"author":[{"embeddable":true,"href":"https:\/\/temucotelevision.cl\/web\/wp-json\/wp\/v2\/users\/1"}],"replies":[{"embeddable":true,"href":"https:\/\/temucotelevision.cl\/web\/wp-json\/wp\/v2\/comments?post=37652"}],"version-history":[{"count":1,"href":"https:\/\/temucotelevision.cl\/web\/wp-json\/wp\/v2\/posts\/37652\/revisions"}],"predecessor-version":[{"id":37653,"href":"https:\/\/temucotelevision.cl\/web\/wp-json\/wp\/v2\/posts\/37652\/revisions\/37653"}],"wp:featuredmedia":[{"embeddable":true,"href":"https:\/\/temucotelevision.cl\/web\/wp-json\/wp\/v2\/media\/37651"}],"wp:attachment":[{"href":"https:\/\/temucotelevision.cl\/web\/wp-json\/wp\/v2\/media?parent=37652"}],"wp:term":[{"taxonomy":"category","embeddable":true,"href":"https:\/\/temucotelevision.cl\/web\/wp-json\/wp\/v2\/categories?post=37652"},{"taxonomy":"post_tag","embeddable":true,"href":"https:\/\/temucotelevision.cl\/web\/wp-json\/wp\/v2\/tags?post=37652"}],"curies":[{"name":"wp","href":"https:\/\/api.w.org\/{rel}","templated":true}]}}