{"id":37638,"date":"2022-12-31T21:08:56","date_gmt":"2023-01-01T00:08:56","guid":{"rendered":"https:\/\/temucotelevision.cl\/web\/?p=37638"},"modified":"2022-12-31T21:08:57","modified_gmt":"2023-01-01T00:08:57","slug":"ministerio-de-agricultura-y-conaf-lamentan-fallecimiento-de-piloto-tras-accidente-en-galvarino","status":"publish","type":"post","link":"https:\/\/temucotelevision.cl\/web\/2022\/12\/31\/ministerio-de-agricultura-y-conaf-lamentan-fallecimiento-de-piloto-tras-accidente-en-galvarino\/","title":{"rendered":"Ministerio de Agricultura y CONAF lamentan fallecimiento de piloto tras accidente en Galvarino"},"content":{"rendered":"<div class=\"pvc_clear\"><\/div><p id=\"pvc_stats_37638\" class=\"pvc_stats total_only  \" data-element-id=\"37638\" style=\"\"><i class=\"pvc-stats-icon large\" aria-hidden=\"true\"><svg aria-hidden=\"true\" focusable=\"false\" data-prefix=\"far\" data-icon=\"chart-bar\" role=\"img\" xmlns=\"http:\/\/www.w3.org\/2000\/svg\" viewBox=\"0 0 512 512\" class=\"svg-inline--fa fa-chart-bar fa-w-16 fa-2x\"><path fill=\"currentColor\" d=\"M396.8 352h22.4c6.4 0 12.8-6.4 12.8-12.8V108.8c0-6.4-6.4-12.8-12.8-12.8h-22.4c-6.4 0-12.8 6.4-12.8 12.8v230.4c0 6.4 6.4 12.8 12.8 12.8zm-192 0h22.4c6.4 0 12.8-6.4 12.8-12.8V140.8c0-6.4-6.4-12.8-12.8-12.8h-22.4c-6.4 0-12.8 6.4-12.8 12.8v198.4c0 6.4 6.4 12.8 12.8 12.8zm96 0h22.4c6.4 0 12.8-6.4 12.8-12.8V204.8c0-6.4-6.4-12.8-12.8-12.8h-22.4c-6.4 0-12.8 6.4-12.8 12.8v134.4c0 6.4 6.4 12.8 12.8 12.8zM496 400H48V80c0-8.84-7.16-16-16-16H16C7.16 64 0 71.16 0 80v336c0 17.67 14.33 32 32 32h464c8.84 0 16-7.16 16-16v-16c0-8.84-7.16-16-16-16zm-387.2-48h22.4c6.4 0 12.8-6.4 12.8-12.8v-70.4c0-6.4-6.4-12.8-12.8-12.8h-22.4c-6.4 0-12.8 6.4-12.8 12.8v70.4c0 6.4 6.4 12.8 12.8 12.8z\" class=\"\"><\/path><\/svg><\/i> <img loading=\"lazy\" decoding=\"async\" width=\"16\" height=\"16\" alt=\"Loading\" src=\"https:\/\/temucotelevision.cl\/web\/wp-content\/plugins\/page-views-count\/ajax-loader-2x.gif\" border=0 \/><\/p><div class=\"pvc_clear\"><\/div>\n<p>El Ministerio de Agricultura y la Corporaci\u00f3n Nacional Forestal (CONAF) lamentan informar que, durante el transcurso de esta tarde, capot\u00f3 una aeronave que realizaba operaciones de combate de incendios forestales. Producto de este accidente, falleci\u00f3 el piloto de la aeronave, Luis Sevillano Moreno, de nacionalidad espa\u00f1ola, 34 a\u00f1os, que prestaba servicios para CONAF a trav\u00e9s de la Empresa SAAMA Aviciaci\u00f3n SpA.<\/p>\n\n\n\n<p><br>El accidente, que ocurri\u00f3 en la comuna Galvarino, se ocasion\u00f3 cuando el avi\u00f3n -un AirTractor con capacidad de 3 mil litros-, se encontraba realizando trabajos de combate del incendio y tras realizar la descarga de agua se precipit\u00f3 sobre el terreno.<\/p>\n\n\n\n<p><br>La CONAF junto con lamentar este terrible accidente, que enluta a todos quienes trabajan en el combate de incendios forestales, entregar\u00e1 todos los antecedentes para que las autoridades correspondientes realicen la investigaci\u00f3n pertinente.<\/p>\n\n\n\n<p><br>Como Ministerio de Agricultura extendemos las condolencias a la familia del piloto, quien pasa a formar parte del legado de los m\u00e1rtires CONAF, que han dado su vida por resguardar el patrimonio medio ambiental y las vidas de todos los chilenos y chilenas.<\/p>\n\n\n\n<p><br>Finalmente, realizamos un llamado a la ciudadan\u00eda para evitar cualquier tipo de conducta que gatille situaciones que puedan iniciar un incendio forestal y pongan en riesgo m\u00e1s vidas.<\/p>\n","protected":false},"excerpt":{"rendered":"<div class=\"pvc_clear\"><\/div>\n<p id=\"pvc_stats_37638\" class=\"pvc_stats total_only  \" data-element-id=\"37638\" style=\"\"><i class=\"pvc-stats-icon large\" aria-hidden=\"true\"><svg aria-hidden=\"true\" focusable=\"false\" data-prefix=\"far\" data-icon=\"chart-bar\" role=\"img\" xmlns=\"http:\/\/www.w3.org\/2000\/svg\" viewBox=\"0 0 512 512\" class=\"svg-inline--fa fa-chart-bar fa-w-16 fa-2x\"><path fill=\"currentColor\" d=\"M396.8 352h22.4c6.4 0 12.8-6.4 12.8-12.8V108.8c0-6.4-6.4-12.8-12.8-12.8h-22.4c-6.4 0-12.8 6.4-12.8 12.8v230.4c0 6.4 6.4 12.8 12.8 12.8zm-192 0h22.4c6.4 0 12.8-6.4 12.8-12.8V140.8c0-6.4-6.4-12.8-12.8-12.8h-22.4c-6.4 0-12.8 6.4-12.8 12.8v198.4c0 6.4 6.4 12.8 12.8 12.8zm96 0h22.4c6.4 0 12.8-6.4 12.8-12.8V204.8c0-6.4-6.4-12.8-12.8-12.8h-22.4c-6.4 0-12.8 6.4-12.8 12.8v134.4c0 6.4 6.4 12.8 12.8 12.8zM496 400H48V80c0-8.84-7.16-16-16-16H16C7.16 64 0 71.16 0 80v336c0 17.67 14.33 32 32 32h464c8.84 0 16-7.16 16-16v-16c0-8.84-7.16-16-16-16zm-387.2-48h22.4c6.4 0 12.8-6.4 12.8-12.8v-70.4c0-6.4-6.4-12.8-12.8-12.8h-22.4c-6.4 0-12.8 6.4-12.8 12.8v70.4c0 6.4 6.4 12.8 12.8 12.8z\" class=\"\"><\/path><\/svg><\/i> <img loading=\"lazy\" decoding=\"async\" width=\"16\" height=\"16\" alt=\"Loading\" src=\"https:\/\/temucotelevision.cl\/web\/wp-content\/plugins\/page-views-count\/ajax-loader-2x.gif\" border=0 \/><\/p>\n<div class=\"pvc_clear\"><\/div>\n<p>El Ministerio de Agricultura y la Corporaci\u00f3n Nacional Forestal (CONAF) lamentan informar que, durante el transcurso de esta tarde, capot\u00f3<\/p>\n","protected":false},"author":1,"featured_media":37639,"comment_status":"open","ping_status":"open","sticky":false,"template":"","format":"standard","meta":{"colormag_page_container_layout":"default_layout","colormag_page_sidebar_layout":"default_layout","footnotes":""},"categories":[15],"tags":[1358,546,6062,425,5356],"class_list":["post-37638","post","type-post","status-publish","format-standard","has-post-thumbnail","hentry","category-la-araucania","tag-accidente","tag-avion","tag-cisterna","tag-conaf","tag-piloto"],"a3_pvc":{"activated":true,"total_views":126,"today_views":0},"_links":{"self":[{"href":"https:\/\/temucotelevision.cl\/web\/wp-json\/wp\/v2\/posts\/37638","targetHints":{"allow":["GET"]}}],"collection":[{"href":"https:\/\/temucotelevision.cl\/web\/wp-json\/wp\/v2\/posts"}],"about":[{"href":"https:\/\/temucotelevision.cl\/web\/wp-json\/wp\/v2\/types\/post"}],"author":[{"embeddable":true,"href":"https:\/\/temucotelevision.cl\/web\/wp-json\/wp\/v2\/users\/1"}],"replies":[{"embeddable":true,"href":"https:\/\/temucotelevision.cl\/web\/wp-json\/wp\/v2\/comments?post=37638"}],"version-history":[{"count":1,"href":"https:\/\/temucotelevision.cl\/web\/wp-json\/wp\/v2\/posts\/37638\/revisions"}],"predecessor-version":[{"id":37640,"href":"https:\/\/temucotelevision.cl\/web\/wp-json\/wp\/v2\/posts\/37638\/revisions\/37640"}],"wp:featuredmedia":[{"embeddable":true,"href":"https:\/\/temucotelevision.cl\/web\/wp-json\/wp\/v2\/media\/37639"}],"wp:attachment":[{"href":"https:\/\/temucotelevision.cl\/web\/wp-json\/wp\/v2\/media?parent=37638"}],"wp:term":[{"taxonomy":"category","embeddable":true,"href":"https:\/\/temucotelevision.cl\/web\/wp-json\/wp\/v2\/categories?post=37638"},{"taxonomy":"post_tag","embeddable":true,"href":"https:\/\/temucotelevision.cl\/web\/wp-json\/wp\/v2\/tags?post=37638"}],"curies":[{"name":"wp","href":"https:\/\/api.w.org\/{rel}","templated":true}]}}