{"id":37626,"date":"2022-12-31T20:06:41","date_gmt":"2022-12-31T23:06:41","guid":{"rendered":"https:\/\/temucotelevision.cl\/web\/?p=37626"},"modified":"2022-12-31T21:06:35","modified_gmt":"2023-01-01T00:06:35","slug":"avioneta-cae-al-combatir-incendio-forestal-en-galvarino-piloto-lamentablemente-perdio-la-vida","status":"publish","type":"post","link":"https:\/\/temucotelevision.cl\/web\/2022\/12\/31\/avioneta-cae-al-combatir-incendio-forestal-en-galvarino-piloto-lamentablemente-perdio-la-vida\/","title":{"rendered":"Avioneta cae al combatir incendio forestal en Galvarino, piloto lamentablemente perdi\u00f3 la vida"},"content":{"rendered":"<div class=\"pvc_clear\"><\/div><p id=\"pvc_stats_37626\" class=\"pvc_stats total_only  \" data-element-id=\"37626\" style=\"\"><i class=\"pvc-stats-icon large\" aria-hidden=\"true\"><svg aria-hidden=\"true\" focusable=\"false\" data-prefix=\"far\" data-icon=\"chart-bar\" role=\"img\" xmlns=\"http:\/\/www.w3.org\/2000\/svg\" viewBox=\"0 0 512 512\" class=\"svg-inline--fa fa-chart-bar fa-w-16 fa-2x\"><path fill=\"currentColor\" d=\"M396.8 352h22.4c6.4 0 12.8-6.4 12.8-12.8V108.8c0-6.4-6.4-12.8-12.8-12.8h-22.4c-6.4 0-12.8 6.4-12.8 12.8v230.4c0 6.4 6.4 12.8 12.8 12.8zm-192 0h22.4c6.4 0 12.8-6.4 12.8-12.8V140.8c0-6.4-6.4-12.8-12.8-12.8h-22.4c-6.4 0-12.8 6.4-12.8 12.8v198.4c0 6.4 6.4 12.8 12.8 12.8zm96 0h22.4c6.4 0 12.8-6.4 12.8-12.8V204.8c0-6.4-6.4-12.8-12.8-12.8h-22.4c-6.4 0-12.8 6.4-12.8 12.8v134.4c0 6.4 6.4 12.8 12.8 12.8zM496 400H48V80c0-8.84-7.16-16-16-16H16C7.16 64 0 71.16 0 80v336c0 17.67 14.33 32 32 32h464c8.84 0 16-7.16 16-16v-16c0-8.84-7.16-16-16-16zm-387.2-48h22.4c6.4 0 12.8-6.4 12.8-12.8v-70.4c0-6.4-6.4-12.8-12.8-12.8h-22.4c-6.4 0-12.8 6.4-12.8 12.8v70.4c0 6.4 6.4 12.8 12.8 12.8z\" class=\"\"><\/path><\/svg><\/i> <img loading=\"lazy\" decoding=\"async\" width=\"16\" height=\"16\" alt=\"Loading\" src=\"https:\/\/temucotelevision.cl\/web\/wp-content\/plugins\/page-views-count\/ajax-loader-2x.gif\" border=0 \/><\/p><div class=\"pvc_clear\"><\/div>\n<p>\ud83d\udfe7 Se estrella avioneta Cisterna AT 802 de la empresa Saama, que combat\u00eda incendio forestal en Quetre comuna de #Galvarino, , piloto espa\u00f1ol Luis Sevillano Moreno lamentablemente falleci\u00f3.<\/p>\n\n\n\n<p>De momento se desconoce las causas del acidente.<\/p>\n\n\n\n<p>Equipos de emergencia se encuentra trabajando en el lugar.<\/p>\n\n\n\n<p>Operaciones a\u00e9reas se encueran detenidas por el momento.<\/p>\n\n\n\n<p>Piloto realizaba descargas en la zona.<\/p>\n\n\n\n<figure class=\"wp-block-image size-large\"><img loading=\"lazy\" decoding=\"async\" width=\"1024\" height=\"768\" src=\"https:\/\/temucotelevision.cl\/web\/wp-content\/uploads\/2022\/12\/Captura-de-pantalla-2022-12-31-a-las-20.06.01-1024x768.png\" alt=\"\" class=\"wp-image-37628\" srcset=\"https:\/\/temucotelevision.cl\/web\/wp-content\/uploads\/2022\/12\/Captura-de-pantalla-2022-12-31-a-las-20.06.01-1024x768.png 1024w, https:\/\/temucotelevision.cl\/web\/wp-content\/uploads\/2022\/12\/Captura-de-pantalla-2022-12-31-a-las-20.06.01-768x576.png 768w, https:\/\/temucotelevision.cl\/web\/wp-content\/uploads\/2022\/12\/Captura-de-pantalla-2022-12-31-a-las-20.06.01.png 1376w\" sizes=\"auto, (max-width: 1024px) 100vw, 1024px\" \/><\/figure>\n","protected":false},"excerpt":{"rendered":"<div class=\"pvc_clear\"><\/div>\n<p id=\"pvc_stats_37626\" class=\"pvc_stats total_only  \" data-element-id=\"37626\" style=\"\"><i class=\"pvc-stats-icon large\" aria-hidden=\"true\"><svg aria-hidden=\"true\" focusable=\"false\" data-prefix=\"far\" data-icon=\"chart-bar\" role=\"img\" xmlns=\"http:\/\/www.w3.org\/2000\/svg\" viewBox=\"0 0 512 512\" class=\"svg-inline--fa fa-chart-bar fa-w-16 fa-2x\"><path fill=\"currentColor\" d=\"M396.8 352h22.4c6.4 0 12.8-6.4 12.8-12.8V108.8c0-6.4-6.4-12.8-12.8-12.8h-22.4c-6.4 0-12.8 6.4-12.8 12.8v230.4c0 6.4 6.4 12.8 12.8 12.8zm-192 0h22.4c6.4 0 12.8-6.4 12.8-12.8V140.8c0-6.4-6.4-12.8-12.8-12.8h-22.4c-6.4 0-12.8 6.4-12.8 12.8v198.4c0 6.4 6.4 12.8 12.8 12.8zm96 0h22.4c6.4 0 12.8-6.4 12.8-12.8V204.8c0-6.4-6.4-12.8-12.8-12.8h-22.4c-6.4 0-12.8 6.4-12.8 12.8v134.4c0 6.4 6.4 12.8 12.8 12.8zM496 400H48V80c0-8.84-7.16-16-16-16H16C7.16 64 0 71.16 0 80v336c0 17.67 14.33 32 32 32h464c8.84 0 16-7.16 16-16v-16c0-8.84-7.16-16-16-16zm-387.2-48h22.4c6.4 0 12.8-6.4 12.8-12.8v-70.4c0-6.4-6.4-12.8-12.8-12.8h-22.4c-6.4 0-12.8 6.4-12.8 12.8v70.4c0 6.4 6.4 12.8 12.8 12.8z\" class=\"\"><\/path><\/svg><\/i> <img loading=\"lazy\" decoding=\"async\" width=\"16\" height=\"16\" alt=\"Loading\" src=\"https:\/\/temucotelevision.cl\/web\/wp-content\/plugins\/page-views-count\/ajax-loader-2x.gif\" border=0 \/><\/p>\n<div class=\"pvc_clear\"><\/div>\n<p>\ud83d\udfe7 Se estrella avioneta Cisterna AT 802 de la empresa Saama, que combat\u00eda incendio forestal en Quetre comuna de #Galvarino,<\/p>\n","protected":false},"author":1,"featured_media":37627,"comment_status":"open","ping_status":"open","sticky":false,"template":"","format":"standard","meta":{"colormag_page_container_layout":"default_layout","colormag_page_sidebar_layout":"default_layout","footnotes":""},"categories":[15],"tags":[5620,6062,127,5356],"class_list":["post-37626","post","type-post","status-publish","format-standard","has-post-thumbnail","hentry","category-la-araucania","tag-avioneta","tag-cisterna","tag-incendios-forestales","tag-piloto"],"a3_pvc":{"activated":true,"total_views":97,"today_views":0},"_links":{"self":[{"href":"https:\/\/temucotelevision.cl\/web\/wp-json\/wp\/v2\/posts\/37626","targetHints":{"allow":["GET"]}}],"collection":[{"href":"https:\/\/temucotelevision.cl\/web\/wp-json\/wp\/v2\/posts"}],"about":[{"href":"https:\/\/temucotelevision.cl\/web\/wp-json\/wp\/v2\/types\/post"}],"author":[{"embeddable":true,"href":"https:\/\/temucotelevision.cl\/web\/wp-json\/wp\/v2\/users\/1"}],"replies":[{"embeddable":true,"href":"https:\/\/temucotelevision.cl\/web\/wp-json\/wp\/v2\/comments?post=37626"}],"version-history":[{"count":6,"href":"https:\/\/temucotelevision.cl\/web\/wp-json\/wp\/v2\/posts\/37626\/revisions"}],"predecessor-version":[{"id":37637,"href":"https:\/\/temucotelevision.cl\/web\/wp-json\/wp\/v2\/posts\/37626\/revisions\/37637"}],"wp:featuredmedia":[{"embeddable":true,"href":"https:\/\/temucotelevision.cl\/web\/wp-json\/wp\/v2\/media\/37627"}],"wp:attachment":[{"href":"https:\/\/temucotelevision.cl\/web\/wp-json\/wp\/v2\/media?parent=37626"}],"wp:term":[{"taxonomy":"category","embeddable":true,"href":"https:\/\/temucotelevision.cl\/web\/wp-json\/wp\/v2\/categories?post=37626"},{"taxonomy":"post_tag","embeddable":true,"href":"https:\/\/temucotelevision.cl\/web\/wp-json\/wp\/v2\/tags?post=37626"}],"curies":[{"name":"wp","href":"https:\/\/api.w.org\/{rel}","templated":true}]}}