{"id":37622,"date":"2022-12-31T19:32:19","date_gmt":"2022-12-31T22:32:19","guid":{"rendered":"https:\/\/temucotelevision.cl\/web\/?p=37622"},"modified":"2022-12-31T19:32:19","modified_gmt":"2022-12-31T22:32:19","slug":"alcalde-neira-queremos-una-carcel-completamente-fuera-del-centro-de-temuco","status":"publish","type":"post","link":"https:\/\/temucotelevision.cl\/web\/2022\/12\/31\/alcalde-neira-queremos-una-carcel-completamente-fuera-del-centro-de-temuco\/","title":{"rendered":"Alcalde Neira: \u201cqueremos una c\u00e1rcel completamente fuera del centro de Temuco\u201d"},"content":{"rendered":"<div class=\"pvc_clear\"><\/div><p id=\"pvc_stats_37622\" class=\"pvc_stats total_only  \" data-element-id=\"37622\" style=\"\"><i class=\"pvc-stats-icon large\" aria-hidden=\"true\"><svg aria-hidden=\"true\" focusable=\"false\" data-prefix=\"far\" data-icon=\"chart-bar\" role=\"img\" xmlns=\"http:\/\/www.w3.org\/2000\/svg\" viewBox=\"0 0 512 512\" class=\"svg-inline--fa fa-chart-bar fa-w-16 fa-2x\"><path fill=\"currentColor\" d=\"M396.8 352h22.4c6.4 0 12.8-6.4 12.8-12.8V108.8c0-6.4-6.4-12.8-12.8-12.8h-22.4c-6.4 0-12.8 6.4-12.8 12.8v230.4c0 6.4 6.4 12.8 12.8 12.8zm-192 0h22.4c6.4 0 12.8-6.4 12.8-12.8V140.8c0-6.4-6.4-12.8-12.8-12.8h-22.4c-6.4 0-12.8 6.4-12.8 12.8v198.4c0 6.4 6.4 12.8 12.8 12.8zm96 0h22.4c6.4 0 12.8-6.4 12.8-12.8V204.8c0-6.4-6.4-12.8-12.8-12.8h-22.4c-6.4 0-12.8 6.4-12.8 12.8v134.4c0 6.4 6.4 12.8 12.8 12.8zM496 400H48V80c0-8.84-7.16-16-16-16H16C7.16 64 0 71.16 0 80v336c0 17.67 14.33 32 32 32h464c8.84 0 16-7.16 16-16v-16c0-8.84-7.16-16-16-16zm-387.2-48h22.4c6.4 0 12.8-6.4 12.8-12.8v-70.4c0-6.4-6.4-12.8-12.8-12.8h-22.4c-6.4 0-12.8 6.4-12.8 12.8v70.4c0 6.4 6.4 12.8 12.8 12.8z\" class=\"\"><\/path><\/svg><\/i> <img loading=\"lazy\" decoding=\"async\" width=\"16\" height=\"16\" alt=\"Loading\" src=\"https:\/\/temucotelevision.cl\/web\/wp-content\/plugins\/page-views-count\/ajax-loader-2x.gif\" border=0 \/><\/p><div class=\"pvc_clear\"><\/div>\n<p>Ante la iniciativa propuesta por un&nbsp;<em>grupo transversal de parlamentarios que busca construir un nuevo recinto penitenciario pero exclusivo para la reclusi\u00f3n de condenados que pertenezcan a pueblos originarios, el alcalde asegur\u00f3 que se ocupar\u00e1 de conseguir un traslado completo del recinto penitenciario.<\/em><\/p>\n\n\n\n<p>El alcalde de Temuco, Roberto Neira Aburto, se pronunci\u00f3 la tarde de ayer respecto al nuevo proyecto que present\u00f3 un grupo transversal de parlamentarios al Gobierno de Chile, y que propone la construcci\u00f3n de un nuevo recinto penitenciario de \u201calta seguridad\u201d para la capital de la Araucan\u00eda, pero con dos detalles importantes: se construir\u00e1 en la periferia de la comuna y recluir\u00e1 s\u00f3lo a condenados pertenecientes a pueblos originarios.<\/p>\n\n\n\n<p>El edil temuquense asegur\u00f3 que el proyecto es completamente viable, ya que descongestionar\u00eda en parte los recintos de la regi\u00f3n, problemas de hacinamiento que presentan las mayor\u00edas de los centros penitenciarios del pa\u00eds. Sin embargo, asegur\u00f3 que se ocupar\u00e1 de que la iniciativa contemple el traslado definitivo de la c\u00e1rcel actual, ya que afecta a la convivencia social y al entorno del centro de la comuna.<\/p>\n\n\n\n<p>La idea cobra a\u00fan m\u00e1s sentido al contemplar que, en la actualidad, la c\u00e1rcel de Temuco es un centro de protestas de familiares de reclusos presos pertenecientes a pueblos originarios, que ya existe un \u201cm\u00f3dulo mapuche\u201d, y que en la actualidad los l\u00edderes de la Coordinadora Arauco Malleco (CAM) est\u00e1n pidiendo traslado a la capital regional.<\/p>\n\n\n\n<p>En este contexto, el alcalde de Temuco coment\u00f3: \u201cesto un tema que nosotros ya hab\u00edamos puesto sobre la mesa durante nuestra gesti\u00f3n municipal, precisamente luego de varias reuniones con representantes de la Junta de Vecinos Manantial -que corresponde al sector de la c\u00e1rcel-, y que hoy se est\u00e1 pensando con est\u00e1ndares de alta seguridad precisamente por la situaci\u00f3n que vive la Regi\u00f3n de La Araucan\u00eda. Por tanto, creo oportuno el cambio de la c\u00e1rcel a otro lugar y el llamado es a las y los parlamentarios a que acojan las demandas de las juntas de vecinos que la rodean actualmente, y que el proyecto contemple el retiro total de la c\u00e1rcel\u201d, sentenci\u00f3 la autoridad comunal.<\/p>\n\n\n\n<p>No obstante, la autoridad comunal agreg\u00f3: \u201ctenemos que pensar en una c\u00e1rcel fuera de la ciudad y fuera del centro porque la rodea actualmente cuatro liceos municipales, la Biblioteca Galo Sep\u00falveda y un entorno maravilloso de espacio p\u00fablico que hoy se ve perjudicado por tener una c\u00e1rcel en lo que es el centro neur\u00e1lgico de la Calle Balmaceda. Espero que esta solicitud que est\u00e1n haciendo algunos parlamentarios sume los esfuerzos necesarios para tener una c\u00e1rcel de Temuco fuera del centro de nuestra ciudad\u201d. Concluy\u00f3 el edil temuquense.<\/p>\n\n\n\n<figure class=\"wp-block-image size-large\"><img loading=\"lazy\" decoding=\"async\" width=\"1024\" height=\"684\" src=\"https:\/\/temucotelevision.cl\/web\/wp-content\/uploads\/2022\/12\/alcalde-neira-1024x684.jpg\" alt=\"\" class=\"wp-image-37624\" srcset=\"https:\/\/temucotelevision.cl\/web\/wp-content\/uploads\/2022\/12\/alcalde-neira-1024x684.jpg 1024w, https:\/\/temucotelevision.cl\/web\/wp-content\/uploads\/2022\/12\/alcalde-neira-768x513.jpg 768w, https:\/\/temucotelevision.cl\/web\/wp-content\/uploads\/2022\/12\/alcalde-neira-1536x1025.jpg 1536w, https:\/\/temucotelevision.cl\/web\/wp-content\/uploads\/2022\/12\/alcalde-neira-2048x1367.jpg 2048w\" sizes=\"auto, (max-width: 1024px) 100vw, 1024px\" \/><\/figure>\n","protected":false},"excerpt":{"rendered":"<div class=\"pvc_clear\"><\/div>\n<p id=\"pvc_stats_37622\" class=\"pvc_stats total_only  \" data-element-id=\"37622\" style=\"\"><i class=\"pvc-stats-icon large\" aria-hidden=\"true\"><svg aria-hidden=\"true\" focusable=\"false\" data-prefix=\"far\" data-icon=\"chart-bar\" role=\"img\" xmlns=\"http:\/\/www.w3.org\/2000\/svg\" viewBox=\"0 0 512 512\" class=\"svg-inline--fa fa-chart-bar fa-w-16 fa-2x\"><path fill=\"currentColor\" d=\"M396.8 352h22.4c6.4 0 12.8-6.4 12.8-12.8V108.8c0-6.4-6.4-12.8-12.8-12.8h-22.4c-6.4 0-12.8 6.4-12.8 12.8v230.4c0 6.4 6.4 12.8 12.8 12.8zm-192 0h22.4c6.4 0 12.8-6.4 12.8-12.8V140.8c0-6.4-6.4-12.8-12.8-12.8h-22.4c-6.4 0-12.8 6.4-12.8 12.8v198.4c0 6.4 6.4 12.8 12.8 12.8zm96 0h22.4c6.4 0 12.8-6.4 12.8-12.8V204.8c0-6.4-6.4-12.8-12.8-12.8h-22.4c-6.4 0-12.8 6.4-12.8 12.8v134.4c0 6.4 6.4 12.8 12.8 12.8zM496 400H48V80c0-8.84-7.16-16-16-16H16C7.16 64 0 71.16 0 80v336c0 17.67 14.33 32 32 32h464c8.84 0 16-7.16 16-16v-16c0-8.84-7.16-16-16-16zm-387.2-48h22.4c6.4 0 12.8-6.4 12.8-12.8v-70.4c0-6.4-6.4-12.8-12.8-12.8h-22.4c-6.4 0-12.8 6.4-12.8 12.8v70.4c0 6.4 6.4 12.8 12.8 12.8z\" class=\"\"><\/path><\/svg><\/i> <img loading=\"lazy\" decoding=\"async\" width=\"16\" height=\"16\" alt=\"Loading\" src=\"https:\/\/temucotelevision.cl\/web\/wp-content\/plugins\/page-views-count\/ajax-loader-2x.gif\" border=0 \/><\/p>\n<div class=\"pvc_clear\"><\/div>\n<p>Ante la iniciativa propuesta por un&nbsp;grupo transversal de parlamentarios que busca construir un nuevo recinto penitenciario pero exclusivo para la<\/p>\n","protected":false},"author":1,"featured_media":37623,"comment_status":"open","ping_status":"open","sticky":false,"template":"","format":"standard","meta":{"colormag_page_container_layout":"default_layout","colormag_page_sidebar_layout":"default_layout","footnotes":""},"categories":[14],"tags":[202,505,2575,78],"class_list":["post-37622","post","type-post","status-publish","format-standard","has-post-thumbnail","hentry","category-temuco","tag-alcalde","tag-carcel","tag-propuesta","tag-temuco"],"a3_pvc":{"activated":true,"total_views":34,"today_views":1},"_links":{"self":[{"href":"https:\/\/temucotelevision.cl\/web\/wp-json\/wp\/v2\/posts\/37622","targetHints":{"allow":["GET"]}}],"collection":[{"href":"https:\/\/temucotelevision.cl\/web\/wp-json\/wp\/v2\/posts"}],"about":[{"href":"https:\/\/temucotelevision.cl\/web\/wp-json\/wp\/v2\/types\/post"}],"author":[{"embeddable":true,"href":"https:\/\/temucotelevision.cl\/web\/wp-json\/wp\/v2\/users\/1"}],"replies":[{"embeddable":true,"href":"https:\/\/temucotelevision.cl\/web\/wp-json\/wp\/v2\/comments?post=37622"}],"version-history":[{"count":1,"href":"https:\/\/temucotelevision.cl\/web\/wp-json\/wp\/v2\/posts\/37622\/revisions"}],"predecessor-version":[{"id":37625,"href":"https:\/\/temucotelevision.cl\/web\/wp-json\/wp\/v2\/posts\/37622\/revisions\/37625"}],"wp:featuredmedia":[{"embeddable":true,"href":"https:\/\/temucotelevision.cl\/web\/wp-json\/wp\/v2\/media\/37623"}],"wp:attachment":[{"href":"https:\/\/temucotelevision.cl\/web\/wp-json\/wp\/v2\/media?parent=37622"}],"wp:term":[{"taxonomy":"category","embeddable":true,"href":"https:\/\/temucotelevision.cl\/web\/wp-json\/wp\/v2\/categories?post=37622"},{"taxonomy":"post_tag","embeddable":true,"href":"https:\/\/temucotelevision.cl\/web\/wp-json\/wp\/v2\/tags?post=37622"}],"curies":[{"name":"wp","href":"https:\/\/api.w.org\/{rel}","templated":true}]}}