{"id":37617,"date":"2022-12-31T19:15:48","date_gmt":"2022-12-31T22:15:48","guid":{"rendered":"https:\/\/temucotelevision.cl\/web\/?p=37617"},"modified":"2022-12-31T19:15:48","modified_gmt":"2022-12-31T22:15:48","slug":"en-la-zona-costera-de-la-araucania-sag-realiza-vigilancia-para-detectar-oportunamente-eventuales-casos-de-influenza-aviar","status":"publish","type":"post","link":"https:\/\/temucotelevision.cl\/web\/2022\/12\/31\/en-la-zona-costera-de-la-araucania-sag-realiza-vigilancia-para-detectar-oportunamente-eventuales-casos-de-influenza-aviar\/","title":{"rendered":"En la zona costera de La Araucan\u00eda: SAG realiza vigilancia para detectar oportunamente eventuales casos de influenza aviar"},"content":{"rendered":"<div class=\"pvc_clear\"><\/div><p id=\"pvc_stats_37617\" class=\"pvc_stats total_only  \" data-element-id=\"37617\" style=\"\"><i class=\"pvc-stats-icon large\" aria-hidden=\"true\"><svg aria-hidden=\"true\" focusable=\"false\" data-prefix=\"far\" data-icon=\"chart-bar\" role=\"img\" xmlns=\"http:\/\/www.w3.org\/2000\/svg\" viewBox=\"0 0 512 512\" class=\"svg-inline--fa fa-chart-bar fa-w-16 fa-2x\"><path fill=\"currentColor\" d=\"M396.8 352h22.4c6.4 0 12.8-6.4 12.8-12.8V108.8c0-6.4-6.4-12.8-12.8-12.8h-22.4c-6.4 0-12.8 6.4-12.8 12.8v230.4c0 6.4 6.4 12.8 12.8 12.8zm-192 0h22.4c6.4 0 12.8-6.4 12.8-12.8V140.8c0-6.4-6.4-12.8-12.8-12.8h-22.4c-6.4 0-12.8 6.4-12.8 12.8v198.4c0 6.4 6.4 12.8 12.8 12.8zm96 0h22.4c6.4 0 12.8-6.4 12.8-12.8V204.8c0-6.4-6.4-12.8-12.8-12.8h-22.4c-6.4 0-12.8 6.4-12.8 12.8v134.4c0 6.4 6.4 12.8 12.8 12.8zM496 400H48V80c0-8.84-7.16-16-16-16H16C7.16 64 0 71.16 0 80v336c0 17.67 14.33 32 32 32h464c8.84 0 16-7.16 16-16v-16c0-8.84-7.16-16-16-16zm-387.2-48h22.4c6.4 0 12.8-6.4 12.8-12.8v-70.4c0-6.4-6.4-12.8-12.8-12.8h-22.4c-6.4 0-12.8 6.4-12.8 12.8v70.4c0 6.4 6.4 12.8 12.8 12.8z\" class=\"\"><\/path><\/svg><\/i> <img loading=\"lazy\" decoding=\"async\" width=\"16\" height=\"16\" alt=\"Loading\" src=\"https:\/\/temucotelevision.cl\/web\/wp-content\/plugins\/page-views-count\/ajax-loader-2x.gif\" border=0 \/><\/p><div class=\"pvc_clear\"><\/div>\n<ul class=\"wp-block-list\"><li>Adem\u00e1s, se est\u00e1 trabajando para que productores\/as av\u00edcolas refuercen las medidas de bioseguridad.<\/li><\/ul>\n\n\n\n<p>Tras la detecci\u00f3n de casos de Influenza Aviar en distintos pa\u00edses del continente el SAG hace meses levant\u00f3 su sistema m\u00e1ximo de alerta reforzando la vigilancia sanitaria con m\u00faltiples actividades de muestreo adicional a lo establecido en periodos de normalidad. Gracias a esta alerta el Servicio pudo detectar en forma oportuna casos en aves silvestres en algunas regiones del norte del pa\u00eds, lo cual mantiene a la instituci\u00f3n trabajando en el marco de una emergencia sanitaria.&nbsp;<\/p>\n\n\n\n<p>El SAG en La Araucan\u00eda se encuentra realizando acciones preventivas, con especial foco en la capacitaci\u00f3n y preparaci\u00f3n permanente de sus profesionales para atender casos sospechosos de Influenza Aviar Altamente Pat\u00f3gena (IAAP). \u201cLa Unidad de Protecci\u00f3n Pecuaria ha reforzado los conocimientos en bioseguridad que se deben llevar a cabo en el caso de haber casos positivos de esta enfermedad en aves silvestres en la regi\u00f3n\u201d, detall\u00f3 el director regional (s) del SAG Araucan\u00eda Francisco Castillo.<\/p>\n\n\n\n<p>Por otra parte, inspectores del Servicio est\u00e1n monitoreando las \u00e1reas de riesgo desplegados por toda la zona costera de regi\u00f3n actualizando el catastro de las aves de traspatio y comunicando a los productores las medidas necesarias para mitigar el riesgo de ingreso de esta enfermedad, as\u00ed como la estrategia que est\u00e1 desarrollando el Servicio donde el apoyo de la comunidad es primordial con la denuncia al SAG de casos sospechosos de mortalidad y\/o cambio de conducta en las aves dom\u00e9sticas o aves silvestres.<\/p>\n\n\n\n<p>Nuestro llamado a la ciudadana es que \u201cante cualquier observaci\u00f3n de aves enfermas deben comunicarlo a los canales disponibles del SAG. Les pedimos no manipular aves enfermas o muertas que pudieran encontrarse en la zona costera\u201d, recalc\u00f3 Castillo.&nbsp;<\/p>\n\n\n\n<p>Adem\u00e1s, es importante que todos los productores\/as conozcan las medidas sanitarias para proteger a sus aves de corral y tomen&nbsp;medidas preventivas de bioseguridad como mantenerlas a resguardo en un lugar protegido, evitando el contacto con aves silvestres. Para ello es importante proteger el agua y los alimentos, ya que estos atraen a las aves silvestres. Adem\u00e1s, se deben limpiar y desinfectar las instalaciones de las aves en forma peri\u00f3dica.<\/p>\n\n\n\n<p>Al comprar aves nuevas, si son adultas, hay que mantenerlas separadas de sus aves de corral durante 21 d\u00edas; y controlar el ingreso de personas, utensilios, animales y veh\u00edculos a su gallinero. Tambi\u00e9n es vital lavarse las manos con agua y jab\u00f3n desinfectante despu\u00e9s de manipular a sus aves.<\/p>\n\n\n\n<p><strong>Los canales de contacto para realizar denuncias de aves enfermas o muertas ante el SAG son los siguientes:<\/strong><\/p>\n\n\n\n<p>1.- Acude o comun\u00edcate con la oficina local del SAG m\u00e1s cercana al lugar de detecci\u00f3n de las aves muertas o enfermas.<\/p>\n\n\n\n<p>2.- De lunes a viernes, entre las 9 y 18 horas, llama al call center del SAG al 2 2345 1100.<\/p>\n\n\n\n<p>3.- Correo electr\u00f3nico&nbsp;<a href=\"mailto:oficina.informaciones@sag.gob.cl\" target=\"_blank\" rel=\"noreferrer noopener\">oficina.informaciones@sag.gob.cl<\/a>&nbsp; o&nbsp;<a href=\"mailto:contacto.araucania@sag.gob.cl\" target=\"_blank\" rel=\"noreferrer noopener\">contacto.araucania@sag.gob.cl<\/a><\/p>\n\n\n\n<p>4.- Llama al n\u00famero +56 9 690 89 780, el cual funciona fuera de los horarios de oficina.<\/p>\n\n\n\n<p><strong>\u00bfQu\u00e9 es la influenza aviar?<\/strong>&nbsp;La&nbsp;<strong>influenza aviar&nbsp;<\/strong>es una enfermedad viral que afecta a diversas especies de aves, que presenta una distribuci\u00f3n mundial, especialmente este a\u00f1o con presencia en Europa, Asia y Norteam\u00e9rica, generado efectos muy perjudiciales en todo el sistema productivo av\u00edcola, tanto dom\u00e9stico (Agricultura Familiar Campesina) como industrial, y tambi\u00e9n en la fauna silvestre.<\/p>\n\n\n\n<p>M\u00e1s informaci\u00f3n:\u00a0<a rel=\"noreferrer noopener\" href=\"https:\/\/nam10.safelinks.protection.outlook.com\/?url=https%3A%2F%2Fwww.sag.gob.cl%2Fambitos-de-accion%2Finfluenza-aviar-ia&amp;data=05%7C01%7Cmarcela.cerda%40sag.gob.cl%7C0362cd1448e04c177a5808dae4ecbbf6%7C77ecda755864422aa5356ea67154029c%7C0%7C0%7C638074002659007173%7CUnknown%7CTWFpbGZsb3d8eyJWIjoiMC4wLjAwMDAiLCJQIjoiV2luMzIiLCJBTiI6Ik1haWwiLCJXVCI6Mn0%3D%7C3000%7C%7C%7C&amp;sdata=K5NYiE04Nzc6y3fujsmBVdbCcN5MtW91PBgVbrnTB24%3D&amp;reserved=0\" target=\"_blank\">https:\/\/www.sag.gob.cl\/ambitos-de-accion\/influenza-aviar-ia<\/a><\/p>\n\n\n\n<figure class=\"wp-block-image size-large\"><img loading=\"lazy\" decoding=\"async\" width=\"1024\" height=\"576\" src=\"https:\/\/temucotelevision.cl\/web\/wp-content\/uploads\/2022\/12\/IA-1-1024x576.jpg\" alt=\"\" class=\"wp-image-37620\" srcset=\"https:\/\/temucotelevision.cl\/web\/wp-content\/uploads\/2022\/12\/IA-1-1024x576.jpg 1024w, https:\/\/temucotelevision.cl\/web\/wp-content\/uploads\/2022\/12\/IA-1-768x432.jpg 768w, https:\/\/temucotelevision.cl\/web\/wp-content\/uploads\/2022\/12\/IA-1-1536x864.jpg 1536w, https:\/\/temucotelevision.cl\/web\/wp-content\/uploads\/2022\/12\/IA-1.jpg 1600w\" sizes=\"auto, (max-width: 1024px) 100vw, 1024px\" \/><\/figure>\n\n\n\n<figure class=\"wp-block-image size-large\"><img loading=\"lazy\" decoding=\"async\" width=\"1024\" height=\"576\" src=\"https:\/\/temucotelevision.cl\/web\/wp-content\/uploads\/2022\/12\/IA-2-1024x576.jpg\" alt=\"\" class=\"wp-image-37619\" srcset=\"https:\/\/temucotelevision.cl\/web\/wp-content\/uploads\/2022\/12\/IA-2-1024x576.jpg 1024w, https:\/\/temucotelevision.cl\/web\/wp-content\/uploads\/2022\/12\/IA-2-768x432.jpg 768w, https:\/\/temucotelevision.cl\/web\/wp-content\/uploads\/2022\/12\/IA-2-1536x864.jpg 1536w, https:\/\/temucotelevision.cl\/web\/wp-content\/uploads\/2022\/12\/IA-2.jpg 1600w\" sizes=\"auto, (max-width: 1024px) 100vw, 1024px\" \/><\/figure>\n","protected":false},"excerpt":{"rendered":"<div class=\"pvc_clear\"><\/div>\n<p id=\"pvc_stats_37617\" class=\"pvc_stats total_only  \" data-element-id=\"37617\" style=\"\"><i class=\"pvc-stats-icon large\" aria-hidden=\"true\"><svg aria-hidden=\"true\" focusable=\"false\" data-prefix=\"far\" data-icon=\"chart-bar\" role=\"img\" xmlns=\"http:\/\/www.w3.org\/2000\/svg\" viewBox=\"0 0 512 512\" class=\"svg-inline--fa fa-chart-bar fa-w-16 fa-2x\"><path fill=\"currentColor\" d=\"M396.8 352h22.4c6.4 0 12.8-6.4 12.8-12.8V108.8c0-6.4-6.4-12.8-12.8-12.8h-22.4c-6.4 0-12.8 6.4-12.8 12.8v230.4c0 6.4 6.4 12.8 12.8 12.8zm-192 0h22.4c6.4 0 12.8-6.4 12.8-12.8V140.8c0-6.4-6.4-12.8-12.8-12.8h-22.4c-6.4 0-12.8 6.4-12.8 12.8v198.4c0 6.4 6.4 12.8 12.8 12.8zm96 0h22.4c6.4 0 12.8-6.4 12.8-12.8V204.8c0-6.4-6.4-12.8-12.8-12.8h-22.4c-6.4 0-12.8 6.4-12.8 12.8v134.4c0 6.4 6.4 12.8 12.8 12.8zM496 400H48V80c0-8.84-7.16-16-16-16H16C7.16 64 0 71.16 0 80v336c0 17.67 14.33 32 32 32h464c8.84 0 16-7.16 16-16v-16c0-8.84-7.16-16-16-16zm-387.2-48h22.4c6.4 0 12.8-6.4 12.8-12.8v-70.4c0-6.4-6.4-12.8-12.8-12.8h-22.4c-6.4 0-12.8 6.4-12.8 12.8v70.4c0 6.4 6.4 12.8 12.8 12.8z\" class=\"\"><\/path><\/svg><\/i> <img loading=\"lazy\" decoding=\"async\" width=\"16\" height=\"16\" alt=\"Loading\" src=\"https:\/\/temucotelevision.cl\/web\/wp-content\/plugins\/page-views-count\/ajax-loader-2x.gif\" border=0 \/><\/p>\n<div class=\"pvc_clear\"><\/div>\n<p>Adem\u00e1s, se est\u00e1 trabajando para que productores\/as av\u00edcolas refuercen las medidas de bioseguridad. Tras la detecci\u00f3n de casos de Influenza<\/p>\n","protected":false},"author":1,"featured_media":37618,"comment_status":"open","ping_status":"open","sticky":false,"template":"","format":"standard","meta":{"colormag_page_container_layout":"default_layout","colormag_page_sidebar_layout":"default_layout","footnotes":""},"categories":[14],"tags":[6053,990,5331,6061],"class_list":["post-37617","post","type-post","status-publish","format-standard","has-post-thumbnail","hentry","category-temuco","tag-aviar","tag-influenza","tag-sag","tag-zona-costera"],"a3_pvc":{"activated":true,"total_views":48,"today_views":0},"_links":{"self":[{"href":"https:\/\/temucotelevision.cl\/web\/wp-json\/wp\/v2\/posts\/37617","targetHints":{"allow":["GET"]}}],"collection":[{"href":"https:\/\/temucotelevision.cl\/web\/wp-json\/wp\/v2\/posts"}],"about":[{"href":"https:\/\/temucotelevision.cl\/web\/wp-json\/wp\/v2\/types\/post"}],"author":[{"embeddable":true,"href":"https:\/\/temucotelevision.cl\/web\/wp-json\/wp\/v2\/users\/1"}],"replies":[{"embeddable":true,"href":"https:\/\/temucotelevision.cl\/web\/wp-json\/wp\/v2\/comments?post=37617"}],"version-history":[{"count":1,"href":"https:\/\/temucotelevision.cl\/web\/wp-json\/wp\/v2\/posts\/37617\/revisions"}],"predecessor-version":[{"id":37621,"href":"https:\/\/temucotelevision.cl\/web\/wp-json\/wp\/v2\/posts\/37617\/revisions\/37621"}],"wp:featuredmedia":[{"embeddable":true,"href":"https:\/\/temucotelevision.cl\/web\/wp-json\/wp\/v2\/media\/37618"}],"wp:attachment":[{"href":"https:\/\/temucotelevision.cl\/web\/wp-json\/wp\/v2\/media?parent=37617"}],"wp:term":[{"taxonomy":"category","embeddable":true,"href":"https:\/\/temucotelevision.cl\/web\/wp-json\/wp\/v2\/categories?post=37617"},{"taxonomy":"post_tag","embeddable":true,"href":"https:\/\/temucotelevision.cl\/web\/wp-json\/wp\/v2\/tags?post=37617"}],"curies":[{"name":"wp","href":"https:\/\/api.w.org\/{rel}","templated":true}]}}